{"id":113620,"date":"2025-12-11T12:53:08","date_gmt":"2025-12-11T12:53:08","guid":{"rendered":"https:\/\/www.europesays.com\/fi\/113620\/"},"modified":"2025-12-11T12:53:08","modified_gmt":"2025-12-11T12:53:08","slug":"jokerit-matias-rajaniemi-leikkaukseen-ilta-sanomat","status":"publish","type":"post","link":"https:\/\/www.europesays.com\/fi\/113620\/","title":{"rendered":"Jokerit: Matias Rajaniemi leikkaukseen &#8211; Ilta-Sanomat"},"content":{"rendered":"<p>Jokerien tuore hankinta joutuu leikkaukseen.<\/p>\n<p>Videotuomio: K\u00e4rp\u00e4t on umpisolmussaVideo: IS <\/p>\n<p class=\"article-body mb-nof-24 px-nof-16\">Helsingin Jokerien tuore puolustajahankinta <a class=\"article-personlink\" href=\"https:\/\/www.is.fi\/haku\/?query=Matias%20Rajaniemi\" rel=\"nofollow noopener\" target=\"_blank\">Matias Rajaniemi<\/a> on pitk\u00e4\u00e4n sivussa kaukaloista.<\/p>\n<p class=\"article-body mb-nof-24 px-nof-16\">Mestiksess\u00e4 pelaava seura tiedotti torstaina, ett\u00e4 Rajaniemi loukkaantui keskiviikon harjoituksissa. H\u00e4nen k\u00e4rsim\u00e4ns\u00e4 alaraajavamma vaatii leikkaushoitoa.<\/p>\n<p class=\"article-body mb-nof-24 px-nof-16\">23-vuotias Rajaniemi teki Jokerien kanssa loppukauden ja optiovuoden kattavan sopimuksen maanantaina. H\u00e4n ei ehtinyt pelata otteluakaan uudessa seurassaan ennen loukkaantumistaan.<\/p>\n<p class=\"article-body mb-nof-24 px-nof-16\">Lahden Pelicansin kasvatti Rajaniemi on pelannut urallaan yli 200 SM-liigaottelua. Pelicansin lis\u00e4ksi h\u00e4n on edustanut SaiPaa ja HIFK:ta.<\/p>\n<p class=\"article-body mb-nof-24 px-nof-16\">Viime kaudella Rajaniemi kiekkoili AHL:ss\u00e4 ja ECHL:ss\u00e4. Rajaniemi on voittanut urallaan alle 20-vuotiaiden MM-hopeaa ja MM-pronssia.<\/p>\n","protected":false},"excerpt":{"rendered":"Jokerien tuore hankinta joutuu leikkaukseen. Videotuomio: K\u00e4rp\u00e4t on umpisolmussaVideo: IS Helsingin Jokerien tuore puolustajahankinta Matias Rajaniemi on pitk\u00e4\u00e4n&hellip;\n","protected":false},"author":2,"featured_media":113621,"comment_status":"","ping_status":"","sticky":false,"template":"","format":"standard","meta":{"footnotes":""},"categories":[5],"tags":[22,23,26,27,33,31,30,17,34,24,25,28,29,15,18,21,32,19,20,16],"class_list":{"0":"post-113620","1":"post","2":"type-post","3":"status-publish","4":"format-standard","5":"has-post-thumbnail","7":"category-otsikot","8":"tag-breaking-news","9":"tag-breakingnews","10":"tag-featured-news","11":"tag-featurednews","12":"tag-fi","13":"tag-finland","14":"tag-finnish","15":"tag-headlines","16":"tag-ilta-sanomat","17":"tag-latest-news","18":"tag-latestnews","19":"tag-main-news","20":"tag-mainnews","21":"tag-news","22":"tag-otsikot","23":"tag-paauutiset","24":"tag-suomi","25":"tag-top-stories","26":"tag-topstories","27":"tag-uutiset"},"share_on_mastodon":{"url":"https:\/\/pubeurope.com\/@fi\/115701036054975265","error":""},"_links":{"self":[{"href":"https:\/\/www.europesays.com\/fi\/wp-json\/wp\/v2\/posts\/113620","targetHints":{"allow":["GET"]}}],"collection":[{"href":"https:\/\/www.europesays.com\/fi\/wp-json\/wp\/v2\/posts"}],"about":[{"href":"https:\/\/www.europesays.com\/fi\/wp-json\/wp\/v2\/types\/post"}],"author":[{"embeddable":true,"href":"https:\/\/www.europesays.com\/fi\/wp-json\/wp\/v2\/users\/2"}],"replies":[{"embeddable":true,"href":"https:\/\/www.europesays.com\/fi\/wp-json\/wp\/v2\/comments?post=113620"}],"version-history":[{"count":0,"href":"https:\/\/www.europesays.com\/fi\/wp-json\/wp\/v2\/posts\/113620\/revisions"}],"wp:featuredmedia":[{"embeddable":true,"href":"https:\/\/www.europesays.com\/fi\/wp-json\/wp\/v2\/media\/113621"}],"wp:attachment":[{"href":"https:\/\/www.europesays.com\/fi\/wp-json\/wp\/v2\/media?parent=113620"}],"wp:term":[{"taxonomy":"category","embeddable":true,"href":"https:\/\/www.europesays.com\/fi\/wp-json\/wp\/v2\/categories?post=113620"},{"taxonomy":"post_tag","embeddable":true,"href":"https:\/\/www.europesays.com\/fi\/wp-json\/wp\/v2\/tags?post=113620"}],"curies":[{"name":"wp","href":"https:\/\/api.w.org\/{rel}","templated":true}]}}