{"id":113632,"date":"2025-12-11T13:17:10","date_gmt":"2025-12-11T13:17:10","guid":{"rendered":"https:\/\/www.europesays.com\/fi\/113632\/"},"modified":"2025-12-11T13:17:10","modified_gmt":"2025-12-11T13:17:10","slug":"ammuskelu-oslossa-therese-johaug-paikalla","status":"publish","type":"post","link":"https:\/\/www.europesays.com\/fi\/113632\/","title":{"rendered":"Ammuskelu Oslossa \u2013 Therese Johaug paikalla"},"content":{"rendered":"<p>Therese Johaug oli kauppakeskuksessa maanantaina, kun nuori mies avasi tulen.<\/p>\n<p><img decoding=\"async\" class=\"image image-show image-preview\" src=\"https:\/\/www.europesays.com\/fi\/wp-content\/uploads\/2025\/12\/60e6704acf53bae209b8eb912579f854676dc7e2ac84e89623d9495caf63be72.jpg\" alt=\"\"\/><img decoding=\"async\" class=\"image image-show\" src=\"https:\/\/www.europesays.com\/fi\/wp-content\/uploads\/2025\/12\/1765459029_33_60e6704acf53bae209b8eb912579f854676dc7e2ac84e89623d9495caf63be72.jpg\" alt=\"\"\/><\/p>\n<p>Therese Johaug j\u00e4rkyttyi maanantaina. EPA\/AOP<\/p>\n<p class=\"paragraph\">Nuori aseistautunut mieshenkil\u00f6 hy\u00f6kk\u00e4si maanantaina ostoskeskukseen Oslossa ja avasi tulen.<\/p>\n<p class=\"paragraph\">Norjan hiihtolegenda <strong>Therese Johaug<\/strong> paljasti Johaug og Gukild -podcastissa olleensa ostoskeskuksessa, kun uhkaava tilanne tapahtui.<\/p>\n<p class=\"paragraph\">\u2013 Pelk\u00e4sin ihan saatanasti, Johaug sanoi norjalaisen <a href=\"https:\/\/www.tv2.no\/sport\/var-pa-kjopesenter-under-skytedrama-jeg-var-sa-redd\/18376096\/\" rel=\"noopener nofollow\" target=\"_blank\">TV2<\/a>:n mukaan.<\/p>\n<p class=\"paragraph\">Mies ampui laukauksensa kohti ostoskeskuksen kattoa. H\u00e4net pid\u00e4tettiin, eik\u00e4 kukaan loukkaantunut iskussa.<\/p>\n<p class=\"paragraph\">37-vuotias Johaug oli ostamassa uusia pohjallisia kenkiins\u00e4, kun r\u00e4iskint\u00e4 alkoi.<\/p>\n<p class=\"paragraph\">\u2013 Pys\u00e4k\u00f6in auton ja menin sis\u00e4\u00e4n. Yht\u00e4kki\u00e4 oli t\u00e4ysi kaaos ja paljon poliiseja. Ihmiset olivat todella, todella stressaantuneita, h\u00e4n kertoi.<\/p>\n<p class=\"paragraph\">Raskaana oleva Johaug istui odotushuoneessa kyynelten partaalla ja odotti. H\u00e4n kertoi ymm\u00e4rt\u00e4neens\u00e4 jossain kohtaa olevansa turvassa.<\/p>\n<p class=\"paragraph\">\u2013 He sulkivat koko klinikan ja ostoskeskus evakuoitiin. Se oli t\u00e4ytt\u00e4 kaaosta.<\/p>\n<p class=\"paragraph\">Johaugille tuli tilanteesta mieleen vuoden 2011 Ut\u00f8yan terrori-isku, jossa <strong>Anders Behring Breivik<\/strong> tappoi 77 ihmist\u00e4.<\/p>\n<p>Oslolaisessa kauppakeskuksessa tapahtui ik\u00e4v\u00e4 v\u00e4likohtaus. EPA \/ AOP<\/p>\n<p><a href=\"https:\/\/www.iltalehti.fi\/telkku\/?utm_source=iltalehti.fi&amp;utm_medium=almainternal&amp;utm_campaign=urheilu_artikkelibanneri&amp;utm_content=banner_612_a\" rel=\"nofollow noopener\" target=\"_blank\"><img decoding=\"async\" src=\"https:\/\/www.europesays.com\/fi\/wp-content\/uploads\/2025\/08\/7ef604e47d46ca174b7df4149bd3557dbde56a86d520f8e1b2125548b0a2e03a.png\" alt=\"TV-ohjelmat t\u00e4n\u00e4\u00e4n, TV-opas\"\/><\/a><\/p>\n","protected":false},"excerpt":{"rendered":"Therese Johaug oli kauppakeskuksessa maanantaina, kun nuori mies avasi tulen. Therese Johaug j\u00e4rkyttyi maanantaina. EPA\/AOP Nuori aseistautunut mieshenkil\u00f6&hellip;\n","protected":false},"author":2,"featured_media":113633,"comment_status":"","ping_status":"","sticky":false,"template":"","format":"standard","meta":{"footnotes":""},"categories":[14],"tags":[35,22,23,26,27,33,31,30,17,55,24,25,41,28,29,15,18,21,54,52,38,32,19,20,56,16,59,60,61],"class_list":{"0":"post-113632","1":"post","2":"type-post","3":"status-publish","4":"format-standard","5":"has-post-thumbnail","7":"category-ulkomaat","8":"tag-24h","9":"tag-breaking-news","10":"tag-breakingnews","11":"tag-featured-news","12":"tag-featurednews","13":"tag-fi","14":"tag-finland","15":"tag-finnish","16":"tag-headlines","17":"tag-lainvalvonta","18":"tag-latest-news","19":"tag-latestnews","20":"tag-liikunta-ja-urheilu","21":"tag-main-news","22":"tag-mainnews","23":"tag-news","24":"tag-otsikot","25":"tag-paauutiset","26":"tag-pelastuspalvelut","27":"tag-poliisi","28":"tag-rikos","29":"tag-suomi","30":"tag-top-stories","31":"tag-topstories","32":"tag-ulkomaat","33":"tag-uutiset","34":"tag-world","35":"tag-world-news","36":"tag-worldnews"},"share_on_mastodon":{"url":"https:\/\/pubeurope.com\/@fi\/115701130861245104","error":""},"_links":{"self":[{"href":"https:\/\/www.europesays.com\/fi\/wp-json\/wp\/v2\/posts\/113632","targetHints":{"allow":["GET"]}}],"collection":[{"href":"https:\/\/www.europesays.com\/fi\/wp-json\/wp\/v2\/posts"}],"about":[{"href":"https:\/\/www.europesays.com\/fi\/wp-json\/wp\/v2\/types\/post"}],"author":[{"embeddable":true,"href":"https:\/\/www.europesays.com\/fi\/wp-json\/wp\/v2\/users\/2"}],"replies":[{"embeddable":true,"href":"https:\/\/www.europesays.com\/fi\/wp-json\/wp\/v2\/comments?post=113632"}],"version-history":[{"count":0,"href":"https:\/\/www.europesays.com\/fi\/wp-json\/wp\/v2\/posts\/113632\/revisions"}],"wp:featuredmedia":[{"embeddable":true,"href":"https:\/\/www.europesays.com\/fi\/wp-json\/wp\/v2\/media\/113633"}],"wp:attachment":[{"href":"https:\/\/www.europesays.com\/fi\/wp-json\/wp\/v2\/media?parent=113632"}],"wp:term":[{"taxonomy":"category","embeddable":true,"href":"https:\/\/www.europesays.com\/fi\/wp-json\/wp\/v2\/categories?post=113632"},{"taxonomy":"post_tag","embeddable":true,"href":"https:\/\/www.europesays.com\/fi\/wp-json\/wp\/v2\/tags?post=113632"}],"curies":[{"name":"wp","href":"https:\/\/api.w.org\/{rel}","templated":true}]}}