{"id":113634,"date":"2025-12-11T13:18:07","date_gmt":"2025-12-11T13:18:07","guid":{"rendered":"https:\/\/www.europesays.com\/fi\/113634\/"},"modified":"2025-12-11T13:18:07","modified_gmt":"2025-12-11T13:18:07","slug":"raju-poliisioperaatio-jyvaskylassa-ihminen-revittiin-ulos-autosta","status":"publish","type":"post","link":"https:\/\/www.europesays.com\/fi\/113634\/","title":{"rendered":"Raju poliisioperaatio Jyv\u00e4skyl\u00e4ss\u00e4 \u2013 Ihminen revittiin ulos autosta"},"content":{"rendered":"<p>Poliisi kertoo tilanteesta toistaiseksi niukkasanaisesti.<\/p>\n<p class=\"paragraph\">Jyv\u00e4skyl\u00e4ss\u00e4 oli torstaina iltap\u00e4iv\u00e4ll\u00e4 takaa-ajo, johon osallistui useita poliisipartioita.<\/p>\n<p class=\"paragraph\">Takaa-ajo p\u00e4\u00e4ttyi Jyv\u00e4skyl\u00e4n keskustaan Keskikadulle noin kello 14. Tilannetta todistanut Iltalehden lukija kertoo, ett\u00e4 poliisit \u201dmotittivat\u201d auton liikennevaloihin molemmista suunnista.<\/p>\n<p class=\"paragraph\">Silminn\u00e4kij\u00e4n l\u00e4hett\u00e4m\u00e4st\u00e4 videosta n\u00e4kyy, kun poliisit repiv\u00e4t henkil\u00f6\u00e4 rajusti ulos henkil\u00f6autosta.<\/p>\n<p class=\"paragraph\">Sis\u00e4-Suomen poliisista kerrotaan Iltalehdelle, ett\u00e4 teht\u00e4v\u00e4 on yh\u00e4 kesken. Poliisin mukaan henkil\u00f6auton kuljettaja ei ollut totellut poliisin pys\u00e4htymisk\u00e4sky\u00e4.<\/p>\n<p class=\"paragraph\">Takaa-ajon yksityiskohdista ei ole toistaiseksi tietoa.<\/p>\n","protected":false},"excerpt":{"rendered":"Poliisi kertoo tilanteesta toistaiseksi niukkasanaisesti. Jyv\u00e4skyl\u00e4ss\u00e4 oli torstaina iltap\u00e4iv\u00e4ll\u00e4 takaa-ajo, johon osallistui useita poliisipartioita. Takaa-ajo p\u00e4\u00e4ttyi Jyv\u00e4skyl\u00e4n keskustaan&hellip;\n","protected":false},"author":2,"featured_media":113635,"comment_status":"","ping_status":"","sticky":false,"template":"","format":"standard","meta":{"footnotes":""},"categories":[12],"tags":[35,22,23,26,27,33,31,30,17,4132,55,24,25,121,28,29,15,18,21,54,32,128,19,20,16],"class_list":{"0":"post-113634","1":"post","2":"type-post","3":"status-publish","4":"format-standard","5":"has-post-thumbnail","7":"category-suomi","8":"tag-24h","9":"tag-breaking-news","10":"tag-breakingnews","11":"tag-featured-news","12":"tag-featurednews","13":"tag-fi","14":"tag-finland","15":"tag-finnish","16":"tag-headlines","17":"tag-iltapaivalehdet","18":"tag-lainvalvonta","19":"tag-latest-news","20":"tag-latestnews","21":"tag-liikenne-ja-kuljetus","22":"tag-main-news","23":"tag-mainnews","24":"tag-news","25":"tag-otsikot","26":"tag-paauutiset","27":"tag-pelastuspalvelut","28":"tag-suomi","29":"tag-tieliikenne","30":"tag-top-stories","31":"tag-topstories","32":"tag-uutiset"},"share_on_mastodon":{"url":"https:\/\/pubeurope.com\/@fi\/115701134442576280","error":""},"_links":{"self":[{"href":"https:\/\/www.europesays.com\/fi\/wp-json\/wp\/v2\/posts\/113634","targetHints":{"allow":["GET"]}}],"collection":[{"href":"https:\/\/www.europesays.com\/fi\/wp-json\/wp\/v2\/posts"}],"about":[{"href":"https:\/\/www.europesays.com\/fi\/wp-json\/wp\/v2\/types\/post"}],"author":[{"embeddable":true,"href":"https:\/\/www.europesays.com\/fi\/wp-json\/wp\/v2\/users\/2"}],"replies":[{"embeddable":true,"href":"https:\/\/www.europesays.com\/fi\/wp-json\/wp\/v2\/comments?post=113634"}],"version-history":[{"count":0,"href":"https:\/\/www.europesays.com\/fi\/wp-json\/wp\/v2\/posts\/113634\/revisions"}],"wp:featuredmedia":[{"embeddable":true,"href":"https:\/\/www.europesays.com\/fi\/wp-json\/wp\/v2\/media\/113635"}],"wp:attachment":[{"href":"https:\/\/www.europesays.com\/fi\/wp-json\/wp\/v2\/media?parent=113634"}],"wp:term":[{"taxonomy":"category","embeddable":true,"href":"https:\/\/www.europesays.com\/fi\/wp-json\/wp\/v2\/categories?post=113634"},{"taxonomy":"post_tag","embeddable":true,"href":"https:\/\/www.europesays.com\/fi\/wp-json\/wp\/v2\/tags?post=113634"}],"curies":[{"name":"wp","href":"https:\/\/api.w.org\/{rel}","templated":true}]}}