{"id":113638,"date":"2025-12-11T13:31:14","date_gmt":"2025-12-11T13:31:14","guid":{"rendered":"https:\/\/www.europesays.com\/fi\/113638\/"},"modified":"2025-12-11T13:31:14","modified_gmt":"2025-12-11T13:31:14","slug":"hyva-etta-michael-monroe-havisi","status":"publish","type":"post","link":"https:\/\/www.europesays.com\/fi\/113638\/","title":{"rendered":"Hyv\u00e4, ett\u00e4 Michael Monroe h\u00e4visi"},"content":{"rendered":"<p><a href=\"https:\/\/www.iltalehti.fi\/kirjoittajat\/Joonas Alanne\" class=\"article-description-pov-author\" rel=\"nofollow noopener\" target=\"_blank\"><\/p>\n<p>Joonas Alanne<\/p>\n<p><img decoding=\"async\" class=\"author-image\" src=\"https:\/\/www.europesays.com\/fi\/wp-content\/uploads\/2025\/09\/447bc84124e8c37fe8add0db850cf687be1e20e644d00f15269ad984c1036aad.png\" alt=\"\"\/><\/a><\/p>\n<p>Mik\u00e4li k\u00e4r\u00e4j\u00e4oikeus olisi hyv\u00e4ksynyt kanteen, sill\u00e4 olisi voinut olla kauaskantoisia vaikutuksia, kirjoittaa Iltalehden rikos- ja oikeustoimittaja Joonas Alanne.<\/p>\n<p>T\u00e4n\u00e4\u00e4n klo 15:00<\/p>\n<p><img decoding=\"async\" class=\"image image-show image-preview\" src=\"https:\/\/www.europesays.com\/fi\/wp-content\/uploads\/2025\/12\/d3337f8828376adeec7ba83a7b8e8cad9c6afac0f0624752391ccd0b9f63d3ff.jpg\" alt=\"\"\/><img decoding=\"async\" class=\"image image-show\" src=\"https:\/\/www.europesays.com\/fi\/wp-content\/uploads\/2025\/12\/1765459874_554_d3337f8828376adeec7ba83a7b8e8cad9c6afac0f0624752391ccd0b9f63d3ff.jpg\" alt=\"\"\/><\/p>\n<p>Michael Monroen raivari k\u00e4r\u00e4j\u00e4salissa ei auttanut asiaa. Henri K\u00e4rkk\u00e4inen<\/p>\n<p class=\"paragraph\">Helsingin k\u00e4r\u00e4j\u00e4oikeus hylk\u00e4si <a href=\"https:\/\/www.iltalehti.fi\/henkilot\/Michael Monroe\" class=\"article-link-person-page\" rel=\"nofollow noopener\" target=\"_blank\">Michael Monroen<\/a> riita-asiassa tekem\u00e4n kanteen keskiviikkona. Hyv\u00e4 niin.<\/p>\n<p class=\"paragraph\">Monroe vei Love U Mean It eli Lumi-tuotantoyhti\u00f6n oikeuteen Monroen el\u00e4m\u00e4\u00e4 k\u00e4sittelev\u00e4n dokumenttielokuvan vuoksi. Dokumentti julkaistiin Elisa Viihde -suoratoistopalvelussa, josta se vedettiin \u00e4kisti pois.<\/p>\n<p class=\"paragraph\">Oikeudessa rokkari j\u00e4rjesti kohtauksen, jota voisi kuvailla itkupotkuraivariksi. H\u00e4n huusi, heristi sormeaan ja liikuttui liki kyyneliin puhuessaan tapahtumista.<\/p>\n<p class=\"paragraph\">Tuotantoyhti\u00f6 uskoi tehneens\u00e4 kaikkensa tyydytt\u00e4\u00e4kseen diivailevan rock-t\u00e4hden vaatimukset. Ohjaaja <strong>Saku-Petteri Perinn\u00f6n<\/strong> <a href=\"https:\/\/www.iltalehti.fi\/viihdeuutiset\/fce8bd32-eb1f-4f5c-9269-12f8c184d75c\" rel=\"nofollow noopener\" target=\"_blank\">mukaan<\/a> dokumentista tehtiin useita versioita, joista viimeisimp\u00e4\u00e4nkin tehtiin 20 muutosehdotusta. Lopulta Monroe ei suostunut edes katsomaan elokuvaa.<\/p>\n<p class=\"paragraph\">Mik\u00e4li k\u00e4r\u00e4j\u00e4oikeus olisi hyv\u00e4ksynyt kanteen, kaikkien tuotantoon osallistuneiden panos olisi valunut hukkaan. Tuotantoyhti\u00f6 vastasi kaikista dokumentin tuotantokustannuksista eik\u00e4 se olisi saanut sijoituksensa vastineeksi mit\u00e4\u00e4n. Kyse on v\u00e4hint\u00e4\u00e4nkin useista kymmenist\u00e4 tuhansista euroista.<\/p>\n<p class=\"paragraph\">Ei sen n\u00e4in pid\u00e4 menn\u00e4.<\/p>\n<p class=\"paragraph\">Dokumenttien kohteilla on usein sopimuksissaan pyk\u00e4li\u00e4, jotka antavat heille luvan valikoida materiaalia. On kuitenkin poikkeuksellista, ett\u00e4 dokumentin kohteella olisi oikeus p\u00e4\u00e4tt\u00e4\u00e4 sen julkaisemisesta, jos h\u00e4n ei ole itse sen rahoittaja.<\/p>\n<p class=\"paragraph\">Yksi esimerkki t\u00e4llaisesta poikkeuksellisesta vallank\u00e4ytt\u00e4j\u00e4st\u00e4 on koripallot\u00e4hti <a href=\"https:\/\/www.iltalehti.fi\/henkilot\/Michael Jordan\" class=\"article-link-person-page\" rel=\"nofollow noopener\" target=\"_blank\">Michael Jordan<\/a>.<\/p>\n<p class=\"paragraph\">Jordan suostui p\u00e4\u00e4st\u00e4m\u00e4\u00e4n dokumenttiryhm\u00e4n seuraamaan kulissien takana viimeist\u00e4 kauttaan Chicago Bullsissa muun muassa siksi, ett\u00e4 h\u00e4nelle annettiin aikanaan poikkeuksellinen <a href=\"https:\/\/www.cbssports.com\/nba\/news\/michael-jordan-agreed-to-the-last-dance-documentary-thanks-to-lebron-james-allen-iverson-adam-silver\/\" target=\"_blank\" rel=\"noopener nofollow\">veto-oikeus<\/a> est\u00e4\u00e4 materiaalin julkaiseminen.<\/p>\n<p class=\"paragraph\">T\u00e4st\u00e4 syyst\u00e4 filmimateriaali lojui varastossa yli 20 vuotta, ennen kuin se n\u00e4ki p\u00e4iv\u00e4nvalon. Materiaalia k\u00e4ytettiin muun muassa Netflixiss\u00e4 julkaistussa Last Dance -dokumenttisarjassa, joka menestyi korona-aikana eritt\u00e4in hyvin.<\/p>\n<p class=\"paragraph\">On sanomattakin selv\u00e4\u00e4, ettei Michael Monroe ole Michael Jordan.<\/p>\n<p class=\"paragraph\">Sopimuksen mukaan Monroella oli oikeus hyv\u00e4ksy\u00e4 materiaali ja lopullisesta leikkauksesta p\u00e4\u00e4tett\u00e4isiin artistin kanssa yhdess\u00e4. Hanoi Rocks -rokkari katsoi, ett\u00e4 h\u00e4nell\u00e4 oli my\u00f6s oikeus est\u00e4\u00e4 valmiin dokumenttielokuvan julkaisu.<\/p>\n<p class=\"paragraph\">K\u00e4r\u00e4j\u00e4oikeuden mukaan sopimus ei antanut Monroelle t\u00e4llaista valtaa. Oikeus ei pit\u00e4nyt kohtuullisena, ett\u00e4 Monroe voisi est\u00e4\u00e4 elokuvan julkaisun tilanteessa, jossa tuotantoyhti\u00f6 kantaa kaikki taloudelliset riskit.<\/p>\n<p class=\"paragraph\">Elokuva-alalla lopputulokseen ollaan varmasti tyytyv\u00e4isi\u00e4. Kanteen hyv\u00e4ksyminen olisi vaikuttanut kaikkiin tuleviin dokumentteihin, joissa kuvataan tunnettujen ihmisten el\u00e4m\u00e4\u00e4.<\/p>\n<p class=\"paragraph\">K\u00e4r\u00e4j\u00e4oikeuden ratkaisu on j\u00e4rkev\u00e4. Olisi ollut t\u00e4ysin kohtuutonta elokuvantekij\u00f6it\u00e4 kohtaan, ett\u00e4 kaiken tehdyn ty\u00f6n j\u00e4lkeen artisti voisi vain p\u00e4\u00e4tt\u00e4\u00e4, ettei mit\u00e4\u00e4n julkaista, kun t\u00e4st\u00e4 ei ole selke\u00e4sti erikseen sovittu.<\/p>\n<p class=\"paragraph\">Hyv\u00e4, ett\u00e4 j\u00e4rki \u2013 ainakin toistaiseksi \u2013 voitti. Ratkaisuun voi edelleen hakea muutosta hovioikeudesta.<\/p>\n","protected":false},"excerpt":{"rendered":"Joonas Alanne Mik\u00e4li k\u00e4r\u00e4j\u00e4oikeus olisi hyv\u00e4ksynyt kanteen, sill\u00e4 olisi voinut olla kauaskantoisia vaikutuksia, kirjoittaa Iltalehden rikos- ja oikeustoimittaja&hellip;\n","protected":false},"author":2,"featured_media":113639,"comment_status":"","ping_status":"","sticky":false,"template":"","format":"standard","meta":{"footnotes":""},"categories":[136],"tags":[35,138,407,137,33,31,30,408,47,141,976,32,484,109],"class_list":{"0":"post-113638","1":"post","2":"type-post","3":"status-publish","4":"format-standard","5":"has-post-thumbnail","7":"category-julkkikset","8":"tag-24h","9":"tag-audio","10":"tag-celebrities","11":"tag-entertainment","12":"tag-fi","13":"tag-finland","14":"tag-finnish","15":"tag-julkkikset","16":"tag-musiikki","17":"tag-muusikot-bandit","18":"tag-oikeusprosessit","19":"tag-suomi","20":"tag-taiteellinen-ilmaisu-ja-mediat","21":"tag-viihde"},"share_on_mastodon":{"url":"https:\/\/pubeurope.com\/@fi\/115701185796878949","error":""},"_links":{"self":[{"href":"https:\/\/www.europesays.com\/fi\/wp-json\/wp\/v2\/posts\/113638","targetHints":{"allow":["GET"]}}],"collection":[{"href":"https:\/\/www.europesays.com\/fi\/wp-json\/wp\/v2\/posts"}],"about":[{"href":"https:\/\/www.europesays.com\/fi\/wp-json\/wp\/v2\/types\/post"}],"author":[{"embeddable":true,"href":"https:\/\/www.europesays.com\/fi\/wp-json\/wp\/v2\/users\/2"}],"replies":[{"embeddable":true,"href":"https:\/\/www.europesays.com\/fi\/wp-json\/wp\/v2\/comments?post=113638"}],"version-history":[{"count":0,"href":"https:\/\/www.europesays.com\/fi\/wp-json\/wp\/v2\/posts\/113638\/revisions"}],"wp:featuredmedia":[{"embeddable":true,"href":"https:\/\/www.europesays.com\/fi\/wp-json\/wp\/v2\/media\/113639"}],"wp:attachment":[{"href":"https:\/\/www.europesays.com\/fi\/wp-json\/wp\/v2\/media?parent=113638"}],"wp:term":[{"taxonomy":"category","embeddable":true,"href":"https:\/\/www.europesays.com\/fi\/wp-json\/wp\/v2\/categories?post=113638"},{"taxonomy":"post_tag","embeddable":true,"href":"https:\/\/www.europesays.com\/fi\/wp-json\/wp\/v2\/tags?post=113638"}],"curies":[{"name":"wp","href":"https:\/\/api.w.org\/{rel}","templated":true}]}}