{"id":113652,"date":"2025-12-11T13:44:08","date_gmt":"2025-12-11T13:44:08","guid":{"rendered":"https:\/\/www.europesays.com\/fi\/113652\/"},"modified":"2025-12-11T13:44:08","modified_gmt":"2025-12-11T13:44:08","slug":"konalan-epailty-tappo-tehtiin-haulikolla-ainakin-yhta-esitetaan-vangittavaksi","status":"publish","type":"post","link":"https:\/\/www.europesays.com\/fi\/113652\/","title":{"rendered":"Konalan ep\u00e4ilty tappo tehtiin haulikolla, ainakin yht\u00e4 esitet\u00e4\u00e4n vangittavaksi"},"content":{"rendered":"<p>Rikosep\u00e4ilyt|Poliisi k\u00e4ytti ep\u00e4iltyjen kiinniotossa asetta.<\/p>\n<p class=\"article-body mb-nof-24 px-nof-16\">Poliisilla on viisi ihmist\u00e4 kiinniotettuna ep\u00e4iltyn\u00e4 osallisuudesta Helsingin Konalassa tiistaina tapahtuneeseen henkirikokseen. Ainakin yht\u00e4 ihmist\u00e4 esitet\u00e4\u00e4n vangittavaksi perjantaina, Helsingin poliisilaitos kertoo tiedotteessaan.<\/p>\n<p class=\"article-body mb-nof-24 px-nof-16\">Poliisi sai h\u00e4lytysteht\u00e4v\u00e4n Konalan Kolsarintielle tiistaina kello 04.48. Poliisi l\u00f6ysi asunnosta miehen, joka kuoli my\u00f6hemmin saamiinsa vammoihin. My\u00f6s toinen mies kuljetettiin paikalta sairaalaan, mutta h\u00e4n on sittemmin p\u00e4\u00e4ssyt sairaalasta pois.<\/p>\n<p class=\"article-body mb-nof-24 px-nof-16\">\u201dPoliisi tutkii tapausta tappona, tapon yrityksen\u00e4, ampuma-aserikoksena ja huumausainerikoksena. Ep\u00e4iltyn\u00e4 tekov\u00e4lineen\u00e4 on ollut haulikko, ja ep\u00e4iltyjen hallusta l\u00f6ytyi my\u00f6s huumausaineita. Ep\u00e4iltyin\u00e4 osallisuudesta tekoon on kaksi naista ja kolme miest\u00e4, kaikki i\u00e4lt\u00e4\u00e4n noin 30-vuotiaita. Poliisi esitt\u00e4\u00e4 ainakin yht\u00e4 ep\u00e4illyist\u00e4 vangittavaksi perjantaina\u201d, sanoo tiedotteessa tutkinnanjohtaja, rikoskomisario <a class=\"article-personlink\" href=\"https:\/\/www.hs.fi\/haku\/?query=Tuomas%20Lindholm\" rel=\"nofollow noopener\" target=\"_blank\">Tuomas Lindholm<\/a>.<\/p>\n<p class=\"article-body mb-nof-24 px-nof-16\">Henkil\u00f6t pakenivat aseistautuneina paikalta autolla. Poliisi sai lyhyen takaa-ajon p\u00e4\u00e4tteeksi henkil\u00f6t kiinni Palokujalta Vantaalta. Poliisi k\u00e4ytti ampuma-asetta auton pys\u00e4ytt\u00e4miseksi.<\/p>\n<p class=\"article-body mb-nof-24 px-nof-16\">Valtakunnansyytt\u00e4j\u00e4nvirasto tutkii aina poliisin aseenk\u00e4yt\u00f6n lainmukaisuuden, joten poliisin aseenk\u00e4yt\u00f6n osalta tiedottamisesta vastaa syytt\u00e4j\u00e4. Tutkinnan t\u00e4ss\u00e4 vaiheessa syytt\u00e4j\u00e4ll\u00e4 ei ole asiasta enemp\u00e4\u00e4 tiedotettavaa.<\/p>\n","protected":false},"excerpt":{"rendered":"Rikosep\u00e4ilyt|Poliisi k\u00e4ytti ep\u00e4iltyjen kiinniotossa asetta. Poliisilla on viisi ihmist\u00e4 kiinniotettuna ep\u00e4iltyn\u00e4 osallisuudesta Helsingin Konalassa tiistaina tapahtuneeseen henkirikokseen. Ainakin&hellip;\n","protected":false},"author":2,"featured_media":113653,"comment_status":"","ping_status":"","sticky":false,"template":"","format":"standard","meta":{"footnotes":""},"categories":[12],"tags":[22,23,26,27,33,31,30,17,46,24,25,28,29,15,18,21,32,19,20,16],"class_list":{"0":"post-113652","1":"post","2":"type-post","3":"status-publish","4":"format-standard","5":"has-post-thumbnail","7":"category-suomi","8":"tag-breaking-news","9":"tag-breakingnews","10":"tag-featured-news","11":"tag-featurednews","12":"tag-fi","13":"tag-finland","14":"tag-finnish","15":"tag-headlines","16":"tag-helsingin-sanomat","17":"tag-latest-news","18":"tag-latestnews","19":"tag-main-news","20":"tag-mainnews","21":"tag-news","22":"tag-otsikot","23":"tag-paauutiset","24":"tag-suomi","25":"tag-top-stories","26":"tag-topstories","27":"tag-uutiset"},"share_on_mastodon":{"url":"https:\/\/pubeurope.com\/@fi\/115701236694469869","error":""},"_links":{"self":[{"href":"https:\/\/www.europesays.com\/fi\/wp-json\/wp\/v2\/posts\/113652","targetHints":{"allow":["GET"]}}],"collection":[{"href":"https:\/\/www.europesays.com\/fi\/wp-json\/wp\/v2\/posts"}],"about":[{"href":"https:\/\/www.europesays.com\/fi\/wp-json\/wp\/v2\/types\/post"}],"author":[{"embeddable":true,"href":"https:\/\/www.europesays.com\/fi\/wp-json\/wp\/v2\/users\/2"}],"replies":[{"embeddable":true,"href":"https:\/\/www.europesays.com\/fi\/wp-json\/wp\/v2\/comments?post=113652"}],"version-history":[{"count":0,"href":"https:\/\/www.europesays.com\/fi\/wp-json\/wp\/v2\/posts\/113652\/revisions"}],"wp:featuredmedia":[{"embeddable":true,"href":"https:\/\/www.europesays.com\/fi\/wp-json\/wp\/v2\/media\/113653"}],"wp:attachment":[{"href":"https:\/\/www.europesays.com\/fi\/wp-json\/wp\/v2\/media?parent=113652"}],"wp:term":[{"taxonomy":"category","embeddable":true,"href":"https:\/\/www.europesays.com\/fi\/wp-json\/wp\/v2\/categories?post=113652"},{"taxonomy":"post_tag","embeddable":true,"href":"https:\/\/www.europesays.com\/fi\/wp-json\/wp\/v2\/tags?post=113652"}],"curies":[{"name":"wp","href":"https:\/\/api.w.org\/{rel}","templated":true}]}}