{"id":113656,"date":"2025-12-11T13:57:10","date_gmt":"2025-12-11T13:57:10","guid":{"rendered":"https:\/\/www.europesays.com\/fi\/113656\/"},"modified":"2025-12-11T13:57:10","modified_gmt":"2025-12-11T13:57:10","slug":"sharon-osbourne-nama-olivat-ozzyn-viimeiset-sanat-ja-hetket","status":"publish","type":"post","link":"https:\/\/www.europesays.com\/fi\/113656\/","title":{"rendered":"Sharon Osbourne: n\u00e4m\u00e4 olivat Ozzyn viimeiset sanat ja hetket"},"content":{"rendered":"<p>\n            Sharon and Ozzy Osbourne at the MTV EMA EMA s Awards 2014 held at the The Hydro in Glasgow, Scotland &#8211; 09 November 2014 HB00141 Copyright: x FAMOUSx OZZY OSBOURNE DIES AT 76 129<br \/>\n            imago sport \/ AOP\n        <\/p>\n<p class=\"subtitle \">Sharon kertoo ensimm\u00e4ist\u00e4 kertaa julkisesti Ozzyn kuolemasta.<\/p>\n<p class=\"article-content article-content-width !bg-background\"> kertoo ensimm\u00e4ist\u00e4 kertaa koskettavia yksityiskohtia miehens\u00e4, , kuolemasta.<\/p>\n<p class=\"font-weight-bold m-font-weight-bold article-content article-content-width !bg-background\">Katso video \u2013 Jack Osbourne osoitti huolensa Sharonin voinnista:<\/p>\n<p class=\"article-content article-content-width !bg-background\"><a href=\"https:\/\/www.youtube.com\/watch?v=aaLMsEJKZEQ\" target=\"_blank\" rel=\"nofollow noopener\">Piers Morgan Uncensored <\/a>-ohjelman haastattelussa Sharon avaa ensimm\u00e4ist\u00e4 kertaa hetke\u00e4, jolloin h\u00e4n tajusi miehens\u00e4 menehtyneen. Black Sabbath -yhtyeen nokkamies kuoli 76-vuotiaana hein\u00e4kuussa.<\/p>\n<p>Koskettavat viimeiset sanat<\/p>\n<p class=\"article-content article-content-width !bg-background\">Sharon kuvailee yst\u00e4v\u00e4lleen Piersille kuoliny\u00f6n tapahtumia kertomalla, ett\u00e4 Ozzy ravasi vessassa pitkin y\u00f6t\u00e4. Noin puoli viiden aikaan h\u00e4n pyysi Sharonia her\u00e4\u00e4m\u00e4\u00e4n, mihin Sharon vastasi olevansa jo hereill\u00e4, sill\u00e4 mies oli her\u00e4tt\u00e4nyt h\u00e4net.<\/p>\n<p class=\"article-content article-content-width !bg-background\">Ozzy sanoi vaimolleen:<\/p>\n<p class=\"article-content article-content-width !bg-background\">\u2013 Suutele minua. Halaa minua tiukasti.<\/p>\n<p class=\"article-content article-content-width !bg-background\">N\u00e4m\u00e4 j\u00e4iv\u00e4t rocklegendan viimeisiksi sanoiksi. Ozzy\u00a0kuoli vain 20 minuuttia my\u00f6hemmin perheen kodissa Buckinghamshiress\u00e4.<\/p>\n<p>        <a itemprop=\"url\" href=\"https:\/\/www.seiska.fi\/ulkomaat\/sharon-ja-kelly-osbourne-edustivat-punaisella-matolla-huoli-herasi-kuvat\/2005586\" rel=\"nofollow noopener\" target=\"_blank\"><\/p>\n<p>\nTuoreet kuvat\n<\/p>\n<p class=\"section-date\">\n        <strong class=\"article-section\" data-section=\"ulkomaat\"><br \/>\n            ulkomaat<br \/>\n        <\/strong><br \/>\n        27.11. 20:15\n    <\/p>\n<p>Sharon ja Kelly Osbourne edustivat punaisella matolla: huoli her\u00e4si \u2013 kuvat\n    <\/p>\n<p itemprop=\"description\" class=\"subtitle \">\n    \u00c4iti ja tyt\u00e4r esiintyiv\u00e4t ensimm\u00e4ist\u00e4 kertaa julkisesti Ozzyn kuoleman j\u00e4lkeen.\n<\/p>\n<p>        <\/a><\/p>\n<p class=\"article-content article-content-width !bg-background\">Sharonin mukaan Ozzy oli lukuisista sairauksistaan huolimatta tottunut kuntoilemaan varhain aamuisin. Niin my\u00f6s kuolinp\u00e4iv\u00e4ns\u00e4 aamuna h\u00e4n oli her\u00e4tty\u00e4\u00e4n suunnannut kotinsa alakerrassa sijaitsevalle kuntosalille.<\/p>\n<p class=\"article-content article-content-width !bg-background\">Hetke\u00e4 my\u00f6hemmin Sharon kuuli huutoa, rynt\u00e4si paikalle ja l\u00f6ysi Ozzyn menehtyneen\u00e4 kuntosalilta. N\u00e4hdess\u00e4\u00e4n miehens\u00e4 elottomana Sharon alkoi huutaa lohduttomasti.<\/p>\n<p class=\"article-content article-content-width !bg-background\">\u2013 He yrittiv\u00e4t elvytt\u00e4\u00e4 h\u00e4nt\u00e4, ja min\u00e4 sanoin, ett\u00e4 \u00e4lk\u00e4\u00e4 \u2013 j\u00e4tt\u00e4k\u00e4\u00e4 h\u00e4net. H\u00e4n on poissa. Tiesin heti, ett\u00e4 h\u00e4n oli menehtynyt, Sharon kertoo.<\/p>\n<p>        <a itemprop=\"url\" href=\"https:\/\/www.seiska.fi\/ulkomaat\/osbourneille-ilouutinen\/2014436\" rel=\"nofollow noopener\" target=\"_blank\"><\/p>\n<p>\nOsbournet\n<\/p>\n<p class=\"section-date\">\n        <strong class=\"article-section\" data-section=\"ulkomaat\"><br \/>\n            ulkomaat<br \/>\n        <\/strong><br \/>\n        8.12. 18:00\n    <\/p>\n<p>Osbourneille ilouutinen\n    <\/p>\n<p itemprop=\"description\" class=\"subtitle \">\n    Rocklegenda Ozzy Osbournen kuolema toi h\u00e4nen perheelleen suuren surun hein\u00e4kuussa.\n<\/p>\n<p>        <\/a><\/p>\n<p class=\"article-content article-content-width !bg-background\">Ozzy kuljetettiin helikopterilla sairaalaan, mutta mit\u00e4\u00e4n ei ollut en\u00e4\u00e4 teht\u00e4viss\u00e4. Rocklegenda menehtyi syd\u00e4nkohtaukseen.<\/p>\n<p>Aavistuksia kuolemasta<\/p>\n<p class=\"article-content article-content-width !bg-background\">Sharon kertoo Ozzyn n\u00e4hneen viimeisell\u00e4 viikollaan outoja unia.<\/p>\n<p class=\"article-content article-content-width !bg-background\">\u2013 H\u00e4n sanoi n\u00e4kev\u00e4ns\u00e4 joka y\u00f6 ihmisi\u00e4, joita h\u00e4n ei tuntenut. H\u00e4n vain k\u00e4veli ja k\u00e4veli, ja ihmiset katsoivat h\u00e4nt\u00e4 mutta eiv\u00e4t puhuneet. H\u00e4n tiesi. H\u00e4n oli valmis, murtunut Sharon kertoo.<\/p>\n<p>        <a itemprop=\"url\" href=\"https:\/\/www.seiska.fi\/ulkomaat\/ozzy-osbournen-jack-poika-paljastaa-totuuden-isastaan\/1998255\" rel=\"nofollow noopener\" target=\"_blank\"><\/p>\n<p>\nOzzyn Jack-poika\n<\/p>\n<p class=\"section-date\">\n        <strong class=\"article-section\" data-section=\"ulkomaat\"><br \/>\n            ulkomaat<br \/>\n        <\/strong><br \/>\n        20.11. 15:31\n    <\/p>\n<p>Ozzy Osbournen Jack-poika paljastaa totuuden is\u00e4st\u00e4\u00e4n\n    <\/p>\n<p itemprop=\"description\" class=\"subtitle \">\n    Ozzy j\u00e4rkytti 1980-luvulla puremalla p\u00e4\u00e4t poikki niin kyyhkyselt\u00e4 kuin lepakoltakin.\n<\/p>\n<p>        <\/a><\/p>\n<p class=\"article-content article-content-width !bg-background\">Sharonin mukaan Ozzy tiesi t\u00e4ysin, ett\u00e4 h\u00e4nen loppunsa l\u00e4hestyi, kun h\u00e4n esiintyi viimeisen kerran Birminghamin Villa Parkilla 5. hein\u00e4kuuta. H\u00e4n kuoli noin kaksi viikkoa my\u00f6hemmin.<\/p>\n<p class=\"article-content article-content-width !bg-background\">L\u00e4\u00e4k\u00e4rit varoittivat, ett\u00e4 jos Ozzy\u00a0tekisi kyseisen keikan, h\u00e4n ei selvi\u00e4isi siit\u00e4.\u00a0Konsertti teki Ozzysta suunnattoman onnellisen.<\/p>\n<p class=\"article-content article-content-width !bg-background\">\u2013 En tiennyt, ett\u00e4 niin moni ihminen pit\u00e4\u00e4 minusta, Ozzy totesi vaimolleen.\u00a0Sharonin mukaan Ozzy oli kaksi viikkoa keikan j\u00e4lkeen onnellisempi kuin moneen vuoteen.<\/p>\n<p class=\"article-content article-content-width !bg-background\">Sharon kertoo, ett\u00e4 h\u00e4nen ja Ozzyn lapset ,  ja  ovat olleet korvaamaton tuki h\u00e4nen surunsa keskell\u00e4.<\/p>\n<p class=\"article-content article-content-width !bg-background\">Osbournen perhe on saanut lohtua valtavasta my\u00f6t\u00e4tunnon m\u00e4\u00e4r\u00e4st\u00e4 \u2013 surunvalitteluja on tullut muun muassa presidentti  ja kuningas .<\/p>\n<p>                <img decoding=\"async\" src=\"https:\/\/www.europesays.com\/fi\/wp-content\/uploads\/2025\/12\/2018660.webp\" width=\"576\" height=\"322\" alt=\"Ozzy ja Sharon avioituivat vuonna 1982.\" loading=\"lazy\" \/>            <\/p>\n<p>\n            Ozzy ja Sharon avioituivat vuonna 1982.<br \/>\n            imago sport \/ AOP\n        <\/p>\n","protected":false},"excerpt":{"rendered":"Sharon and Ozzy Osbourne at the MTV EMA EMA s Awards 2014 held at the The Hydro in&hellip;\n","protected":false},"author":2,"featured_media":113657,"comment_status":"","ping_status":"","sticky":false,"template":"","format":"standard","meta":{"footnotes":""},"categories":[136],"tags":[12410,407,137,33,31,30,408,683,13197,98,14467,32,109],"class_list":{"0":"post-113656","1":"post","2":"type-post","3":"status-publish","4":"format-standard","5":"has-post-thumbnail","7":"category-julkkikset","8":"tag-black-sabbath","9":"tag-celebrities","10":"tag-entertainment","11":"tag-fi","12":"tag-finland","13":"tag-finnish","14":"tag-julkkikset","15":"tag-kuolema","16":"tag-ozzy-osbourne","17":"tag-perhe","18":"tag-sharon-osbourne","19":"tag-suomi","20":"tag-viihde"},"share_on_mastodon":{"url":"https:\/\/pubeurope.com\/@fi\/115701287851594335","error":""},"_links":{"self":[{"href":"https:\/\/www.europesays.com\/fi\/wp-json\/wp\/v2\/posts\/113656","targetHints":{"allow":["GET"]}}],"collection":[{"href":"https:\/\/www.europesays.com\/fi\/wp-json\/wp\/v2\/posts"}],"about":[{"href":"https:\/\/www.europesays.com\/fi\/wp-json\/wp\/v2\/types\/post"}],"author":[{"embeddable":true,"href":"https:\/\/www.europesays.com\/fi\/wp-json\/wp\/v2\/users\/2"}],"replies":[{"embeddable":true,"href":"https:\/\/www.europesays.com\/fi\/wp-json\/wp\/v2\/comments?post=113656"}],"version-history":[{"count":0,"href":"https:\/\/www.europesays.com\/fi\/wp-json\/wp\/v2\/posts\/113656\/revisions"}],"wp:featuredmedia":[{"embeddable":true,"href":"https:\/\/www.europesays.com\/fi\/wp-json\/wp\/v2\/media\/113657"}],"wp:attachment":[{"href":"https:\/\/www.europesays.com\/fi\/wp-json\/wp\/v2\/media?parent=113656"}],"wp:term":[{"taxonomy":"category","embeddable":true,"href":"https:\/\/www.europesays.com\/fi\/wp-json\/wp\/v2\/categories?post=113656"},{"taxonomy":"post_tag","embeddable":true,"href":"https:\/\/www.europesays.com\/fi\/wp-json\/wp\/v2\/tags?post=113656"}],"curies":[{"name":"wp","href":"https:\/\/api.w.org\/{rel}","templated":true}]}}