{"id":113664,"date":"2025-12-11T14:09:11","date_gmt":"2025-12-11T14:09:11","guid":{"rendered":"https:\/\/www.europesays.com\/fi\/113664\/"},"modified":"2025-12-11T14:09:11","modified_gmt":"2025-12-11T14:09:11","slug":"naton-rutte-varoittaa-me-olemme-venajan-seuraava-kohde-ja-olemme-jo-alttiita-vaaralle","status":"publish","type":"post","link":"https:\/\/www.europesays.com\/fi\/113664\/","title":{"rendered":"Naton Rutte varoittaa: \u201dMe olemme Ven\u00e4j\u00e4n seuraava kohde ja olemme jo alttiita vaaralle\u201d"},"content":{"rendered":"<p>Turvallisuus|Naton p\u00e4\u00e4sihteeri Mark Rutte kiersi kysymykset Yhdysvaltojen uudesta turvallisuusstrategiasta.<\/p>\n<p>Lue tiivistelm\u00e4<\/p>\n<p>Tiivistelm\u00e4 on teko\u00e4lyn tekem\u00e4 ja ihmisen tarkistama.<\/p>\n<p class=\"article-body mb-nof-24 px-nof-16 sndp-summary-bullet-point-font\">Naton p\u00e4\u00e4sihteeri Mark Rutte varoitti torstaina Berliiniss\u00e4, ett\u00e4 Eurooppa on Ven\u00e4j\u00e4n seuraava kohde ja jo nyt vaarassa.<\/p>\n<p class=\"article-body mb-nof-24 px-nof-16 sndp-summary-bullet-point-font\">Rutte vaati puolustusmenojen ja teollisuuden tuotannon nopeaa kasvattamista sek\u00e4 Ukrainan tukemista.<\/p>\n<p class=\"article-body mb-nof-24 px-nof-16 sndp-summary-bullet-point-font\">P\u00e4\u00e4sihteeri muistutti Ven\u00e4j\u00e4n sabotaaseista Euroopassa ja ilmatilaloukkauksista Puolassa, Romaniassa ja Virossa.<\/p>\n<p class=\"article-body mb-nof-24 px-nof-16 sndp-summary-bullet-point-font\">Rutte kiersi kysymykset Yhdysvaltojen uudesta turvallisuusstrategiasta, jossa Ven\u00e4j\u00e4\u00e4 ei nimet\u00e4 uhaksi.<\/p>\n<p class=\"article-body mb-nof-24 px-nof-16\">Naton p\u00e4\u00e4sihteeri<a class=\"article-personlink\" href=\"https:\/\/www.hs.fi\/haku\/?query=%20Mark%20Rutte\" rel=\"nofollow noopener\" target=\"_blank\"> Mark Rutte<\/a> varoittaa Euroopan maiden olevan vaarassa ja vaatii, ett\u00e4 puolustukseen on nyt sijoitettava nopeasti.<\/p>\n<p class=\"article-body mb-nof-24 px-nof-16\">\u201dMe olemme Ven\u00e4j\u00e4n seuraava kohde ja olemme jo alttiita vaaralle\u201d, Rutte sanoi torstaina puhuessaan Berliiniss\u00e4 M\u00fcnchenin turvallisuuskonferenssin tapahtumassa.<\/p>\n<p class=\"article-body mb-nof-24 px-nof-16\">H\u00e4n muistutti, ett\u00e4 maat ovat sitoutuneet puolustuspanostusten kasvattamiseen viime kes\u00e4n\u00e4 Haagin huippukokouksessa ja totesi, ett\u00e4 nyt ei ole silti aika onnitella itse\u00e4\u00e4n.<\/p>\n<p class=\"article-body mb-nof-24 px-nof-16\">\u201dPelk\u00e4\u00e4n, ett\u00e4 liian moni on hiljaisen tyytyv\u00e4inen. Liian moni ei tunne kiireellisyytt\u00e4, ja liian moni uskoo, ett\u00e4 aika on puolellamme. Ei ole. Toiminnan aika on nyt.\u201d<\/p>\n<p class=\"article-body mb-nof-24 px-nof-16\">Puolustusmenoja ja teollisuuden tuotantoa on kasvatettava nopeasti, jotta asevoimilla on, mit\u00e4 ne tarvitsevat, Rutte vaati. Lis\u00e4ksi Ukrainaa on tuettava.<\/p>\n<p class=\"article-body mb-nof-24 px-nof-16\">Rutten puhe oli retorisesti kovasanainen ja se keskittyi Ven\u00e4j\u00e4\u00e4n ja osin my\u00f6s sen sotatoimia avustavaan Kiinaan.<\/p>\n<p class=\"article-body mb-nof-24 px-nof-16\">P\u00e4\u00e4sihteeri totesi muun muassa, ett\u00e4 \u201dsorron pime\u00e4t voivat ovat j\u00e4lleen liikkeell\u00e4.\u201d<\/p>\n<p class=\"article-body mb-nof-24 px-nof-16\">Puheen pyrkimyksen\u00e4 vaikutti olevan viesti\u00e4 Euroopan maille sit\u00e4, ett\u00e4 vaikka Ukrainaan saataisiin rauha, Ven\u00e4j\u00e4 on edelleen uhka.<\/p>\n<p class=\"article-body mb-nof-24 px-nof-16\">Rutte muistutti muun muassa Ven\u00e4j\u00e4n sodassa k\u00e4rsimist\u00e4 tappioista: Yli miljoona sotilasta sitten sodan alun ja 1200 kuollutta tai haavoittunutta p\u00e4iv\u00e4ss\u00e4 yksin t\u00e4n\u00e4 vuonna.<\/p>\n<p class=\"article-body mb-nof-24 px-nof-16\">\u201d[Ven\u00e4j\u00e4n presidentti <a class=\"article-personlink\" href=\"https:\/\/www.hs.fi\/haku\/?query=Vladimir\" rel=\"nofollow noopener\" target=\"_blank\">Vladimir<\/a>] <a class=\"article-personlink\" href=\"https:\/\/www.hs.fi\/haku\/?query=Putin\" rel=\"nofollow noopener\" target=\"_blank\">Putin<\/a> maksaa ylpeydest\u00e4\u00e4n oman kansansa verell\u00e4. Ja jos h\u00e4n on valmis uhraamaan tavallisia ven\u00e4l\u00e4isi\u00e4 p\u00e4ivitt\u00e4in t\u00e4ll\u00e4 tavalla, mit\u00e4 h\u00e4n on valmis tekem\u00e4\u00e4n meille?\u201d Rutte kysyi.<\/p>\n<p class=\"article-body mb-nof-24 px-nof-16\">Rutte nosti esiin sen, ett\u00e4 Ven\u00e4j\u00e4n sabotaasien kohteet Euroopassa eiv\u00e4t en\u00e4\u00e4 ulotu vain kriittiseen infrastruktuuriin tai sotilaallisiin kohteisiin. Iskuja on kohdistettu my\u00f6s kaupallisiin varastoihin ja r\u00e4j\u00e4hteit\u00e4 on piilotettu paketteihin, h\u00e4n sanoi. Puolassa tutkitaan sabotaasia rautateill\u00e4.<\/p>\n<p class=\"article-body mb-nof-24 px-nof-16\">Rutte muistutti my\u00f6s ilmatilaloukkauksista niin Puolassa, Romaniassa kuin Virossakin. H\u00e4n sanoi, ett\u00e4 vastaavat tapaukset vaarantavat henki\u00e4 ja lis\u00e4\u00e4v\u00e4t eskalaation riski\u00e4.<\/p>\n<p class=\"article-body mb-nof-24 px-nof-16\">Naton vastaus Ven\u00e4j\u00e4n provokaatioihin on ollut rauhallinen ja oikeassa suhteessa, Rutte sanoi.<\/p>\n<p class=\"article-body mb-nof-24 px-nof-16\">\u201cMutta meid\u00e4n on oltava valmiita lis\u00e4eskalaatioon ja yhteenottoon.\u201d<\/p>\n<p class=\"article-body mb-nof-24 px-nof-16\">Rutte ei puheessaan viitannut lainkaan transatlanttisiin suhteisiin, jotka ovat Yhdysvaltojen presidentin <a class=\"article-personlink\" href=\"https:\/\/www.hs.fi\/haku\/?query=Donald%20Trumpin\" rel=\"nofollow noopener\" target=\"_blank\">Donald Trumpin<\/a> toisella kaudella olleet turbulentit.<\/p>\n<p class=\"article-body mb-nof-24 px-nof-16\">Puheen j\u00e4lkeen h\u00e4nelt\u00e4 kysyttiin esimerkiksi Yhdysvaltojen uudesta kansallisen turvallisuuden strategiasta.<\/p>\n<p class=\"article-body mb-nof-24 px-nof-16\">Siin\u00e4 Ven\u00e4j\u00e4\u00e4 ei nimet\u00e4 uhaksi tai k\u00e4sitell\u00e4 sellaisena. Pikemminkin kritiikki kohdistuu Eurooppaan. Nato kuitenkin on m\u00e4\u00e4ritellyt Ven\u00e4j\u00e4n sen suurimmaksi uhaksi yhdess\u00e4 terrorismin kanssa.<\/p>\n<p class=\"article-body mb-nof-24 px-nof-16\">Ruttelta kysyttiin ristiriidasta ja onko h\u00e4n keskustellut strategiasta ja sen Ven\u00e4j\u00e4-n\u00e4kemyksist\u00e4 Trumpin kanssa.<\/p>\n<p class=\"article-body mb-nof-24 px-nof-16\">P\u00e4\u00e4sihteeri ei varsinaisesti vastannut kysymykseen. H\u00e4n puhui muun muassa siit\u00e4, ett\u00e4 Yhdysvallat on Natossa omien turvallisuusintressiens\u00e4 takia ja ett\u00e4 se on sitoutunut Euroopan turvallisuuteen ja Naton turvallisuuteen.<\/p>\n<p class=\"article-body mb-nof-24 px-nof-16\">Aiemmin p\u00e4iv\u00e4ll\u00e4 Rutte piti yhteisen tiedotustilaisuuden Saksan liittokanslerin <a class=\"article-personlink\" href=\"https:\/\/www.hs.fi\/haku\/?query=Firedrich%20Merzin\" rel=\"nofollow noopener\" target=\"_blank\">Firedrich Merzin <\/a>kanssa. Ruttelta kysyttiin n\u00e4kemyst\u00e4 Yhdysvaltojen turvallisuusstrategian kohdasta, jossa todetaan, ett\u00e4 Naton ikuinen laajeneminen tulisi est\u00e4\u00e4.<\/p>\n<p class=\"article-body mb-nof-24 px-nof-16\">Rutte kiersi t\u00e4m\u00e4nkin kysymyksen puhumalla siit\u00e4, miten Nato-maat nyt sijoittavat aiempaa enemm\u00e4n puolustukseensa ja kuinka Yhdysvallat on sitoutunut Natoon.<\/p>\n","protected":false},"excerpt":{"rendered":"Turvallisuus|Naton p\u00e4\u00e4sihteeri Mark Rutte kiersi kysymykset Yhdysvaltojen uudesta turvallisuusstrategiasta. Lue tiivistelm\u00e4 Tiivistelm\u00e4 on teko\u00e4lyn tekem\u00e4 ja ihmisen tarkistama.&hellip;\n","protected":false},"author":2,"featured_media":113665,"comment_status":"","ping_status":"","sticky":false,"template":"","format":"standard","meta":{"footnotes":""},"categories":[14],"tags":[22,23,26,27,33,31,30,17,46,24,25,28,29,15,18,21,32,19,20,56,16,59,60,61],"class_list":{"0":"post-113664","1":"post","2":"type-post","3":"status-publish","4":"format-standard","5":"has-post-thumbnail","7":"category-ulkomaat","8":"tag-breaking-news","9":"tag-breakingnews","10":"tag-featured-news","11":"tag-featurednews","12":"tag-fi","13":"tag-finland","14":"tag-finnish","15":"tag-headlines","16":"tag-helsingin-sanomat","17":"tag-latest-news","18":"tag-latestnews","19":"tag-main-news","20":"tag-mainnews","21":"tag-news","22":"tag-otsikot","23":"tag-paauutiset","24":"tag-suomi","25":"tag-top-stories","26":"tag-topstories","27":"tag-ulkomaat","28":"tag-uutiset","29":"tag-world","30":"tag-world-news","31":"tag-worldnews"},"share_on_mastodon":{"url":"https:\/\/pubeurope.com\/@fi\/115701334888105573","error":""},"_links":{"self":[{"href":"https:\/\/www.europesays.com\/fi\/wp-json\/wp\/v2\/posts\/113664","targetHints":{"allow":["GET"]}}],"collection":[{"href":"https:\/\/www.europesays.com\/fi\/wp-json\/wp\/v2\/posts"}],"about":[{"href":"https:\/\/www.europesays.com\/fi\/wp-json\/wp\/v2\/types\/post"}],"author":[{"embeddable":true,"href":"https:\/\/www.europesays.com\/fi\/wp-json\/wp\/v2\/users\/2"}],"replies":[{"embeddable":true,"href":"https:\/\/www.europesays.com\/fi\/wp-json\/wp\/v2\/comments?post=113664"}],"version-history":[{"count":0,"href":"https:\/\/www.europesays.com\/fi\/wp-json\/wp\/v2\/posts\/113664\/revisions"}],"wp:featuredmedia":[{"embeddable":true,"href":"https:\/\/www.europesays.com\/fi\/wp-json\/wp\/v2\/media\/113665"}],"wp:attachment":[{"href":"https:\/\/www.europesays.com\/fi\/wp-json\/wp\/v2\/media?parent=113664"}],"wp:term":[{"taxonomy":"category","embeddable":true,"href":"https:\/\/www.europesays.com\/fi\/wp-json\/wp\/v2\/categories?post=113664"},{"taxonomy":"post_tag","embeddable":true,"href":"https:\/\/www.europesays.com\/fi\/wp-json\/wp\/v2\/tags?post=113664"}],"curies":[{"name":"wp","href":"https:\/\/api.w.org\/{rel}","templated":true}]}}