{"id":113666,"date":"2025-12-11T14:10:08","date_gmt":"2025-12-11T14:10:08","guid":{"rendered":"https:\/\/www.europesays.com\/fi\/113666\/"},"modified":"2025-12-11T14:10:08","modified_gmt":"2025-12-11T14:10:08","slug":"esihenkilo-tuomittiin-tyoaikalain-rikkomisesta-ilta-sanomat","status":"publish","type":"post","link":"https:\/\/www.europesays.com\/fi\/113666\/","title":{"rendered":"Esihenkil\u00f6 tuomittiin ty\u00f6aikalain rikkomisesta &#8211; Ilta-Sanomat"},"content":{"rendered":"<p>Ty\u00f6ntekij\u00e4n ty\u00f6aika ylittyi toistuvasti yli kymmenell\u00e4 tunnilla viikossa.<\/p>\n<p class=\"article-body mb-nof-24 px-nof-16\">Helsingin k\u00e4r\u00e4j\u00e4oikeus tuomitsi tilintarkastusyrityksen IT-tiimin esihenkil\u00f6n ty\u00f6aikalain rikkomisesta.<\/p>\n<p class=\"article-body mb-nof-24 px-nof-16\">Tuomion mukaan ty\u00f6ntekij\u00e4n viikkoty\u00f6aika oli kahdella eri tarkastelujaksolla keskim\u00e4\u00e4rin 59,39 tuntia ja 60,17 tuntia, vaikka lain sallima enimm\u00e4isty\u00f6aika on 48 tuntia. Ty\u00f6ntekij\u00e4 teki siis nelj\u00e4n kuukauden jaksoilla keskim\u00e4\u00e4rin noin 11\u201312 tuntia t\u00f6it\u00e4 yli sallitun enimm\u00e4ism\u00e4\u00e4r\u00e4n.<\/p>\n<p class=\"article-body mb-nof-24 px-nof-16\">K\u00e4r\u00e4j\u00e4oikeudessa selvitettiin, kuuluiko esihenkil\u00f6n teht\u00e4viin ja velvollisuuksiin seurata alaisensa ty\u00f6aikaa ja puuttua sen ylittymiseen. Oikeus katsoi, ett\u00e4 esihenkil\u00f6ll\u00e4 oli velvollisuus tuntea ty\u00f6aikalain sis\u00e4lt\u00f6 ja toimia sen mukaisesti, vaikka t\u00e4m\u00e4 kertoi, ettei henkil\u00f6st\u00f6hallinto ollut ohjeistanut h\u00e4nt\u00e4 ty\u00f6ajan enimm\u00e4ism\u00e4\u00e4r\u00e4n seurantaan.<\/p>\n<p class=\"article-body mb-nof-24 px-nof-16\">Esihenkil\u00f6 sai viikoittain alaisensa ty\u00f6aikaraportit, ja lis\u00e4ksi HR-yksikk\u00f6 toimitti nelj\u00e4n kuukauden v\u00e4lein raportin, josta ilmeniv\u00e4t liukuvan ty\u00f6ajan ylitykset.<\/p>\n<p class=\"article-body mb-nof-24 px-nof-16\">Oikeus katsoi, ett\u00e4 esihenkil\u00f6n olisi asemansa perusteella tullut perehty\u00e4 ty\u00f6aikaa koskeviin s\u00e4\u00e4nn\u00f6ksiin ja huolehtia niiden noudattamisesta.<\/p>\n<p class=\"article-body mb-nof-24 px-nof-16\">Esihenkil\u00f6lle ei kuitenkaan m\u00e4\u00e4r\u00e4tty rangaistusta, sill\u00e4 t\u00e4m\u00e4n katsottiin toimineen enimmill\u00e4\u00e4n huolimattomasti. Lis\u00e4ksi henkil\u00f6st\u00f6hallinnon ohjeistuksen katsottiin olevan puutteellinen ja ty\u00f6ntekij\u00e4 itse halusi tehd\u00e4 paljon t\u00f6it\u00e4.<\/p>\n<p class=\"article-body mb-nof-24 px-nof-16\">Esihenkil\u00f6 my\u00f6s ryhtyi aktiivisiin toimiin ylitysten havaitsemisen j\u00e4lkeen.<\/p>\n<p class=\"article-body mb-nof-24 px-nof-16\">Ty\u00f6suojelun juristi <a class=\"article-personlink\" href=\"https:\/\/www.is.fi\/haku\/?query=Anna-Lotta%20Castr%C3%A9n\" rel=\"nofollow noopener\" target=\"_blank\">Anna-Lotta Castr\u00e9n<\/a> Etel\u00e4-Suomen aluehallintovirastosta muistuttaa, ett\u00e4 ty\u00f6nantajan vastuulla on huolehtia ty\u00f6ntekij\u00f6idens\u00e4 enimm\u00e4isty\u00f6ajan seurannasta.<\/p>\n<p class=\"article-body mb-nof-24 px-nof-16\">\u2013 Tapaus osoittaa, ett\u00e4 esihenkil\u00f6tasolla on kyett\u00e4v\u00e4 ymm\u00e4rt\u00e4m\u00e4\u00e4n ty\u00f6aikalain ajantasainen sis\u00e4lt\u00f6, eik\u00e4 tiet\u00e4m\u00e4tt\u00f6myys vapauta vastuusta, Castr\u00e9n sanoo.<\/p>\n","protected":false},"excerpt":{"rendered":"Ty\u00f6ntekij\u00e4n ty\u00f6aika ylittyi toistuvasti yli kymmenell\u00e4 tunnilla viikossa. Helsingin k\u00e4r\u00e4j\u00e4oikeus tuomitsi tilintarkastusyrityksen IT-tiimin esihenkil\u00f6n ty\u00f6aikalain rikkomisesta. Tuomion mukaan&hellip;\n","protected":false},"author":2,"featured_media":113667,"comment_status":"","ping_status":"","sticky":false,"template":"","format":"standard","meta":{"footnotes":""},"categories":[12],"tags":[22,23,26,27,33,31,30,17,34,24,25,28,29,15,18,21,32,19,20,16],"class_list":{"0":"post-113666","1":"post","2":"type-post","3":"status-publish","4":"format-standard","5":"has-post-thumbnail","7":"category-suomi","8":"tag-breaking-news","9":"tag-breakingnews","10":"tag-featured-news","11":"tag-featurednews","12":"tag-fi","13":"tag-finland","14":"tag-finnish","15":"tag-headlines","16":"tag-ilta-sanomat","17":"tag-latest-news","18":"tag-latestnews","19":"tag-main-news","20":"tag-mainnews","21":"tag-news","22":"tag-otsikot","23":"tag-paauutiset","24":"tag-suomi","25":"tag-top-stories","26":"tag-topstories","27":"tag-uutiset"},"share_on_mastodon":{"url":"https:\/\/pubeurope.com\/@fi\/115701339017900008","error":""},"_links":{"self":[{"href":"https:\/\/www.europesays.com\/fi\/wp-json\/wp\/v2\/posts\/113666","targetHints":{"allow":["GET"]}}],"collection":[{"href":"https:\/\/www.europesays.com\/fi\/wp-json\/wp\/v2\/posts"}],"about":[{"href":"https:\/\/www.europesays.com\/fi\/wp-json\/wp\/v2\/types\/post"}],"author":[{"embeddable":true,"href":"https:\/\/www.europesays.com\/fi\/wp-json\/wp\/v2\/users\/2"}],"replies":[{"embeddable":true,"href":"https:\/\/www.europesays.com\/fi\/wp-json\/wp\/v2\/comments?post=113666"}],"version-history":[{"count":0,"href":"https:\/\/www.europesays.com\/fi\/wp-json\/wp\/v2\/posts\/113666\/revisions"}],"wp:featuredmedia":[{"embeddable":true,"href":"https:\/\/www.europesays.com\/fi\/wp-json\/wp\/v2\/media\/113667"}],"wp:attachment":[{"href":"https:\/\/www.europesays.com\/fi\/wp-json\/wp\/v2\/media?parent=113666"}],"wp:term":[{"taxonomy":"category","embeddable":true,"href":"https:\/\/www.europesays.com\/fi\/wp-json\/wp\/v2\/categories?post=113666"},{"taxonomy":"post_tag","embeddable":true,"href":"https:\/\/www.europesays.com\/fi\/wp-json\/wp\/v2\/tags?post=113666"}],"curies":[{"name":"wp","href":"https:\/\/api.w.org\/{rel}","templated":true}]}}