{"id":113668,"date":"2025-12-11T14:11:07","date_gmt":"2025-12-11T14:11:07","guid":{"rendered":"https:\/\/www.europesays.com\/fi\/113668\/"},"modified":"2025-12-11T14:11:07","modified_gmt":"2025-12-11T14:11:07","slug":"amanda-saari-sairastuneena-sivuun-davosin-maailmancupista","status":"publish","type":"post","link":"https:\/\/www.europesays.com\/fi\/113668\/","title":{"rendered":"Amanda Saari sairastuneena sivuun Davosin maailmancupista"},"content":{"rendered":"<p><strong class=\"typography-bold\">Suomalaishiiht\u00e4j\u00e4 Amanda Saari ei osallistu sairastuneena Davosin maailmancupiin.<\/strong><\/p>\n<p>Hiihtoliitto tiedottaa Amanda Saaren sairastuneen. H\u00e4n on jo matkustanut Davosista takaisin kotiin eik\u00e4 hiihd\u00e4 viikonloppuna kilpaa maailmancupissa.<\/p>\n<p><a class=\"underline\" data-testid=\"internal-link\" role=\"link\" data-sentry-element=\"Link\" data-sentry-component=\"InternalLink\" data-sentry-source-file=\"InternalLink.tsx\" href=\"https:\/\/www.mtvuutiset.fi\/artikkeli\/krista-parmakoskelle-karu-takaisku-kotimatka-alkaa-ennen-aikojaan\/9267798\" rel=\"nofollow noopener\" target=\"_blank\">Koronavirustartunnan saanut <strong class=\"typography-bold\">Krista P\u00e4rm\u00e4koski<\/strong> joutui my\u00f6s vet\u00e4ytym\u00e4\u00e4n Davosista.<\/a>\u00a0<\/p>\n<p>Amanda Saari debytoi viime kaudella aikuisten arvokisoissa hiihdetty\u00e4\u00e4n Trondheimin MM-kilpailuissa.<\/p>\n<p>Saari on hiiht\u00e4nyt t\u00e4ll\u00e4 kaudella perinteisen sprinteiss\u00e4 17:nneksi sek\u00e4 Rukan ett\u00e4 Trondheimin maailmancupissa. H\u00e4n lukeutuu Suomen potentiaalisiin olympiahiiht\u00e4jiin Milano-Cortinassa helmikuussa.<\/p>\n","protected":false},"excerpt":{"rendered":"Suomalaishiiht\u00e4j\u00e4 Amanda Saari ei osallistu sairastuneena Davosin maailmancupiin. Hiihtoliitto tiedottaa Amanda Saaren sairastuneen. H\u00e4n on jo matkustanut Davosista&hellip;\n","protected":false},"author":2,"featured_media":113669,"comment_status":"","ping_status":"","sticky":false,"template":"","format":"standard","meta":{"footnotes":""},"categories":[5],"tags":[22,23,26,27,33,31,30,17,24,25,28,29,15,18,21,32,19,20,16],"class_list":{"0":"post-113668","1":"post","2":"type-post","3":"status-publish","4":"format-standard","5":"has-post-thumbnail","7":"category-otsikot","8":"tag-breaking-news","9":"tag-breakingnews","10":"tag-featured-news","11":"tag-featurednews","12":"tag-fi","13":"tag-finland","14":"tag-finnish","15":"tag-headlines","16":"tag-latest-news","17":"tag-latestnews","18":"tag-main-news","19":"tag-mainnews","20":"tag-news","21":"tag-otsikot","22":"tag-paauutiset","23":"tag-suomi","24":"tag-top-stories","25":"tag-topstories","26":"tag-uutiset"},"share_on_mastodon":{"url":"https:\/\/pubeurope.com\/@fi\/115701342747285824","error":""},"_links":{"self":[{"href":"https:\/\/www.europesays.com\/fi\/wp-json\/wp\/v2\/posts\/113668","targetHints":{"allow":["GET"]}}],"collection":[{"href":"https:\/\/www.europesays.com\/fi\/wp-json\/wp\/v2\/posts"}],"about":[{"href":"https:\/\/www.europesays.com\/fi\/wp-json\/wp\/v2\/types\/post"}],"author":[{"embeddable":true,"href":"https:\/\/www.europesays.com\/fi\/wp-json\/wp\/v2\/users\/2"}],"replies":[{"embeddable":true,"href":"https:\/\/www.europesays.com\/fi\/wp-json\/wp\/v2\/comments?post=113668"}],"version-history":[{"count":0,"href":"https:\/\/www.europesays.com\/fi\/wp-json\/wp\/v2\/posts\/113668\/revisions"}],"wp:featuredmedia":[{"embeddable":true,"href":"https:\/\/www.europesays.com\/fi\/wp-json\/wp\/v2\/media\/113669"}],"wp:attachment":[{"href":"https:\/\/www.europesays.com\/fi\/wp-json\/wp\/v2\/media?parent=113668"}],"wp:term":[{"taxonomy":"category","embeddable":true,"href":"https:\/\/www.europesays.com\/fi\/wp-json\/wp\/v2\/categories?post=113668"},{"taxonomy":"post_tag","embeddable":true,"href":"https:\/\/www.europesays.com\/fi\/wp-json\/wp\/v2\/tags?post=113668"}],"curies":[{"name":"wp","href":"https:\/\/api.w.org\/{rel}","templated":true}]}}