{"id":113670,"date":"2025-12-11T14:23:09","date_gmt":"2025-12-11T14:23:09","guid":{"rendered":"https:\/\/www.europesays.com\/fi\/113670\/"},"modified":"2025-12-11T14:23:09","modified_gmt":"2025-12-11T14:23:09","slug":"alma-hatonen-teki-radikaalin-muutoksen-arkeensa-hurjat-vieroitusoireet","status":"publish","type":"post","link":"https:\/\/www.europesays.com\/fi\/113670\/","title":{"rendered":"Alma H\u00e4t\u00f6nen teki radikaalin muutoksen arkeensa \u2013 hurjat vieroitusoireet"},"content":{"rendered":"<p>\n            20230213, Helsinki. Kuutamolla -ohjelman ja Kuokkavieras Katajan mediap\u00e4iv\u00e4. Kuvassa Alma H\u00e4t\u00f6nen.<br \/>\n            TIMO KORHONEN\n        <\/p>\n<p class=\"subtitle \">Juontajakaunotar kertoo hurjista oireistaan.<\/p>\n<p class=\"article-content article-content-width !bg-background\">Juontaja  muutti syksyll\u00e4 puolisonsa, n\u00e4yttelij\u00e4 , kanssa Roomaan.<\/p>\n<p class=\"font-weight-bold m-font-weight-bold article-content article-content-width !bg-background\">Katso arkistovideo \u2013 Matkavahti: Alma ja Jaakko Roomassa:<\/p>\n<p>J\u00e4tti ty\u00f6t \u2013 l\u00e4hti Roomaan<\/p>\n<p class=\"article-content article-content-width !bg-background\">Radio Suomessa syksyst\u00e4 2024 juontanut Alma kertoi syyskuussa Instagram-tilill\u00e4\u00e4n, ett\u00e4 he muuttavat Jaakon kanssa Italiaan. H\u00e4n ilmoitti irtisanoutuneensa Yleisradiolta ja ryhtyv\u00e4ns\u00e4 j\u00e4lleen yritt\u00e4j\u00e4ksi.\u00a0<\/p>\n<p class=\"article-content article-content-width !bg-background\">Muuton syyn\u00e4 oli Jaakon saama ty\u00f6mahdollisuus Roomassa, Italiassa. Jaakko n\u00e4yttelee Jeesusta\u00a0\u00a0elokuvassa\u00a0The Resurrection of the Christ.<\/p>\n<p>        <a itemprop=\"url\" href=\"https:\/\/www.seiska.fi\/katso\/alma-hatosen-miehen-jeesus-rooli-jakaa-mielipiteita\/1964526\" rel=\"nofollow noopener\" target=\"_blank\"><\/p>\n<p>\nAlma H\u00e4t\u00f6sen mies\n<\/p>\n<p class=\"section-date\">\n        <strong class=\"article-section\" data-section=\"katso\"><br \/>\n            katso<br \/>\n        <\/strong><br \/>\n        16.10. 15:15\n    <\/p>\n<p>Alma H\u00e4t\u00f6sen miehen Jeesus-rooli jakaa mielipiteit\u00e4\n    <\/p>\n<p itemprop=\"description\" class=\"subtitle \">\n    Suomalaisn\u00e4yttelij\u00e4 Jaakko Ohtonen pakkasi muuttolaatikot vaimonsa Alma H\u00e4t\u00f6sen kanssa ja muutti Italiaan alkusyksyst\u00e4.\n<\/p>\n<p>        <\/a><\/p>\n<p class=\"article-content article-content-width !bg-background\">Alma paljastaa tuoreessa Instagram-julkaisussaan tehneens\u00e4 toisenkin radikaalin p\u00e4\u00e4t\u00f6ksen \u2013 juontajakaunotar on lopettanut kahvin juomisen. H\u00e4n kertoo asiasta Instagram-tilill\u00e4\u00e4n.<\/p>\n<p class=\"article-content article-content-width !bg-background\">\u2013 Lopetin kahvinjuonnin kokonaan ja se oli&#8230; kamalaa, Alma kirjoittaa.<\/p>\n<p class=\"article-content article-content-width !bg-background\">Alma kertoo lopettaneensa kahvin juomisen kuin sein\u00e4\u00e4n, kun h\u00e4n yhten\u00e4 p\u00e4iv\u00e4n\u00e4 tajusi, ettei usean kupin kahvia juominen ollut h\u00e4nen hermostolleen paras mahdollinen teko.<\/p>\n<p>        <a itemprop=\"url\" href=\"https:\/\/www.seiska.fi\/kotimaa\/vau-alma-hatonen-superkauniina-puolisonsa-kanssa\/2013186\" rel=\"nofollow noopener\" target=\"_blank\"><\/p>\n<p>\nPoseeraa puolisonsa kanssa\n<\/p>\n<p class=\"section-date\">\n        <strong class=\"article-section\" data-section=\"kotimaa\"><br \/>\n            kotimaa<br \/>\n        <\/strong><br \/>\n        5.12. 17:30\n    <\/p>\n<p>Vau! Alma H\u00e4t\u00f6nen superkauniina puolisonsa kanssa\n    <\/p>\n<p itemprop=\"description\" class=\"subtitle \">\n    Juontaja juhli puolisonsa kanssa Suomen itsen\u00e4isyytt\u00e4 etuk\u00e4teen.\n<\/p>\n<p>        <\/a><\/p>\n<p>Hurjia oireita<\/p>\n<p class=\"article-content article-content-width !bg-background\">P\u00e4\u00e4t\u00f6ksen j\u00e4lkeen Alma joi muutaman viikon ajan kofeiinitonta kahvia, kunnes h\u00e4n tajusi, ettei h\u00e4n tarvitse niit\u00e4k\u00e4\u00e4n.<\/p>\n<p class=\"article-content article-content-width !bg-background\">\u2013 Oon herkk\u00e4uninen muutenkin, joten aamu-, aamup\u00e4iv\u00e4-, lounas- ja iltap\u00e4iv\u00e4kahvit ei varsinaisesti auttanut asiaa. Ensimm\u00e4inen viikko ilman kahvia veti mut kyll\u00e4 polvilleen, Alma kertoo kokemuksistaan.\u00a0<\/p>\n<p class=\"article-content article-content-width !bg-background\">Alma sanoo, ettei h\u00e4n ollut koskaan ajatellut, ett\u00e4 h\u00e4nell\u00e4 olisi kahviriippuvuus, h\u00e4n vain ajatteli pit\u00e4v\u00e4ns\u00e4 kahvin mausta.<\/p>\n<p>        <a itemprop=\"url\" href=\"https:\/\/www.seiska.fi\/kotimaa\/jenni-poikelus-puhuu-suoraan-suhteestaan-alma-hatoseen\/1996074\" rel=\"nofollow noopener\" target=\"_blank\"><\/p>\n<p>\nJenni Poikelus:\n<\/p>\n<p class=\"section-date\">\n        <strong class=\"article-section\" data-section=\"kotimaa\"><br \/>\n            kotimaa<br \/>\n        <\/strong><br \/>\n        20.11. 06:00\n    <\/p>\n<p>Jenni Poikelus puhuu suoraan suhteestaan Alma H\u00e4t\u00f6seen\n    <\/p>\n<p itemprop=\"description\" class=\"subtitle \">\n    Jo pidemm\u00e4n aikaa on kai ollut valtakunnansalaisuutena kaksi asiaa: Mika Lintil\u00e4n WhatsApp-jutut sek\u00e4 Jennin ja &#8221;K\u00f6pin&#8221; eli Juuso Kallion suhde.\n<\/p>\n<p>        <\/a><\/p>\n<p class=\"article-content article-content-width !bg-background\">\u2013 Ensimm\u00e4iset pari viikkoa k\u00e4rsin kovasta p\u00e4\u00e4ns\u00e4ryst\u00e4 sek\u00e4 lihas- ja nivels\u00e4ryst\u00e4, joka tuntui samalta kuin olisin ollut kovassa kuumeessa, juontaja kertoo hurjista oireistaan.<\/p>\n<p class=\"article-content article-content-width !bg-background\">Alma kertoo nukahtavansa nyt nopeammin, mutta h\u00e4n her\u00e4ilee edelleen \u00f6isin.<\/p>\n<p class=\"article-content article-content-width !bg-background\">\u2013 Hermoston rauhoittaminen ei tapahdu n\u00e4k\u00f6j\u00e4\u00e4n pelk\u00e4st\u00e4\u00e4n kahvin lopettamisella, mutta on ollut mulle toimiva eka askel!<\/p>\n<p class=\"article-content article-content-width !bg-background\">Kahvin radiojuontaja on vaihtanut kurkumalatteen sek\u00e4 rauhoittavaan yrttiteehen.<\/p>\n","protected":false},"excerpt":{"rendered":"20230213, Helsinki. Kuutamolla -ohjelman ja Kuokkavieras Katajan mediap\u00e4iv\u00e4. Kuvassa Alma H\u00e4t\u00f6nen. TIMO KORHONEN Juontajakaunotar kertoo hurjista oireistaan. Juontaja&hellip;\n","protected":false},"author":2,"featured_media":113671,"comment_status":"","ping_status":"","sticky":false,"template":"","format":"standard","meta":{"footnotes":""},"categories":[136],"tags":[14692,407,137,33,31,30,14358,408,20914,8627,32,20913,109],"class_list":{"0":"post-113670","1":"post","2":"type-post","3":"status-publish","4":"format-standard","5":"has-post-thumbnail","7":"category-julkkikset","8":"tag-alma-hatonen","9":"tag-celebrities","10":"tag-entertainment","11":"tag-fi","12":"tag-finland","13":"tag-finnish","14":"tag-jaakko-ohtonen","15":"tag-julkkikset","16":"tag-kahvinjuonti","17":"tag-rooma","18":"tag-suomi","19":"tag-vieroitusoireet","20":"tag-viihde"},"share_on_mastodon":{"url":"https:\/\/pubeurope.com\/@fi\/115701389952465317","error":""},"_links":{"self":[{"href":"https:\/\/www.europesays.com\/fi\/wp-json\/wp\/v2\/posts\/113670","targetHints":{"allow":["GET"]}}],"collection":[{"href":"https:\/\/www.europesays.com\/fi\/wp-json\/wp\/v2\/posts"}],"about":[{"href":"https:\/\/www.europesays.com\/fi\/wp-json\/wp\/v2\/types\/post"}],"author":[{"embeddable":true,"href":"https:\/\/www.europesays.com\/fi\/wp-json\/wp\/v2\/users\/2"}],"replies":[{"embeddable":true,"href":"https:\/\/www.europesays.com\/fi\/wp-json\/wp\/v2\/comments?post=113670"}],"version-history":[{"count":0,"href":"https:\/\/www.europesays.com\/fi\/wp-json\/wp\/v2\/posts\/113670\/revisions"}],"wp:featuredmedia":[{"embeddable":true,"href":"https:\/\/www.europesays.com\/fi\/wp-json\/wp\/v2\/media\/113671"}],"wp:attachment":[{"href":"https:\/\/www.europesays.com\/fi\/wp-json\/wp\/v2\/media?parent=113670"}],"wp:term":[{"taxonomy":"category","embeddable":true,"href":"https:\/\/www.europesays.com\/fi\/wp-json\/wp\/v2\/categories?post=113670"},{"taxonomy":"post_tag","embeddable":true,"href":"https:\/\/www.europesays.com\/fi\/wp-json\/wp\/v2\/tags?post=113670"}],"curies":[{"name":"wp","href":"https:\/\/api.w.org\/{rel}","templated":true}]}}