{"id":113674,"date":"2025-12-11T14:31:13","date_gmt":"2025-12-11T14:31:13","guid":{"rendered":"https:\/\/www.europesays.com\/fi\/113674\/"},"modified":"2025-12-11T14:31:13","modified_gmt":"2025-12-11T14:31:13","slug":"tuska-julkisti-uusia-esiintyjia-mukana-suosikkibandista-eronneen-uusi-projekti-paikalliset","status":"publish","type":"post","link":"https:\/\/www.europesays.com\/fi\/113674\/","title":{"rendered":"Tuska julkisti uusia esiintyji\u00e4 \u2013 mukana suosikkib\u00e4ndist\u00e4 eronneen uusi projekti | Paikalliset"},"content":{"rendered":"<p>Raskaan musiikin Tuska-festivaali on julkistanut j\u00e4lleen lis\u00e4\u00e4 b\u00e4ndikiinnityksi\u00e4 tulevan kes\u00e4n kattaukseen.<\/p>\n<p>Festivaali j\u00e4rjestet\u00e4\u00e4n Suvilahdessa kes\u00e4kuun viimeisen\u00e4 viikonloppuna (26\u201328. kes\u00e4kuuta 2026).<\/p>\n<p>\t\t\t\t\t<img class=\"diks-card__image\" src=\"https:\/\/www.europesays.com\/fi\/wp-content\/uploads\/2025\/12\/11047451.jpg\"   loading=\"lazy\" decoding=\"sync\" alt=\"\"\/><\/p>\n<p>T\u00e4ydentyneest\u00e4 esiintyj\u00e4listasta pomppaa esiin tuore voimarock-trio HOKKA, joka on nimetty laulajansa ja keulakuvansa, Blind Channelista tutun ja b\u00e4ndin j\u00e4tt\u00e4neen <strong>Joel Hokan <\/strong>mukaan. Triossa soittavat my\u00f6s The Rasmuksesta tuttu kitaristi<strong> Pauli Rantasalmi<\/strong> ja rumpali <strong>Jimi Aslak.<\/strong><\/p>\n<p><strong class=\"diks-storyline__impact\">Muita<\/strong> lis\u00e4yksi\u00e4 tulevan kes\u00e4n festivaaliin ovat ruotsalainen industrial metal -yhtye Pain, tanskalainen hard rock -legenda D-A-D, arizonalainen stadion-death metal -osaaja Gatecreeper ja amerikkalainen reggaecore -rytmiryhm\u00e4 aurorawave. Edell\u00e4mainitut esiintyv\u00e4t perjantaina 26. kes\u00e4kuuta, festivaalin tiedotteessa kerrotaan.<\/p>\n<p><strong class=\"diks-storyline__impact\">Lauantain<\/strong> lis\u00e4yksi\u00e4 ovat HOKKA, amerikkalainen, teatraalinen emo-rock-yhtye The Funeral Portrait, kotimainen Swallow The Sun, melodista death metallia soittava Survivors Zero ja kansanmusiikkia s\u00e4hk\u00f6jouhikolla soittava Kallom\u00e4ki.<\/p>\n<p><strong class=\"diks-storyline__impact\">Sunnuntain<\/strong>, eli p\u00e4\u00e4t\u00f6sp\u00e4iv\u00e4n esiintyji\u00e4 ovat kotimainen vaihtoehtorock- ja -metalliyhtye Sara, suomalais-karjalaisesta mytologiasta ja jykev\u00e4st\u00e4 luonnonvoimasta innoittunut Nordic Folk -yhtye Kajos, hardcore punk -yhtye Rukous ja matalavireist\u00e4 90-luvun death metallia soittava Necrotic Ooze.<\/p>\n<p><strong class=\"diks-storyline__impact\">Festivaali <\/strong>kertoo julkaisevansa loput ensi kes\u00e4n esiintyjist\u00e4 my\u00f6hemmin.<\/p>\n<p>Katso t\u00e4ss\u00e4 vaiheessa vahvistuneet artistien esiintymisp\u00e4iv\u00e4t alla olevasta listasta.<\/p>\n<p>\t\t\t\tArtistien esiintymisp\u00e4iv\u00e4tPerjantai 26.6.2026<\/p>\n<p>Megadeth <\/p>\n<p>Pain<\/p>\n<p>D-A-D<\/p>\n<p>Blood Incantation <\/p>\n<p>Lost Society <\/p>\n<p>Gatecreeper<\/p>\n<p>Bloodred Hourglass<\/p>\n<p>Ensiferum<\/p>\n<p>aurorawave <\/p>\n<p>Slope<\/p>\n<p>Kneel Before The Death<\/p>\n<p>802<\/p>\n<p>Lauantai 27.6.2026<\/p>\n<p>Bad Omens <\/p>\n<p>Trivium<\/p>\n<p>P.O.D. <\/p>\n<p>Kublai Khan TX<\/p>\n<p>Paleface Swiss<\/p>\n<p>Rivers of Nihil<\/p>\n<p>HOKKA<\/p>\n<p>Swallow The Sun<\/p>\n<p>The Funeral Portrait<\/p>\n<p>Majestica<\/p>\n<p>Dogma<\/p>\n<p>Melrose Avenue <\/p>\n<p>The Callous Daoboys <\/p>\n<p>Survivors Zero<\/p>\n<p>Kallom\u00e4ki<\/p>\n<p>Sunnuntai 28.6.2026<\/p>\n<p>Bring Me The Horizon<\/p>\n<p>Stam1na<\/p>\n<p>The Plot In You<\/p>\n<p>Queensr\u00ffche <\/p>\n<p>Malevolence<\/p>\n<p>Soilwork<\/p>\n<p>The Browning <\/p>\n<p>Sara,<\/p>\n<p>Return To Dust <\/p>\n<p>Neckbreakker<\/p>\n<p>Allt<\/p>\n<p>Atlas<\/p>\n<p>Kajos <\/p>\n<p>Rukous<\/p>\n<p>Necrotic Ooze<\/p>\n<p class=\"diks-storyline__source\">Tuskan mukaan oikeudet muutoksiin pid\u00e4tet\u00e4\u00e4n.<\/p>\n","protected":false},"excerpt":{"rendered":"Raskaan musiikin Tuska-festivaali on julkistanut j\u00e4lleen lis\u00e4\u00e4 b\u00e4ndikiinnityksi\u00e4 tulevan kes\u00e4n kattaukseen. Festivaali j\u00e4rjestet\u00e4\u00e4n Suvilahdessa kes\u00e4kuun viimeisen\u00e4 viikonloppuna (26\u201328.&hellip;\n","protected":false},"author":2,"featured_media":113675,"comment_status":"","ping_status":"","sticky":false,"template":"","format":"standard","meta":{"footnotes":""},"categories":[130],"tags":[137,33,31,30,763,47,141,32,397,109],"class_list":{"0":"post-113674","1":"post","2":"type-post","3":"status-publish","4":"format-standard","5":"has-post-thumbnail","7":"category-viihde","8":"tag-entertainment","9":"tag-fi","10":"tag-finland","11":"tag-finnish","12":"tag-kulttuuri-ja-viihde","13":"tag-musiikki","14":"tag-muusikot-bandit","15":"tag-suomi","16":"tag-taide","17":"tag-viihde"},"share_on_mastodon":{"url":"https:\/\/pubeurope.com\/@fi\/115701421526869958","error":""},"_links":{"self":[{"href":"https:\/\/www.europesays.com\/fi\/wp-json\/wp\/v2\/posts\/113674","targetHints":{"allow":["GET"]}}],"collection":[{"href":"https:\/\/www.europesays.com\/fi\/wp-json\/wp\/v2\/posts"}],"about":[{"href":"https:\/\/www.europesays.com\/fi\/wp-json\/wp\/v2\/types\/post"}],"author":[{"embeddable":true,"href":"https:\/\/www.europesays.com\/fi\/wp-json\/wp\/v2\/users\/2"}],"replies":[{"embeddable":true,"href":"https:\/\/www.europesays.com\/fi\/wp-json\/wp\/v2\/comments?post=113674"}],"version-history":[{"count":0,"href":"https:\/\/www.europesays.com\/fi\/wp-json\/wp\/v2\/posts\/113674\/revisions"}],"wp:featuredmedia":[{"embeddable":true,"href":"https:\/\/www.europesays.com\/fi\/wp-json\/wp\/v2\/media\/113675"}],"wp:attachment":[{"href":"https:\/\/www.europesays.com\/fi\/wp-json\/wp\/v2\/media?parent=113674"}],"wp:term":[{"taxonomy":"category","embeddable":true,"href":"https:\/\/www.europesays.com\/fi\/wp-json\/wp\/v2\/categories?post=113674"},{"taxonomy":"post_tag","embeddable":true,"href":"https:\/\/www.europesays.com\/fi\/wp-json\/wp\/v2\/tags?post=113674"}],"curies":[{"name":"wp","href":"https:\/\/api.w.org\/{rel}","templated":true}]}}