{"id":113678,"date":"2025-12-11T14:35:08","date_gmt":"2025-12-11T14:35:08","guid":{"rendered":"https:\/\/www.europesays.com\/fi\/113678\/"},"modified":"2025-12-11T14:35:08","modified_gmt":"2025-12-11T14:35:08","slug":"ampuminen-norjassa-therese-johaug-paikalla","status":"publish","type":"post","link":"https:\/\/www.europesays.com\/fi\/113678\/","title":{"rendered":"Ampuminen Norjassa \u2013 Therese Johaug paikalla"},"content":{"rendered":"<p>Toista lastaan odottava Therese Johaug p\u00e4\u00e4tyi hurjaan tilanteeseen Oslossa.<\/p>\n<p class=\"article-body mb-nof-24 px-nof-16\">Norjalainen hiiht\u00e4j\u00e4sankari <a class=\"article-personlink\" href=\"https:\/\/www.is.fi\/haku\/?query=Therese%20Johaug\" rel=\"nofollow noopener\" target=\"_blank\">Therese Johaug<\/a> kertoo p\u00e4\u00e4tyneens\u00e4 todella vaaralliseen tilanteeseen maanantaina ostoskeskuksessa Oslossa.<\/p>\n<p class=\"article-body mb-nof-24 px-nof-16\">Johaug, 37, sanoo Johaug og Gukild -podcastissa olleensa paikalla, kun aseistautunut mies ampui maanantaina ostoskeskuksessa Oslossa.<\/p>\n<p class=\"article-body mb-nof-24 px-nof-16\">\u2013 Istuin siell\u00e4 melkein kyyneleet silmiss\u00e4ni ja pelk\u00e4sin kuollakseni, Johaug sanoi norjalaisen <a class=\"article-genericlink\" href=\"https:\/\/www.tv2.no\/sport\/var-pa-kjopesenter-under-skytedrama-jeg-var-sa-redd\/18376096\/\" rel=\"nofollow noopener\" target=\"_blank\">TV2:n<\/a> mukaan.<\/p>\n<p class=\"article-body mb-nof-24 px-nof-16\">Norjan median mukaan mies ampui kohti ostoskeskuksen kattoa. Media on kertonut, ett\u00e4 mies pid\u00e4tettiin, eik\u00e4 kukaan loukkaantunut tilanteessa.<\/p>\n<p class=\"article-body mb-nof-24 px-nof-16\">Johaug kertoi olleensa ostamassa pohjallisia kenkiins\u00e4, kun ampuminen alkoi.<\/p>\n<p class=\"article-body mb-nof-24 px-nof-16\">\u2013 Pys\u00e4k\u00f6in auton ja menin sis\u00e4\u00e4n. Yht\u00e4kki\u00e4 tuli t\u00e4ysi kaaos ja poliisiautoja. Ihmiset olivat eritt\u00e4in stressaantuneita. Ett\u00e4 mit\u00e4s nyt tapahtuu, toista lastaan odottava Johaug kertoi.<\/p>\n<p class=\"article-body mb-nof-24 px-nof-16\">\u2013 Ostoskeskus tyhjennettiin. Se oli t\u00e4ytt\u00e4 kaaosta, h\u00e4n jatkoi.<\/p>\n<p class=\"article-body mb-nof-24 px-nof-16\">Johaug kertoi, ett\u00e4 er\u00e4s ihminen saattoi h\u00e4net takaisin autolle, koska h\u00e4n oli niin peloissaan. Johaug mainitsi, ett\u00e4 uhkaavasta tilanteesta tuli h\u00e4nelle mieleen Norjassa vuonna 2011 vuonna tapahtuneet terrori-iskut, joissa <a class=\"article-personlink\" href=\"https:\/\/www.is.fi\/haku\/?query=Anders%20Behring%20Breivik\" rel=\"nofollow noopener\" target=\"_blank\">Anders Behring Breivik<\/a> surmasi yli 70 ihmist\u00e4.<\/p>\n<p class=\"article-body mb-nof-24 px-nof-16\"><a class=\"article-genericlink\" href=\"https:\/\/www.dagbladet.no\/sport\/avslorer-kjonnet\/83843206\" rel=\"nofollow noopener\" target=\"_blank\">Dagbladetin<\/a> mukaan Johaugille ja t\u00e4m\u00e4n puolisolle on m\u00e4\u00e4r\u00e4 synty\u00e4 poika vuodenvaihteen tienoilla.<\/p>\n<p class=\"article-body mb-nof-24 px-nof-16\">Pariskunnalla on vuonna 2023 syntynyt tyt\u00e4r.<\/p>\n<p class=\"article-body mb-nof-24 px-nof-16\">Johaug on moninkertainen maailmanmestari ja olympiavoittaja. H\u00e4n palasi kilpaladuille viime vuonna parin vuoden tauon j\u00e4lkeen, mutta lopetti aktiiviuransa viime kauden j\u00e4lkeen.<\/p>\n<p class=\"article-body mb-nof-24 px-nof-16\">Johaugin loistokasta hiihtouraa varjostaa dopingk\u00e4ry vuodelta 2016. H\u00e4nelle m\u00e4\u00e4r\u00e4ttiin 18 kuukauden kilpailukielto monipolvisen prosessin j\u00e4lkeen, mutta kaiken l\u00e4ht\u00f6kohtana oli h\u00e4nen dopingn\u00e4ytteest\u00e4\u00e4n l\u00f6ytynyt urheilussa kielletty anabolinen steroidi.<\/p>\n<p class=\"article-body mb-nof-24 px-nof-16\">Johaug kertoi tuolloin saaneensa kielletty\u00e4 ainetta vahingossa Trofodermin-nimisest\u00e4 l\u00e4\u00e4kevoiteesta. Vastuun tapahtuneesta otti Norjan joukkueen l\u00e4\u00e4k\u00e4ri.<\/p>\n","protected":false},"excerpt":{"rendered":"Toista lastaan odottava Therese Johaug p\u00e4\u00e4tyi hurjaan tilanteeseen Oslossa. Norjalainen hiiht\u00e4j\u00e4sankari Therese Johaug kertoo p\u00e4\u00e4tyneens\u00e4 todella vaaralliseen tilanteeseen&hellip;\n","protected":false},"author":2,"featured_media":113679,"comment_status":"","ping_status":"","sticky":false,"template":"","format":"standard","meta":{"footnotes":""},"categories":[14],"tags":[22,23,26,27,33,31,30,17,34,24,25,28,29,15,18,21,32,19,20,56,16,59,60,61],"class_list":{"0":"post-113678","1":"post","2":"type-post","3":"status-publish","4":"format-standard","5":"has-post-thumbnail","7":"category-ulkomaat","8":"tag-breaking-news","9":"tag-breakingnews","10":"tag-featured-news","11":"tag-featurednews","12":"tag-fi","13":"tag-finland","14":"tag-finnish","15":"tag-headlines","16":"tag-ilta-sanomat","17":"tag-latest-news","18":"tag-latestnews","19":"tag-main-news","20":"tag-mainnews","21":"tag-news","22":"tag-otsikot","23":"tag-paauutiset","24":"tag-suomi","25":"tag-top-stories","26":"tag-topstories","27":"tag-ulkomaat","28":"tag-uutiset","29":"tag-world","30":"tag-world-news","31":"tag-worldnews"},"share_on_mastodon":{"url":"https:\/\/pubeurope.com\/@fi\/115701437098089709","error":""},"_links":{"self":[{"href":"https:\/\/www.europesays.com\/fi\/wp-json\/wp\/v2\/posts\/113678","targetHints":{"allow":["GET"]}}],"collection":[{"href":"https:\/\/www.europesays.com\/fi\/wp-json\/wp\/v2\/posts"}],"about":[{"href":"https:\/\/www.europesays.com\/fi\/wp-json\/wp\/v2\/types\/post"}],"author":[{"embeddable":true,"href":"https:\/\/www.europesays.com\/fi\/wp-json\/wp\/v2\/users\/2"}],"replies":[{"embeddable":true,"href":"https:\/\/www.europesays.com\/fi\/wp-json\/wp\/v2\/comments?post=113678"}],"version-history":[{"count":0,"href":"https:\/\/www.europesays.com\/fi\/wp-json\/wp\/v2\/posts\/113678\/revisions"}],"wp:featuredmedia":[{"embeddable":true,"href":"https:\/\/www.europesays.com\/fi\/wp-json\/wp\/v2\/media\/113679"}],"wp:attachment":[{"href":"https:\/\/www.europesays.com\/fi\/wp-json\/wp\/v2\/media?parent=113678"}],"wp:term":[{"taxonomy":"category","embeddable":true,"href":"https:\/\/www.europesays.com\/fi\/wp-json\/wp\/v2\/categories?post=113678"},{"taxonomy":"post_tag","embeddable":true,"href":"https:\/\/www.europesays.com\/fi\/wp-json\/wp\/v2\/tags?post=113678"}],"curies":[{"name":"wp","href":"https:\/\/api.w.org\/{rel}","templated":true}]}}