{"id":113681,"date":"2025-12-11T14:37:09","date_gmt":"2025-12-11T14:37:09","guid":{"rendered":"https:\/\/www.europesays.com\/fi\/113681\/"},"modified":"2025-12-11T14:37:09","modified_gmt":"2025-12-11T14:37:09","slug":"paavo-erosi-helsingin-suomalaisesta-klubista-pian-han-sai-viestin-josta-jarkyttyi-puheenjohtajakin","status":"publish","type":"post","link":"https:\/\/www.europesays.com\/fi\/113681\/","title":{"rendered":"Paavo erosi Helsingin Suomalaisesta Klubista \u2013 Pian h\u00e4n sai viestin, josta j\u00e4rkyttyi puheenjohtajakin"},"content":{"rendered":"<p>Paavo Heiskanen sai ep\u00e4asiallisia ja transfobisia viestej\u00e4 Helsingin Suomalaisen Klubin johtokunnan j\u00e4senelt\u00e4 erottuaan yhdistyksest\u00e4 ja kerrottuaan p\u00e4\u00e4t\u00f6ksen perustelut.<\/p>\n<p><img decoding=\"async\" class=\"image image-show image-preview\" src=\"https:\/\/www.europesays.com\/fi\/wp-content\/uploads\/2025\/12\/c00d62c9b6b1e624acb69fc547a1a20287e77908afa435666322bad0519cbd2b.jpg\" alt=\"\"\/><img decoding=\"async\" class=\"image image-show\" src=\"https:\/\/www.europesays.com\/fi\/wp-content\/uploads\/2025\/12\/1765463828_921_c00d62c9b6b1e624acb69fc547a1a20287e77908afa435666322bad0519cbd2b.jpg\" alt=\"\"\/><\/p>\n<p>Paavo Heiskanen erosi Helsingin Suomalaisesta Klubista, koska pettyi yhdistyksen konservatiivisuuteen. Arkistokuva. Tiina Somerpuro<\/p>\n<p class=\"paragraph\"><strong>Paavo Heiskanen<\/strong> sai harvinaisen ep\u00e4asiallisia viestej\u00e4 Helsingin suomalaisen klubin johtokunnan j\u00e4senelt\u00e4 j\u00e4tetty\u00e4\u00e4n eroilmoituksensa. Heiskanen kertoi yhdistyksest\u00e4 eroamisen syyksi sen, ett\u00e4 <a href=\"https:\/\/www.iltalehti.fi\/kotimaa\/05eb7572-cd80-4a99-87d7-0c61a1ce0a7f\" rel=\"nofollow noopener\" target=\"_blank\">Helsingin suomalainen klubi ei aio jatkossakaan ottaa j\u00e4senikseen naisia<\/a>. Klubi \u00e4\u00e4nesti asiasta lokakuussa 2025.<\/p>\n<p class=\"paragraph\">Viestiss\u00e4\u00e4n Heiskanen kertoo, ett\u00e4 koska \u201dklubiveljet kielsiv\u00e4t kolmesti juridisten naisten hyv\u00e4ksymisen j\u00e4seneksi sukupuolensa takia\u201d, h\u00e4nen ainoaksi vaihtoehdokseen j\u00e4i erota yhdistyksest\u00e4.<\/p>\n<p class=\"paragraph\">\u2013 Mit\u00e4 ihmett\u00e4 tarkoittaa \u201djuridiset naiset.\u201d Onko t\u00e4m\u00e4 taas jotakin woke\/transu pelleily\u00e4? Jos ihminen kuvittelee, ett\u00e4 on useampi kuin kaksi sukupuolta, niin on aivan hyv\u00e4, ett\u00e4 eroaa Klubista, er\u00e4s johtokunnan j\u00e4sen vastaa Heiskaselle viestiketjussa.<\/p>\n<p class=\"paragraph\">Heiskanen sai viestin s\u00e4hk\u00f6postitse viestiketjussa, jossa h\u00e4n j\u00e4tti eroilmoituksensa perusteluineen. H\u00e4nelle vastannut henkil\u00f6 oli saanut kopion Heiskasen viestist\u00e4. Iltalehti on n\u00e4hnyt kyseisen viestiketjun.<\/p>\n<p class=\"paragraph\">Juttu jatkuu kuvan j\u00e4lkeen.<\/p>\n<p>Kuvakaappaus s\u00e4hk\u00f6postiketjusta. <\/p>\n<p class=\"paragraph\">Heiskasen mukaan henkil\u00f6 sivuutti h\u00e4nen argumenttinsa t\u00e4ysin takertuen viestiss\u00e4 olleeseen yksitt\u00e4iseen termiin, mik\u00e4 tuntui Heiskasesta \u201dhieman oudolta\u201d.<\/p>\n<p class=\"paragraph\">\u2013 H\u00e4n otti asiakseen vastata minulle henkil\u00f6kohtaisesti. V\u00e4h\u00e4n ihmetytti, tai oikeastaan p\u00f6yristytti, ett\u00e4 rivij\u00e4senen yksitt\u00e4inen eroilmoitus saa aikaan noin tunteellisen reaktion.<\/p>\n<p class=\"paragraph\">T\u00e4m\u00e4n j\u00e4lkeen keskustelu jatkuu viestiketjussa siten, ett\u00e4 Heiskanen kirjoittaa \u201djuridisen naisen\u201d olevan Suomen lain mukainen, juridinen termi. Heiskanen mainitsee viestiss\u00e4\u00e4n, ett\u00e4 s\u00e4\u00e4nt\u00f6teknisesti Klubin j\u00e4seneksi voi liitty\u00e4 my\u00f6s biologisena naisena syntynyt henkil\u00f6, joka on korjannut ja vahvistanut sukupuolensa mieheksi.<\/p>\n<p class=\"paragraph\">\u2013 Sukupuolta ei voi \u201dkorjata\u201d. Eunukiksi voit tulla, naiseksi et, sama johtokunnan j\u00e4sen kirjoittaa uudessa vastauksessaan.<\/p>\n<p class=\"paragraph\">Juttu jatkuu kuvan j\u00e4lkeen.<\/p>\n<p>Kuvakaappaus s\u00e4hk\u00f6postiketjusta. <\/p>\n<p>Puheenjohtaja: Olen pettynyt<\/p>\n<p class=\"paragraph\">Helsingin Suomalaisen Klubin puheenjohtaja <strong>Veli-Pekka Dufva<\/strong> kertoo, ettei viesti ole miss\u00e4\u00e4n nimess\u00e4 hyv\u00e4ksytt\u00e4v\u00e4\u00e4 k\u00e4yt\u00f6st\u00e4 yhdistyksen johtokunnan j\u00e4senelt\u00e4.<\/p>\n<p class=\"paragraph\">\u2013 Olen pettynyt, Dufva toteaa Heiskasen saamasta viestist\u00e4.<\/p>\n<p class=\"paragraph\">Dufvan mukaan ensinn\u00e4k\u00e4\u00e4n ei ole yhdistyksen edun mukaista, ett\u00e4 ihmisi\u00e4 k\u00e4yt\u00e4nn\u00f6ss\u00e4 motivoidaan eroamaan.<\/p>\n<p class=\"paragraph\">\u2013 Ja kun l\u00e4hdet\u00e4\u00e4n tuohon vastauksen sis\u00e4lt\u00f6\u00f6n, niin se on niin surullista kuultavaa. Ei voi muuta sanoa, Dufva sanoo.<\/p>\n<p class=\"paragraph\">Dufva on itsekin puheenjohtajana kannattanut sit\u00e4, ett\u00e4 Helsingin Suomalaisen Klubin tulisi olla avoin kaikille. H\u00e4nen mielest\u00e4\u00e4n johtokunnan j\u00e4senen viesti \u201dkertoo tilanteesta surullista kuvaa\u201d.<\/p>\n<p class=\"paragraph\">\u2013 Kun kehitet\u00e4\u00e4n Suomen kulttuuria ja menestyst\u00e4, sen pit\u00e4isi ilman muuta olla kaikille avointa.<\/p>\n<p class=\"paragraph\">Juttu jatkuu kuvan j\u00e4lkeen.<\/p>\n<p>Veli-Pekka Dufva v\u00e4istyy puheenjohtajan paikalta vuodenvaihteessa. Pinja Tuominen<\/p>\n<p class=\"paragraph\">Dufva toimii yhdistyksen puheenjohtajana vuoden loppuun saakka. Ensi vuodesta alkaen Helsingin Suomalaisen Klubin puheenjohtajana toimii <strong>Olli Meretoja<\/strong>.<\/p>\n<p class=\"paragraph\">Dufvan mukaan h\u00e4n aikoo ehdottomasti ottaa viestin asialistalle tulevassa johtokunnan kokouksessa, ja ottaa asian puheeksi yhdistyksen tulevan puheenjohtajan Meretojan kanssa.<\/p>\n<p>\u201dAikamme kuva\u201d<\/p>\n<p class=\"paragraph\">Heiskanen halusi kertoa saamastaan viestist\u00e4 julkisesti, koska asia koskee yhteiskunnan keskusteluilmapiiri\u00e4 ja kertoo \u201dt\u00e4rkeiden vaikuttajien isommista linjoista\u201d.<\/p>\n<p class=\"paragraph\">Heiskanen kertoo olevansa pettynyt siihen, ett\u00e4 yhdistyksen \u00e4\u00e4nestysten perusteella sen sis\u00e4ll\u00e4 on \u201dselke\u00e4sti tapahtumassa konservatiivinen k\u00e4\u00e4nne\u201d.<\/p>\n<p class=\"paragraph\">Heiskanen kuvailee sen olevan \u201daikamme kuva\u201d, ett\u00e4 oikeiden ongelmien sijaan keskityt\u00e4\u00e4n turhaan kinasteluun.<\/p>\n<p class=\"paragraph\">\u2013 Meill\u00e4 olisi isompiakin ongelmia ratkaistavana yhteiskunnallisesti kuin keskitty\u00e4 siihen, mill\u00e4 juridisella sukupuolella saa kuulua mihinkin, tai mit\u00e4 termej\u00e4 saa k\u00e4ytt\u00e4\u00e4.<\/p>\n<p>Helsingin Suomalaisen Klubin j\u00e4senyys on sallittu vain miehille. Arkistokuva. Joel Maisalmi<\/p>\n","protected":false},"excerpt":{"rendered":"Paavo Heiskanen sai ep\u00e4asiallisia ja transfobisia viestej\u00e4 Helsingin Suomalaisen Klubin johtokunnan j\u00e4senelt\u00e4 erottuaan yhdistyksest\u00e4 ja kerrottuaan p\u00e4\u00e4t\u00f6ksen perustelut.&hellip;\n","protected":false},"author":2,"featured_media":113682,"comment_status":"","ping_status":"","sticky":false,"template":"","format":"standard","meta":{"footnotes":""},"categories":[5],"tags":[35,22,23,26,27,33,31,30,7251,863,17,7250,24,25,28,29,15,18,21,637,32,19,20,860,16,7249],"class_list":{"0":"post-113681","1":"post","2":"type-post","3":"status-publish","4":"format-standard","5":"has-post-thumbnail","7":"category-otsikot","8":"tag-24h","9":"tag-breaking-news","10":"tag-breakingnews","11":"tag-featured-news","12":"tag-featurednews","13":"tag-fi","14":"tag-finland","15":"tag-finnish","16":"tag-hallinto-ja-johtajuus","17":"tag-hallitus","18":"tag-headlines","19":"tag-johtaminen","20":"tag-latest-news","21":"tag-latestnews","22":"tag-main-news","23":"tag-mainnews","24":"tag-news","25":"tag-otsikot","26":"tag-paauutiset","27":"tag-politiikka","28":"tag-suomi","29":"tag-top-stories","30":"tag-topstories","31":"tag-tyoelama","32":"tag-uutiset","33":"tag-yrityksen-johtaminen"},"share_on_mastodon":{"url":"https:\/\/pubeurope.com\/@fi\/115701445160702330","error":""},"_links":{"self":[{"href":"https:\/\/www.europesays.com\/fi\/wp-json\/wp\/v2\/posts\/113681","targetHints":{"allow":["GET"]}}],"collection":[{"href":"https:\/\/www.europesays.com\/fi\/wp-json\/wp\/v2\/posts"}],"about":[{"href":"https:\/\/www.europesays.com\/fi\/wp-json\/wp\/v2\/types\/post"}],"author":[{"embeddable":true,"href":"https:\/\/www.europesays.com\/fi\/wp-json\/wp\/v2\/users\/2"}],"replies":[{"embeddable":true,"href":"https:\/\/www.europesays.com\/fi\/wp-json\/wp\/v2\/comments?post=113681"}],"version-history":[{"count":0,"href":"https:\/\/www.europesays.com\/fi\/wp-json\/wp\/v2\/posts\/113681\/revisions"}],"wp:featuredmedia":[{"embeddable":true,"href":"https:\/\/www.europesays.com\/fi\/wp-json\/wp\/v2\/media\/113682"}],"wp:attachment":[{"href":"https:\/\/www.europesays.com\/fi\/wp-json\/wp\/v2\/media?parent=113681"}],"wp:term":[{"taxonomy":"category","embeddable":true,"href":"https:\/\/www.europesays.com\/fi\/wp-json\/wp\/v2\/categories?post=113681"},{"taxonomy":"post_tag","embeddable":true,"href":"https:\/\/www.europesays.com\/fi\/wp-json\/wp\/v2\/tags?post=113681"}],"curies":[{"name":"wp","href":"https:\/\/api.w.org\/{rel}","templated":true}]}}