{"id":113693,"date":"2025-12-11T15:02:09","date_gmt":"2025-12-11T15:02:09","guid":{"rendered":"https:\/\/www.europesays.com\/fi\/113693\/"},"modified":"2025-12-11T15:02:09","modified_gmt":"2025-12-11T15:02:09","slug":"tasta-krista-kiurun-kommentista-nousi-valtava-halina-se-ei-ole-naurun-asia","status":"publish","type":"post","link":"https:\/\/www.europesays.com\/fi\/113693\/","title":{"rendered":"T\u00e4st\u00e4 Krista Kiurun kommentista nousi valtava h\u00e4lin\u00e4 \u2013 \u201dSe ei ole naurun asia\u201d"},"content":{"rendered":"<p>Kyselytunnilla k\u00e4ytiin t\u00e4n\u00e4\u00e4n kuumaa keskustelua sosiaali- ja terveyspalveluista.<\/p>\n<p class=\"paragraph\">Taustaa keskustelulle loi alivaltiosihteeri <strong>Marina Erholan<\/strong> johdolla tehty raportti, jota hallitus- ja oppositiopuolueista tulkitaan eri tavoin.<\/p>\n<p class=\"paragraph\">Sosiaali- ja terveysministeri\u00f6, valtiovarainministeri\u00f6 ja sis\u00e4ministeri\u00f6 k\u00e4ynnistiv\u00e4t kev\u00e4\u00e4ll\u00e4 2025 hyvinvointialueuudistuksen laajapohjaisen v\u00e4liarvioinnin osana alivaltiosihteeri Marina Erholan toimeksiantoa. Tuore v\u00e4liarviointi pohjautuu hallitusohjelman kirjaukseen.<\/p>\n<p class=\"paragraph\">Ensimm\u00e4isen\u00e4 kyselytunnilla oli \u00e4\u00e4ness\u00e4 SDP:n kansanedustaja <a href=\"https:\/\/www.iltalehti.fi\/henkilot\/Helena Marttila\" class=\"article-link-person-page\" rel=\"nofollow noopener\" target=\"_blank\">Helena Marttila<\/a>, joka painotti, ett\u00e4 hoitoon pit\u00e4\u00e4 p\u00e4\u00e4st\u00e4 riippumatta lompakon paksuudesta. H\u00e4n sanaili sosiaali- ja terveysministeri <a href=\"https:\/\/www.iltalehti.fi\/henkilot\/Kaisa Juuso\" class=\"article-link-person-page\" rel=\"nofollow noopener\" target=\"_blank\">Kaisa Juusolle<\/a> (ps).<\/p>\n<p class=\"paragraph\">\u2013 Te olette t\u00e4ss\u00e4 salissa todennut, ett\u00e4 hoitoon p\u00e4\u00e4sy\u00e4 ei ratkaista rahalla ja asia hoituu itsest\u00e4\u00e4n. Todellisuudessa niin THL:n tilastot kuin tuore hallituksen tilaama raportti osoittavat, ett\u00e4 hoitoon p\u00e4\u00e4sy l\u00e4\u00e4k\u00e4rin vastaanotolle on heikentynyt ja hallituksen leikkausten j\u00e4lkeen entist\u00e4 useampi odottaa l\u00e4\u00e4k\u00e4riin p\u00e4\u00e4sy\u00e4 yli kaksi viikkoa. Kun te nyt katsotte n\u00e4it\u00e4 tilastoja, n\u00e4ettek\u00f6 syyt\u00e4 korjata aiempia puheitanne? Marttila kysyi.<\/p>\n<p>Sosiaali- ja terveysministeri Kaisa Juuso (ps). Miia Sir\u00e9n<\/p>\n<p class=\"paragraph\">Juuso totesi, ett\u00e4 hoitoon p\u00e4\u00e4sy on raportin mukaan suurin piirtein samalla tasolla tai jonkin verran parantunut siihen n\u00e4hden, mit\u00e4 se oli ennen sote-uudistusta.<\/p>\n<p class=\"paragraph\">\u2013 Tosin alueellisesti on eriytymist\u00e4 havaittavissa. THL:n tilasto marraskuulta osoittaa, ett\u00e4 83 prosenttia ihmisist\u00e4 Suomessa p\u00e4\u00e4see hoitoon kahden viikon sis\u00e4ll\u00e4. Tosin t\u00e4ss\u00e4 on laskettu my\u00f6skin hoitajak\u00e4ynnit.<\/p>\n<p>Kiilaa Juuson ja Orpon v\u00e4lille<\/p>\n<p class=\"paragraph\">Helena Marttilan mukaan nimenomaan hoitoon p\u00e4\u00e4syss\u00e4 l\u00e4\u00e4k\u00e4rille on menty huonompaan suuntaan.<\/p>\n<p class=\"paragraph\">Eilisess\u00e4 <a href=\"https:\/\/yle.fi\/a\/74-20199051?origin=rss\" target=\"_blank\" rel=\"noopener nofollow\">Ylen A-studiossa esiintyneen<\/a> Juuson mukaan sote-kysymyksille voitaisiin nimitt\u00e4\u00e4 oma parlamentaarinen ty\u00f6ryhm\u00e4ns\u00e4. Oppositio n\u00e4ki t\u00e4ss\u00e4 Juuson esiintulossa mahdollisuuden ly\u00f6d\u00e4 kiilaa t\u00e4m\u00e4n ja p\u00e4\u00e4ministeri <a href=\"https:\/\/www.iltalehti.fi\/henkilot\/Petteri Orpo\" class=\"article-link-person-page\" rel=\"nofollow noopener\" target=\"_blank\">Petteri Orpon<\/a> (kok) v\u00e4lille, sill\u00e4 Orpon on tulkittu olleen nihke\u00e4 parlamentaariselle sote-yhteisty\u00f6lle, jota oppositiopuolueet ovat voimalla ajaneet.<\/p>\n<p class=\"paragraph\">Marttila totesi, ett\u00e4 Juuso nosti eilen esiin sit\u00e4, ett\u00e4 nyt voitaisiin ryhty\u00e4 puolueen yhteiseen ty\u00f6h\u00f6n \u201dsoten pelastamiseksi\u201d. Marttila k\u00e4\u00e4nsi seuraavan kysymyksen p\u00e4\u00e4ministeri Petteri Orpolle (kok).<\/p>\n<p class=\"paragraph\">\u2013 Te tyrm\u00e4sitte marraskuussa suoriltaan opposition ehdotuksen parlamentaarisesta sote-yhteisty\u00f6st\u00e4. Nyt kun teid\u00e4n oma ministerinnekin ehdotti t\u00e4llaista yhteisty\u00f6t\u00e4, aiotteko tyrm\u00e4t\u00e4 h\u00e4nenkin ehdotuksensa vai oletteko valmis harkitsemaan uudelleen yhteisty\u00f6t\u00e4? Marttila pyrki johdattelemaan Orpoa.<\/p>\n<p>\u201dEn ole tyrm\u00e4nnyt\u201d<\/p>\n<p class=\"paragraph\">Orpo v\u00e4isti opposition iskun. H\u00e4n totesi sanoneensa aikoinaan, ett\u00e4 odotetaan alivaltiosihteeri Erholan raporttia.<\/p>\n<p class=\"paragraph\">\u2013 Totesin my\u00f6s sen, ett\u00e4 heti joulutauon j\u00e4lkeen, kun eduskunta istuu alas ja jatkaa ty\u00f6t\u00e4\u00e4n, hallitus antaa p\u00e4\u00e4ministerin ilmoituksen, jolloin aloitamme parlamentaarisen keskustelun t\u00e4m\u00e4n ty\u00f6n pohjalta, Orpo jatkoi.<\/p>\n<p class=\"paragraph\">Orpo lis\u00e4si, ett\u00e4 t\u00e4m\u00e4n keskustelun yhteydess\u00e4 voidaan pohtia, mill\u00e4 tavalla parlamentaarinen ty\u00f6 kohti seuraavaa kautta aloitetaan.<\/p>\n<p class=\"paragraph\">\u2013 En ole tyrm\u00e4nnyt t\u00e4t\u00e4 vaan kertonut juuri t\u00e4m\u00e4n prosessin.<\/p>\n<p>V\u00e4\u00e4nt\u00f6\u00e4 Kela-rahoista<\/p>\n<p class=\"paragraph\">My\u00f6s vasemmistoliiton eduskuntaryhm\u00e4n puheenjohtaja <a href=\"https:\/\/www.iltalehti.fi\/henkilot\/Aino-Kaisa Pekonen\" class=\"article-link-person-page\" rel=\"nofollow noopener\" target=\"_blank\">Aino-Kaisa Pekonen<\/a> oli sit\u00e4 mielt\u00e4, ett\u00e4 hoitotakuun pident\u00e4minen on johtanut siihen, ett\u00e4 entist\u00e4 harvempi suomalainen p\u00e4\u00e4see ajoissa l\u00e4\u00e4k\u00e4rille.<\/p>\n<p class=\"paragraph\">H\u00e4n kysyi, pit\u00e4isik\u00f6 Kela-korvauksiin k\u00e4ytetyt rahat siirt\u00e4\u00e4 julkiseen terveydenhuoltoon, jolla voitaisiin nopeuttaa hoitoonp\u00e4\u00e4sy\u00e4.<\/p>\n<p class=\"paragraph\">Sosiaaliturvaministeri <a href=\"https:\/\/www.iltalehti.fi\/henkilot\/Sanni Grahn-Laasonen\" class=\"article-link-person-page\" rel=\"nofollow noopener\" target=\"_blank\">Sanni Grahn-Laasonen<\/a> (kok) k\u00e4\u00e4nsi keskustelun syyskuun alussa k\u00e4ynnistyneeseen 65 vuotta t\u00e4ytt\u00e4neiden valinnanvapauskokeiluun. Grahn-Laasonen kertoi saaneensa palautetta siit\u00e4, miten l\u00e4\u00e4k\u00e4rille p\u00e4\u00e4see nopeasti.<\/p>\n<p>\u201dOikeisto nauraa ja ilkkuu\u201d<\/p>\n<p class=\"paragraph\">Tunnelma kuumeni kyselytunnilla kunnolla, kun \u00e4\u00e4neen p\u00e4\u00e4si SDP:n kansanedustaja <a href=\"https:\/\/www.iltalehti.fi\/henkilot\/Krista Kiuru\" class=\"article-link-person-page\" rel=\"nofollow noopener\" target=\"_blank\">Krista Kiuru<\/a>.  Kiuru totesi siteeraavansa Erholan raporttia ja katsoi, ett\u00e4 sen pohjalta lompakon suuruus vaikuttaa siihen, miten hoitoon p\u00e4\u00e4see.<\/p>\n<p class=\"paragraph\">\u2013 Tosiasiassa ihmisten tuloerot vaikuttavat niin, ett\u00e4 erityisesti alempien tuloluokkien ihmiset p\u00e4\u00e4sev\u00e4t hoitoon yh\u00e4 heikommin, Kiuru sanoi.<\/p>\n<p class=\"paragraph\">T\u00e4m\u00e4n j\u00e4lkeen salissa alkoi melkoinen m\u00f6lin\u00e4, joka sai Kiurun reagoimaan voimakkaasti.<\/p>\n<p class=\"paragraph\">\u2013 Se ei ole naurun asia, se ei ole naurun asia. Minusta on k\u00e4sitt\u00e4m\u00e4t\u00f6nt\u00e4, ett\u00e4 oikeisto nauraa ja ilkkuu t\u00e4lle, Kiuru lausui kovassa puheensorinassa.<\/p>\n<p class=\"paragraph\">Varapuhemies <a href=\"https:\/\/www.iltalehti.fi\/henkilot\/Paula Risikko\" class=\"article-link-person-page\" rel=\"nofollow noopener\" target=\"_blank\">Paula Risikko<\/a> (kok) joutui puuttumaan tilanteeseen.<\/p>\n<p class=\"paragraph\">\u2013 Nyt kannattaa pysy\u00e4 ihan rauhallisena, Risikko totesi.<\/p>\n<p>\u201dOn osoittautunut paljon haastavammaksi\u201d<\/p>\n<p class=\"paragraph\">P\u00e4\u00e4ministeri Petteri Orpo puolustautui Kiurulle sanoen, ett\u00e4 hallitus on tehnyt t\u00f6it\u00e4 sen eteen, ett\u00e4 Kiurun tekem\u00e4 \u2013 k\u00e4yt\u00e4nn\u00f6ss\u00e4 Orpo tarkoitti viime vaalikaudella luotua sote-mallia \u2013  sote-j\u00e4rjestelm\u00e4 saadaan toimimaan ja ihmiset hoitoon.<\/p>\n<p>P\u00e4\u00e4ministeri Petteri Orpo (kok). Inka Soveri<\/p>\n<p class=\"paragraph\">\u2013 Me olemme kaksi ja puoli, kohta kolme vuotta tehty t\u00f6it\u00e4 sen eteen, ett\u00e4 hyvinvointialueet saadaan toimimaan. Erholan raportti kertoo sen ison kuvan, ett\u00e4 t\u00e4m\u00e4 on saatu parempaan suuntaan ja asiat etenev\u00e4t isossa kuvassa hyvin. Suomalaisten sosiaali- ja terveyspalvelut eiv\u00e4t ole romahtamassa, vaan k\u00e4\u00e4nn\u00f6s on saatu aikaan, Orpo vakuutteli.<\/p>\n<p class=\"paragraph\">\u2013 T\u00e4m\u00e4 on osoittautunut paljon haastavammaksi ty\u00f6ksi kuin mit\u00e4 te ikin\u00e4 silloin kuvittelitte, kun te teitte t\u00e4t\u00e4 mallia.<\/p>\n<p class=\"paragraph\">Uutista p\u00e4ivitet\u00e4\u00e4n<\/p>\n","protected":false},"excerpt":{"rendered":"Kyselytunnilla k\u00e4ytiin t\u00e4n\u00e4\u00e4n kuumaa keskustelua sosiaali- ja terveyspalveluista. Taustaa keskustelulle loi alivaltiosihteeri Marina Erholan johdolla tehty raportti, jota&hellip;\n","protected":false},"author":2,"featured_media":113694,"comment_status":"","ping_status":"","sticky":false,"template":"","format":"standard","meta":{"footnotes":""},"categories":[12],"tags":[35,22,23,26,27,33,31,30,17,24,25,28,29,15,18,21,637,886,888,885,887,32,19,20,16],"class_list":{"0":"post-113693","1":"post","2":"type-post","3":"status-publish","4":"format-standard","5":"has-post-thumbnail","7":"category-suomi","8":"tag-24h","9":"tag-breaking-news","10":"tag-breakingnews","11":"tag-featured-news","12":"tag-featurednews","13":"tag-fi","14":"tag-finland","15":"tag-finnish","16":"tag-headlines","17":"tag-latest-news","18":"tag-latestnews","19":"tag-main-news","20":"tag-mainnews","21":"tag-news","22":"tag-otsikot","23":"tag-paauutiset","24":"tag-politiikka","25":"tag-puolueet","26":"tag-suomalaiset-poliitikot","27":"tag-suomen-poliittiset-puolueet","28":"tag-suomen-politiikka","29":"tag-suomi","30":"tag-top-stories","31":"tag-topstories","32":"tag-uutiset"},"share_on_mastodon":{"url":"https:\/\/pubeurope.com\/@fi\/115701543421219929","error":""},"_links":{"self":[{"href":"https:\/\/www.europesays.com\/fi\/wp-json\/wp\/v2\/posts\/113693","targetHints":{"allow":["GET"]}}],"collection":[{"href":"https:\/\/www.europesays.com\/fi\/wp-json\/wp\/v2\/posts"}],"about":[{"href":"https:\/\/www.europesays.com\/fi\/wp-json\/wp\/v2\/types\/post"}],"author":[{"embeddable":true,"href":"https:\/\/www.europesays.com\/fi\/wp-json\/wp\/v2\/users\/2"}],"replies":[{"embeddable":true,"href":"https:\/\/www.europesays.com\/fi\/wp-json\/wp\/v2\/comments?post=113693"}],"version-history":[{"count":0,"href":"https:\/\/www.europesays.com\/fi\/wp-json\/wp\/v2\/posts\/113693\/revisions"}],"wp:featuredmedia":[{"embeddable":true,"href":"https:\/\/www.europesays.com\/fi\/wp-json\/wp\/v2\/media\/113694"}],"wp:attachment":[{"href":"https:\/\/www.europesays.com\/fi\/wp-json\/wp\/v2\/media?parent=113693"}],"wp:term":[{"taxonomy":"category","embeddable":true,"href":"https:\/\/www.europesays.com\/fi\/wp-json\/wp\/v2\/categories?post=113693"},{"taxonomy":"post_tag","embeddable":true,"href":"https:\/\/www.europesays.com\/fi\/wp-json\/wp\/v2\/tags?post=113693"}],"curies":[{"name":"wp","href":"https:\/\/api.w.org\/{rel}","templated":true}]}}