{"id":113695,"date":"2025-12-11T15:03:11","date_gmt":"2025-12-11T15:03:11","guid":{"rendered":"https:\/\/www.europesays.com\/fi\/113695\/"},"modified":"2025-12-11T15:03:11","modified_gmt":"2025-12-11T15:03:11","slug":"valtionvelkaan-35-miljardin-euron-yllatys","status":"publish","type":"post","link":"https:\/\/www.europesays.com\/fi\/113695\/","title":{"rendered":"Valtionvelkaan 3,5 miljardin euron yll\u00e4tys"},"content":{"rendered":"<p>Velan ennakoitua suurempi m\u00e4\u00e4r\u00e4 johtuu velanhallintaan liittyvist\u00e4 erist\u00e4. <\/p>\n<p><img decoding=\"async\" class=\"image image-show image-preview\" src=\"https:\/\/www.europesays.com\/fi\/wp-content\/uploads\/2025\/12\/7fc1d2b6e751b8f5d1690ae00260b7358b2a47171fa5e44b3d8adc40d22cf82d.jpg\" alt=\"\"\/><img decoding=\"async\" class=\"image image-show\" src=\"https:\/\/www.europesays.com\/fi\/wp-content\/uploads\/2025\/12\/1765465391_37_7fc1d2b6e751b8f5d1690ae00260b7358b2a47171fa5e44b3d8adc40d22cf82d.jpg\" alt=\"\"\/><\/p>\n<p>Valtiovarainministeri Riikka Purra on pitk\u00e4\u00e4n varoitellut valtion velkaantumisesta.  Alexandros MICHAILIDIS<\/p>\n<p class=\"paragraph\">Suomen valtio ottaa 17,8 miljardia euroa lis\u00e4\u00e4 velkaa vuonna 2025, valtiovarainministeri\u00f6 tiedottaa. Velan m\u00e4\u00e4r\u00e4 on suurempi, mit\u00e4 vuodelle on aiemmin budjetoitu.<\/p>\n<p class=\"paragraph\">Valtiovarainministeri\u00f6n mukaan keskeinen syy taustalla on k\u00e4teisvakuuksien kasvu vuoden aikana.<\/p>\n<p class=\"paragraph\">Valtion lainanotto ylitt\u00e4\u00e4 vuodelle 2025 budjetoidun 14,3 miljardin euron nettolainanottotarpeen 3,5 miljardilla eurolla. Nimellisarvoinen nettolainanotto pit\u00e4\u00e4 sis\u00e4ll\u00e4\u00e4n budjetin tulojen ja menojen erotuksen lis\u00e4ksi arvioidut emissiotappiot.<\/p>\n<p class=\"paragraph\">N\u00e4in ollen valtio ottaa vuonna 2025 uutta lainaa arviolta 17,8 miljardia euroa.<\/p>\n<p class=\"paragraph\">T\u00e4n\u00e4 vuonna lainanottotarvetta ovat kasvattaneet erityisesti velanhallintaan liittyv\u00e4t er\u00e4t.<\/p>\n<p>K\u00e4teisvakuudet kasvussa<\/p>\n<p class=\"paragraph\">Lainaa tarvitaan lis\u00e4\u00e4 erityisesti siksi, ett\u00e4 valtiolta vaaditut korko- ja valuuttajohdannaisiin liittyv\u00e4t k\u00e4teisvakuudet ovat kasvaneet 3,3 miljardilla eurolla verrattuna vuoden 2024 loppuun.<\/p>\n<p class=\"paragraph\">Valtion johdannaissopimuksiin kuuluu vakuusj\u00e4rjestely, jonka tarkoitus on luottoriskin v\u00e4hent\u00e4minen. Korkojen muutokset ja erityisesti pitkien ja ja lyhyiden korkojen eron kasvu ovat johtaneet siihen, ett\u00e4 k\u00e4teisvakuuksia on jouduttu lis\u00e4\u00e4m\u00e4\u00e4n.<\/p>\n<p class=\"paragraph\">K\u00e4teisvakuudet palautetaan viimeist\u00e4\u00e4n kunkin sopimuksen er\u00e4\u00e4ntyess\u00e4, eli ne ovat valtiolle korkotuloja tuottavia saatavia. Uusien korkojohdannaisten tekemisest\u00e4 luovuttiin vuonna 2024, mutta vanhat sopimukset vaikuttavat edelleen k\u00e4teisvakuuksien m\u00e4\u00e4r\u00e4\u00e4n, kunnes sopimukset er\u00e4\u00e4ntyv\u00e4t.<\/p>\n<p class=\"paragraph\">Valuuttajohdannaisten vakuudet kasvoivat, koska euro vahvistui suhteessa Yhdysvaltain dollariin.<\/p>\n<p class=\"paragraph\">Velanottoon vaikuttavat emissioerot johtuvat siit\u00e4, ett\u00e4 valtio on velkaa liikkeelle laskiessaan huutokaupannut aiempina vuosina liikkeeseen laskettuja kiinte\u00e4korkoisia viitelainoja, joiden nimelliskorot ovat nykyisi\u00e4 markkinakorkoja alhaisempia. Lainattu p\u00e4\u00e4oma on siis nimellism\u00e4\u00e4r\u00e4\u00e4 pienempi, mutta maksettava nimelliskorko on markkinakorkoa alhaisempi.<\/p>\n<p class=\"paragraph\">T\u00e4ss\u00e4 tilanteessa valtion pit\u00e4\u00e4 ottaa enemm\u00e4n nimellism\u00e4\u00e4r\u00e4ist\u00e4 lainaa, jotta se saa eurom\u00e4\u00e4r\u00e4isesti tarpeeksi rahaa lainattua.<\/p>\n<p class=\"paragraph\">Vuoden kolmannessa lis\u00e4talousarviossa emissiotappioita huomioitiin noin miljardi euroa, mink\u00e4 j\u00e4lkeen sit\u00e4 on tullut lis\u00e4\u00e4 noin 400 miljoonaa euroa.<\/p>\n<p class=\"paragraph\">Asiasta uutisoi ensin <a href=\"https:\/\/www.hs.fi\/politiikka\/art-2000011683224.html\" target=\"_blank\" rel=\"noopener nofollow\">Helsingin Sanomat<\/a>.<\/p>\n","protected":false},"excerpt":{"rendered":"Velan ennakoitua suurempi m\u00e4\u00e4r\u00e4 johtuu velanhallintaan liittyvist\u00e4 erist\u00e4. Valtiovarainministeri Riikka Purra on pitk\u00e4\u00e4n varoitellut valtion velkaantumisesta. Alexandros MICHAILIDIS&hellip;\n","protected":false},"author":2,"featured_media":113696,"comment_status":"","ping_status":"","sticky":false,"template":"","format":"standard","meta":{"footnotes":""},"categories":[5],"tags":[35,22,23,26,27,33,31,30,2346,2168,17,24,25,28,29,2619,15,18,21,8029,721,32,19,20,16],"class_list":{"0":"post-113695","1":"post","2":"type-post","3":"status-publish","4":"format-standard","5":"has-post-thumbnail","7":"category-otsikot","8":"tag-24h","9":"tag-breaking-news","10":"tag-breakingnews","11":"tag-featured-news","12":"tag-featurednews","13":"tag-fi","14":"tag-finland","15":"tag-finnish","16":"tag-hallituksen-talouspolitiikka","17":"tag-hallituspolitiikka","18":"tag-headlines","19":"tag-latest-news","20":"tag-latestnews","21":"tag-main-news","22":"tag-mainnews","23":"tag-makrotalous-ja-talouspolitiikka","24":"tag-news","25":"tag-otsikot","26":"tag-paauutiset","27":"tag-rahoituksen-valitys-pl-vakuutustoiminta","28":"tag-rahoitus","29":"tag-suomi","30":"tag-top-stories","31":"tag-topstories","32":"tag-uutiset"},"share_on_mastodon":{"url":"https:\/\/pubeurope.com\/@fi\/115701547613943875","error":""},"_links":{"self":[{"href":"https:\/\/www.europesays.com\/fi\/wp-json\/wp\/v2\/posts\/113695","targetHints":{"allow":["GET"]}}],"collection":[{"href":"https:\/\/www.europesays.com\/fi\/wp-json\/wp\/v2\/posts"}],"about":[{"href":"https:\/\/www.europesays.com\/fi\/wp-json\/wp\/v2\/types\/post"}],"author":[{"embeddable":true,"href":"https:\/\/www.europesays.com\/fi\/wp-json\/wp\/v2\/users\/2"}],"replies":[{"embeddable":true,"href":"https:\/\/www.europesays.com\/fi\/wp-json\/wp\/v2\/comments?post=113695"}],"version-history":[{"count":0,"href":"https:\/\/www.europesays.com\/fi\/wp-json\/wp\/v2\/posts\/113695\/revisions"}],"wp:featuredmedia":[{"embeddable":true,"href":"https:\/\/www.europesays.com\/fi\/wp-json\/wp\/v2\/media\/113696"}],"wp:attachment":[{"href":"https:\/\/www.europesays.com\/fi\/wp-json\/wp\/v2\/media?parent=113695"}],"wp:term":[{"taxonomy":"category","embeddable":true,"href":"https:\/\/www.europesays.com\/fi\/wp-json\/wp\/v2\/categories?post=113695"},{"taxonomy":"post_tag","embeddable":true,"href":"https:\/\/www.europesays.com\/fi\/wp-json\/wp\/v2\/tags?post=113695"}],"curies":[{"name":"wp","href":"https:\/\/api.w.org\/{rel}","templated":true}]}}