{"id":113704,"date":"2025-12-11T15:27:08","date_gmt":"2025-12-11T15:27:08","guid":{"rendered":"https:\/\/www.europesays.com\/fi\/113704\/"},"modified":"2025-12-11T15:27:08","modified_gmt":"2025-12-11T15:27:08","slug":"yllatyskaanne-ainakin-osa-teboil-asemista-jatkaa-toimintaansa-pohjois-savo","status":"publish","type":"post","link":"https:\/\/www.europesays.com\/fi\/113704\/","title":{"rendered":"Yll\u00e4tysk\u00e4\u00e4nne: ainakin osa Teboil-asemista jatkaa toimintaansa | Pohjois-Savo"},"content":{"rendered":"<p class=\"aw-1gybjub aw-5vja16 kEtdKx kmuxyA yle__article__paragraph\">Asemilla ei myyd\u00e4 polttoainetta, mutta muut palvelut jatkuvat paikoin normaalisti.<\/p>\n<p><img decoding=\"async\" alt=\"Varkauden Teboil Severi ulkoa p\u00e4in. \" src=\"https:\/\/www.europesays.com\/fi\/wp-content\/uploads\/2025\/12\/39-1568120693aba057616c.jpeg\" class=\"aw-1l9m598 hKVVvP\"\/><\/p>\n<p>Avaa kuvien katselu<\/p>\n<p>Varkauden Teboil Severi on toiminut samalla paikalla 1980-luvulta l\u00e4htien. Kuva: Tarja Nyyss\u00f6nen \/ Yle<\/p>\n<ul class=\"aw-1jjocuh iJTSwP yle__article__list yle__article__list--ul\">\n<li class=\"aw-1j7gwms gNYKfi\">Osa Teboil-asemista jatkaa yll\u00e4tt\u00e4en toimintaansa, vaikka polttoainetta ei myyd\u00e4.<\/li>\n<li class=\"aw-1j7gwms gNYKfi\">Taustalla on Yhdysvaltojen p\u00e4\u00e4t\u00f6s lyk\u00e4t\u00e4 Teboilin omistajan Lukoiliin kohdistamia pakotteita.<\/li>\n<li class=\"aw-1j7gwms gNYKfi\">P\u00e4\u00e4t\u00f6s pelastaa ty\u00f6paikkoja. Esimerkiksi Varkaudessa ravintolan kymmenen ty\u00f6ntekij\u00e4n lomautukset peruttiin.<\/li>\n<\/ul>\n<p class=\"aw-1gybjub aw-1p7kakr kEtdKx cEmitX yle__article__paragraph\">Ainakin osa Teboil-asemista jatkaa toimintaansa t\u00e4m\u00e4n viikon j\u00e4lkeen. Tieto on yll\u00e4tt\u00e4v\u00e4, sill\u00e4 asemien piti sulkeutua viimeist\u00e4\u00e4n 13. joulukuuta Yhdysvaltojen pakotteiden takia.<\/p>\n<p class=\"aw-1gybjub aw-1p7kakr kEtdKx cEmitX yle__article__paragraph\">Asemilla ei myyd\u00e4 polttoainetta, mutta muut palvelut jatkuvat paikoin normaalisti.<\/p>\n<p class=\"aw-1gybjub aw-1p7kakr kEtdKx cEmitX yle__article__paragraph\">Esimerkiksi Suonenjoella ja Tuusniemell\u00e4 Teboil-ravintolat jatkavat toimintaansa normaalisti. Tuusniemen Teboilin yritt\u00e4j\u00e4 <strong class=\"aw-ak79eh KyCXm yle__article__strong\">P\u00e4ivi Voutilainen<\/strong> <a class=\"aw-iao6s4 iHOxEa yle__article__link\" href=\"https:\/\/yle.fi\/a\/74-20194220\" role=\"link\" rel=\"nofollow noopener\" target=\"_blank\">kertoi aiemmin,<\/a> ett\u00e4 h\u00e4n aikoo sulkea huoltoaseman kokonaan joulukuun puoliv\u00e4liss\u00e4.<\/p>\n<p class=\"aw-1gybjub aw-1p7kakr kEtdKx cEmitX yle__article__paragraph\">Vesannolla kunnan ainoa huoltoasema jatkaa toimintaansa ilman polttoainemyynti\u00e4. Vesannon Liikenneasema irtisanoi marraskuun lopulla sopimuksen Teboilin kanssa.<\/p>\n<p class=\"aw-1gybjub aw-1p7kakr kEtdKx cEmitX yle__article__paragraph\">My\u00f6s <a class=\"aw-iao6s4 iHOxEa yle__article__link\" href=\"https:\/\/yle.fi\/a\/74-20198182\" role=\"link\" rel=\"nofollow noopener\" target=\"_blank\">Kaustisen Teboil<\/a> on ilmoittanut pysyv\u00e4ns\u00e4 auki.<\/p>\n<p><img decoding=\"async\" alt=\"Varkauden Teboil Severi ulkoa p\u00e4in. \" src=\"https:\/\/www.europesays.com\/fi\/wp-content\/uploads\/2025\/12\/39-1568123693aba0968de7.jpeg\" loading=\"lazy\" class=\"aw-1l9m598 hKVVvP\"\/><\/p>\n<p>Avaa kuvien katselu<\/p>\n<p>Varkaudessa polttoainepumput ovat olleet suljettuina jo useita viikkoja.  Kuva: Tarja Nyyss\u00f6nen \/ Yle<\/p>\n<p class=\"aw-1gybjub aw-1p7kakr kEtdKx cEmitX yle__article__paragraph\">Toiminnan jatkumisen mahdollisti Yhdysvaltojen viime viikolla tekem\u00e4 p\u00e4\u00e4t\u00f6s siirt\u00e4\u00e4<a class=\"aw-iao6s4 iHOxEa yle__article__link\" href=\"https:\/\/yle.fi\/a\/74-20197979\" role=\"link\" rel=\"nofollow noopener\" target=\"_blank\"> Lukoiliin kohdistettujen pakotteiden voimaantuloa ensi kev\u00e4\u00e4seen<\/a>. Lukoil omistaa Teboilin.<\/p>\n<p class=\"aw-1gybjub aw-1p7kakr kEtdKx cEmitX yle__article__paragraph\">Teboilien piti sulkeutua viimeist\u00e4\u00e4n 13. joulukuuta, mutta Yhdysvallat ilmoitti viime viikolla, ett\u00e4 se siirt\u00e4\u00e4 pakotteiden voimaantuloa huhtikuulle.<\/p>\n<p class=\"aw-1gybjub aw-1p7kakr kEtdKx cEmitX yle__article__paragraph\">P\u00e4\u00e4t\u00f6s mahdollistaa huoltoasemien toiminnan jatkumisen Ven\u00e4j\u00e4n ulkopuolella. Niiden rahavirrat eiv\u00e4t kuitenkaan saa p\u00e4\u00e4ty\u00e4 Ven\u00e4j\u00e4lle.<\/p>\n<p>Lomautusvaroitukset on peruttu<\/p>\n<p class=\"aw-1gybjub aw-1p7kakr kEtdKx cEmitX yle__article__paragraph\">Varkaudessa Teboil Severin sulkeminen oli jo hyvin l\u00e4hell\u00e4. Yritt\u00e4j\u00e4 <strong class=\"aw-ak79eh KyCXm yle__article__strong\">Seppo Halosen<\/strong> mukaan ravintola voi jatkaa toimintaansa ainakin kev\u00e4\u00e4seen asti, koska pakotteiden voimaantuloa siirrettiin.<\/p>\n<p><img decoding=\"async\" alt=\"Varkauden Teboil Severin yritt\u00e4j\u00e4 Seppo Halonen. \" src=\"https:\/\/www.europesays.com\/fi\/wp-content\/uploads\/2025\/12\/39-1568127693aba106b56d.jpeg\" loading=\"lazy\" class=\"aw-1l9m598 hKVVvP\"\/><\/p>\n<p>Avaa kuvien katselu<\/p>\n<p>Seppo Halosen huoltoasema on saanut nimens\u00e4 Esa Pakarisen hahmolta Severi Suhoselta. Halosen takana vitriiniss\u00e4 on Varkaudessa vaikuttaneen Pakarisen vahanukke. Kuva: Tarja Nyyss\u00f6nen \/ Yle<\/p>\n<p class=\"aw-1gybjub aw-1p7kakr kEtdKx cEmitX yle__article__paragraph\">Halonen on selvitt\u00e4nyt, koskevatko pakotteet h\u00e4nen yrityst\u00e4\u00e4n. Tietojen perusteella h\u00e4n p\u00e4\u00e4tti jatkaa.<\/p>\n<p class=\"aw-1gybjub aw-1p7kakr kEtdKx cEmitX yle__article__paragraph\">Ravintolan noin kymmenen vakituisen ty\u00f6ntekij\u00e4n lomautusvaroitukset on nyt peruttu.<\/p>\n<p class=\"aw-1gybjub aw-1p7kakr kEtdKx cEmitX yle__article__paragraph\">\u2013 T\u00e4m\u00e4 on helpotus. Ep\u00e4varmuutta on ollut paljon, mutta asiakkaat ovat suhtautuneet hyvin my\u00f6t\u00e4tuntoisesti ja toivoneet, ett\u00e4 toiminta jatkuu, Halonen sanoo.<\/p>\n<p class=\"aw-1gybjub aw-1p7kakr kEtdKx cEmitX yle__article__paragraph\"><strong class=\"aw-ak79eh KyCXm yle__article__strong\">Videolla Seppo Halonen avaa yritystoiminnan jatkamisen taustoja.<\/strong><\/p>\n<p>Videon kuvaus: Tarja Nyyss\u00f6nen \/ Yle, leikkaus: Toni Pitk\u00e4nen \/ Yle<\/p>\n<p class=\"aw-1gybjub aw-1p7kakr kEtdKx cEmitX yle__article__paragraph\">Teboil Severin ravintolarakennus on Teboilin omistuksessa, ja tontti vuokrattu Varkauden kaupungilta.<\/p>\n<p class=\"aw-1gybjub aw-1p7kakr kEtdKx cEmitX yle__article__paragraph\">Yritys ei myy t\u00e4ll\u00e4 hetkell\u00e4 polttoainetta. Halonen ei ota kantaa, jatkuuko myynti my\u00f6hemmin.<\/p>\n<p class=\"aw-1gybjub aw-1p7kakr kEtdKx cEmitX yle__article__paragraph\">Viime kuukaudet ovat olleet ep\u00e4varmoja, Halonen kertoo. Henkil\u00f6kunta on kuitenkin pysynyt mukana, eik\u00e4 irtisanoutumisia ole ollut.<\/p>\n<p class=\"aw-1gybjub aw-1p7kakr kEtdKx cEmitX yle__article__paragraph\">H\u00e4n painottaa yrityksen itsen\u00e4isyytt\u00e4 ja hyv\u00e4\u00e4 asiakaspalvelua.<\/p>\n<p class=\"aw-1gybjub aw-1p7kakr kEtdKx cEmitX yle__article__paragraph\">\u2013 Jatkamme yritt\u00e4mist\u00e4 ja ravintolatoimintaa. Jokainen p\u00e4iv\u00e4 on oppip\u00e4iv\u00e4, Halonen summaa tunnelmiaan.<\/p>\n","protected":false},"excerpt":{"rendered":"Asemilla ei myyd\u00e4 polttoainetta, mutta muut palvelut jatkuvat paikoin normaalisti. Avaa kuvien katselu Varkauden Teboil Severi on toiminut&hellip;\n","protected":false},"author":2,"featured_media":113705,"comment_status":"","ping_status":"","sticky":false,"template":"","format":"standard","meta":{"footnotes":""},"categories":[14],"tags":[22,23,26,27,33,31,30,17,9614,71,24,25,28,29,15,18,21,1136,32,2532,15389,19,20,4526,56,16,20921,2915,59,60,61,1356],"class_list":{"0":"post-113704","1":"post","2":"type-post","3":"status-publish","4":"format-standard","5":"has-post-thumbnail","7":"category-ulkomaat","8":"tag-breaking-news","9":"tag-breakingnews","10":"tag-featured-news","11":"tag-featurednews","12":"tag-fi","13":"tag-finland","14":"tag-finnish","15":"tag-headlines","16":"tag-huoltamot","17":"tag-kotimaa","18":"tag-latest-news","19":"tag-latestnews","20":"tag-main-news","21":"tag-mainnews","22":"tag-news","23":"tag-otsikot","24":"tag-paauutiset","25":"tag-pohjois-savo","26":"tag-suomi","27":"tag-suonenjoki","28":"tag-teboil","29":"tag-top-stories","30":"tag-topstories","31":"tag-tuusniemi","32":"tag-ulkomaat","33":"tag-uutiset","34":"tag-varkauden-seutukunta","35":"tag-varkaus","36":"tag-world","37":"tag-world-news","38":"tag-worldnews","39":"tag-yritykset"},"share_on_mastodon":{"url":"https:\/\/pubeurope.com\/@fi\/115701641898046073","error":""},"_links":{"self":[{"href":"https:\/\/www.europesays.com\/fi\/wp-json\/wp\/v2\/posts\/113704","targetHints":{"allow":["GET"]}}],"collection":[{"href":"https:\/\/www.europesays.com\/fi\/wp-json\/wp\/v2\/posts"}],"about":[{"href":"https:\/\/www.europesays.com\/fi\/wp-json\/wp\/v2\/types\/post"}],"author":[{"embeddable":true,"href":"https:\/\/www.europesays.com\/fi\/wp-json\/wp\/v2\/users\/2"}],"replies":[{"embeddable":true,"href":"https:\/\/www.europesays.com\/fi\/wp-json\/wp\/v2\/comments?post=113704"}],"version-history":[{"count":0,"href":"https:\/\/www.europesays.com\/fi\/wp-json\/wp\/v2\/posts\/113704\/revisions"}],"wp:featuredmedia":[{"embeddable":true,"href":"https:\/\/www.europesays.com\/fi\/wp-json\/wp\/v2\/media\/113705"}],"wp:attachment":[{"href":"https:\/\/www.europesays.com\/fi\/wp-json\/wp\/v2\/media?parent=113704"}],"wp:term":[{"taxonomy":"category","embeddable":true,"href":"https:\/\/www.europesays.com\/fi\/wp-json\/wp\/v2\/categories?post=113704"},{"taxonomy":"post_tag","embeddable":true,"href":"https:\/\/www.europesays.com\/fi\/wp-json\/wp\/v2\/tags?post=113704"}],"curies":[{"name":"wp","href":"https:\/\/api.w.org\/{rel}","templated":true}]}}