{"id":113712,"date":"2025-12-11T15:42:08","date_gmt":"2025-12-11T15:42:08","guid":{"rendered":"https:\/\/www.europesays.com\/fi\/113712\/"},"modified":"2025-12-11T15:42:08","modified_gmt":"2025-12-11T15:42:08","slug":"valokuvaaja-meeri-koutaniemi-saa-finnfoto-palkinnon-uutissuomalainen","status":"publish","type":"post","link":"https:\/\/www.europesays.com\/fi\/113712\/","title":{"rendered":"Valokuvaaja Meeri Koutaniemi saa Finnfoto-palkinnon | Uutissuomalainen"},"content":{"rendered":"<p>Finnfoto-yhdistyksen vuosittainen Finnfoto-palkinto my\u00f6nnet\u00e4\u00e4n t\u00e4n\u00e4 vuonna valokuvaaja Meeri Koutaniemelle. Tiedotteessaan yhdistys kuvailee Koutanieme\u00e4 yhdeksi suomalaisen valokuvauksen keskeisist\u00e4 ja kansainv\u00e4lisesti tunnetuimmista vaikuttajista.<\/p>\n<p>Palkinto my\u00f6nnettiin t\u00e4n\u00e4 vuonna 28. kerran. Arvoltaan se on 5\u2009000 euroa.<\/p>\n<p>Finnfoto-palkinto my\u00f6nnet\u00e4\u00e4n henkil\u00f6lle, jonka katsotaan kasvattaneen valokuvauksen tunnettuutta ja arvostusta pitk\u00e4j\u00e4nteisesti. Ensisijainen palkintoperuste on my\u00f6nteinen vaikutus alan kehitykseen, eli palkintoa ei my\u00f6nnet\u00e4 ainoastaan henkil\u00f6kohtaisista saavutuksista.<\/p>\n<p>Palkinnon saajan valitseva Finnfoton hallitus kuvailee Koutaniemen yhdist\u00e4v\u00e4n valokuvan, journalismin ja yhteiskunnallisen vaikuttamisen tavalla, joka on muovannut dokumentaarisen valokuvan kentt\u00e4\u00e4 Suomessa.<\/p>\n","protected":false},"excerpt":{"rendered":"Finnfoto-yhdistyksen vuosittainen Finnfoto-palkinto my\u00f6nnet\u00e4\u00e4n t\u00e4n\u00e4 vuonna valokuvaaja Meeri Koutaniemelle. Tiedotteessaan yhdistys kuvailee Koutanieme\u00e4 yhdeksi suomalaisen valokuvauksen keskeisist\u00e4 ja&hellip;\n","protected":false},"author":2,"featured_media":113713,"comment_status":"","ping_status":"","sticky":false,"template":"","format":"standard","meta":{"footnotes":""},"categories":[135],"tags":[389,387,388,390,137,33,31,30,1511,108,763,1616,979,32,394,397,485,484,393,391,392,109],"class_list":{"0":"post-113712","1":"post","2":"type-post","3":"status-publish","4":"format-standard","5":"has-post-thumbnail","7":"category-taiteet-ja-suunnittelu","8":"tag-arts","9":"tag-arts-and-design","10":"tag-artsanddesign","11":"tag-design","12":"tag-entertainment","13":"tag-fi","14":"tag-finland","15":"tag-finnish","16":"tag-joukkoviestinta","17":"tag-kulttuuri","18":"tag-kulttuuri-ja-viihde","19":"tag-media-viestinta","20":"tag-sahkoinen-media","21":"tag-suomi","22":"tag-suunnittelu","23":"tag-taide","24":"tag-taide-yleista","25":"tag-taiteellinen-ilmaisu-ja-mediat","26":"tag-taiteet","27":"tag-taiteet-ja-suunnittelu","28":"tag-taiteetsuunnittelu","29":"tag-viihde"},"share_on_mastodon":{"url":"https:\/\/pubeurope.com\/@fi\/115701700567890080","error":""},"_links":{"self":[{"href":"https:\/\/www.europesays.com\/fi\/wp-json\/wp\/v2\/posts\/113712","targetHints":{"allow":["GET"]}}],"collection":[{"href":"https:\/\/www.europesays.com\/fi\/wp-json\/wp\/v2\/posts"}],"about":[{"href":"https:\/\/www.europesays.com\/fi\/wp-json\/wp\/v2\/types\/post"}],"author":[{"embeddable":true,"href":"https:\/\/www.europesays.com\/fi\/wp-json\/wp\/v2\/users\/2"}],"replies":[{"embeddable":true,"href":"https:\/\/www.europesays.com\/fi\/wp-json\/wp\/v2\/comments?post=113712"}],"version-history":[{"count":0,"href":"https:\/\/www.europesays.com\/fi\/wp-json\/wp\/v2\/posts\/113712\/revisions"}],"wp:featuredmedia":[{"embeddable":true,"href":"https:\/\/www.europesays.com\/fi\/wp-json\/wp\/v2\/media\/113713"}],"wp:attachment":[{"href":"https:\/\/www.europesays.com\/fi\/wp-json\/wp\/v2\/media?parent=113712"}],"wp:term":[{"taxonomy":"category","embeddable":true,"href":"https:\/\/www.europesays.com\/fi\/wp-json\/wp\/v2\/categories?post=113712"},{"taxonomy":"post_tag","embeddable":true,"href":"https:\/\/www.europesays.com\/fi\/wp-json\/wp\/v2\/tags?post=113712"}],"curies":[{"name":"wp","href":"https:\/\/api.w.org\/{rel}","templated":true}]}}