{"id":113723,"date":"2025-12-11T15:55:11","date_gmt":"2025-12-11T15:55:11","guid":{"rendered":"https:\/\/www.europesays.com\/fi\/113723\/"},"modified":"2025-12-11T15:55:11","modified_gmt":"2025-12-11T15:55:11","slug":"eurooppalaiset-ovat-pettyneita-johtajiensa-trump-politiikkaan-kertoo-tuore-kyselytutkimus-ulkomaat","status":"publish","type":"post","link":"https:\/\/www.europesays.com\/fi\/113723\/","title":{"rendered":"Eurooppalaiset ovat pettyneit\u00e4 johtajiensa Trump-politiikkaan, kertoo tuore kyselytutkimus | Ulkomaat"},"content":{"rendered":"<p class=\"aw-1gybjub aw-5vja16 kEtdKx kmuxyA yle__article__paragraph\">Verkkolehti Politicon teett\u00e4m\u00e4 kyselytutkimus on kuin kylm\u00e4 suihku eurooppa\u00adlaisille johtajille.<\/p>\n<p><img decoding=\"async\" alt=\"Donald Trump ja EU-johtajat poseeraavat ryhm\u00e4kuvassa Naton huippukokouksessa.\" src=\"https:\/\/www.europesays.com\/fi\/wp-content\/uploads\/2025\/08\/39-150825268a163ea10322.jpeg\" class=\"aw-1l9m598 hKVVvP\"\/><\/p>\n<p>Avaa kuvien katselu<\/p>\n<p>Donald Trump ja EU-johtajat poseerasivat ryhm\u00e4kuvassa Naton huippukokouksessa kes\u00e4kuussa. Kuva: Koen Van Weel \/ EPA<\/p>\n<p>15:57\u2022P\u00e4ivitetty 16:14<\/p>\n<p class=\"aw-1gybjub aw-1p7kakr kEtdKx cEmitX yle__article__paragraph\">Verkkolehti Politico on teett\u00e4nyt kyselytutkimuksen siit\u00e4, miten Euroopan suurimmissa talouksissa Saksassa, Britanniassa, Ranskassa sek\u00e4 Kanadassa suhtaudutaan Yhdysvaltain presidentin <strong class=\"aw-ak79eh KyCXm yle__article__strong\">Donald Trumpin<\/strong> vaikutusvaltaan.<\/p>\n<p class=\"aw-1gybjub aw-1p7kakr kEtdKx cEmitX yle__article__paragraph\">Kyselytutkimuksen tulokset ovat synkk\u00e4\u00e4 luettavaa Euroopan johtajille, joita Trump taannoin haukkui heikoiksi juuri <a class=\"aw-iao6s4 iHOxEa yle__article__link\" href=\"https:\/\/yle.fi\/a\/74-20198770\" role=\"link\" rel=\"nofollow noopener\" target=\"_blank\">Politicon haastattelussa<\/a>.<\/p>\n<p class=\"aw-1gybjub aw-1p7kakr kEtdKx cEmitX yle__article__paragraph\">Kyselytutkimuksen mukaan edell\u00e4 mainituissa Euroopan maissa kolme nelj\u00e4st\u00e4 kokee, ett\u00e4 Trump on maiden omia johtajia \u201dvoimakkaampi ja p\u00e4\u00e4tt\u00e4v\u00e4isempi\u201d.<\/p>\n<p class=\"aw-1gybjub aw-1p7kakr kEtdKx cEmitX yle__article__paragraph\">Pelk\u00e4st\u00e4\u00e4n Kanadassa niukka 60 prosentin enemmist\u00f6 kertoi kokevansa, ett\u00e4 maan oma p\u00e4\u00e4ministeri <strong class=\"aw-ak79eh KyCXm yle__article__strong\">Mark Carney<\/strong> on Trumpia voimakkaampi.<\/p>\n<p class=\"aw-1gybjub aw-1p7kakr kEtdKx cEmitX yle__article__paragraph\">Tulokset eiv\u00e4t sin\u00e4ns\u00e4 ole yll\u00e4tt\u00e4vi\u00e4. Yhdysvaltain presidentti\u00e4 pidet\u00e4\u00e4n yleisesti maailman vaikutusvaltaisimpana ihmisen\u00e4.<\/p>\n<p class=\"aw-1gybjub aw-1p7kakr kEtdKx cEmitX yle__article__paragraph\">Trumpin vaikutusvaltaa Euroopassa alleviivaavat kuitenkin muut kyselyn vastaukset.<\/p>\n<p>Trumpin vaalivoiton vaikutukset verrattuna maan omiin vaaleihin<\/p>\n<p class=\"aw-1gybjub aw-1p7kakr kEtdKx cEmitX yle__article__paragraph\">Kaikissa kyselyyn osallistuneissa maissa koettiin, ett\u00e4 Trumpin paluulla Valkoiseen taloon on maan sis\u00e4iseen tilanteeseen suurempi vaikutus kuin maiden omien p\u00e4\u00e4tt\u00e4jien valinnalla.<\/p>\n<p class=\"aw-1gybjub aw-1p7kakr kEtdKx cEmitX yle__article__paragraph\"><strong class=\"aw-ak79eh KyCXm yle__article__strong\">Kyselyn tuloksiin voit tutustua tarkemmin alla olevan grafiikan avulla:<\/strong><\/p>\n<p>Euroopan johtajien kyky k\u00e4sitell\u00e4 Trumpia<\/p>\n<p class=\"aw-1gybjub aw-1p7kakr kEtdKx cEmitX yle__article__paragraph\">Yht\u00e4 lailla kyselyst\u00e4 selvi\u00e4\u00e4, ett\u00e4 Euroopan suurimmissa maissa ollaan tyytym\u00e4tt\u00f6mi\u00e4 siihen tapaan, jolla maiden omat johtajat ovat k\u00e4sitelleet Trumpia t\u00e4m\u00e4n toisen hallintokautensa alussa.<\/p>\n<p class=\"aw-1gybjub aw-1p7kakr kEtdKx cEmitX yle__article__paragraph\">Esimerkiksi Ranskassa 39 prosenttia vastaajista koki, ett\u00e4 presidentti <strong class=\"aw-ak79eh KyCXm yle__article__strong\">Emmanuel Macron<\/strong> on onnistunut Trumpin k\u00e4sittelyss\u00e4 heikosti, kun taas 16 prosenttia oli tapaan tyytyv\u00e4isi\u00e4.<\/p>\n<p class=\"aw-1gybjub aw-1p7kakr kEtdKx cEmitX yle__article__paragraph\">Britanniassa <strong class=\"aw-ak79eh KyCXm yle__article__strong\">Keir Starmerin<\/strong> Trump-politiikalle l\u00f6ytyi yht\u00e4 paljon tukea kuin arvostelijoitakin, 29 prosenttia.<\/p>\n<p class=\"aw-1gybjub aw-1p7kakr kEtdKx cEmitX yle__article__paragraph\"><strong class=\"aw-ak79eh KyCXm yle__article__strong\">Alla olevan grafiikan avulla voit tutustua kyselytuloksiin tarkemmin:<\/strong><\/p>\n<p class=\"aw-1gybjub aw-1p7kakr kEtdKx cEmitX yle__article__paragraph\">EU:n johto saa kyselyyn osallistuneista maista viel\u00e4 synkemm\u00e4n arvion.<\/p>\n<p class=\"aw-1gybjub aw-1p7kakr kEtdKx cEmitX yle__article__paragraph\">Ranskassa vain 11 prosenttia kokee, ett\u00e4 EU-johtajat ovat k\u00e4sitelleet Trumpia oikealla tavalla. Saksassa vastaava luku on 16 prosenttia ja Britanniassa 25 prosenttia.<\/p>\n<p>Miten Trumpia pit\u00e4isi kohdella?<\/p>\n<p class=\"aw-1gybjub aw-1p7kakr kEtdKx cEmitX yle__article__paragraph\">Kyselytutkimuksen tekij\u00e4t onnistuivat tekem\u00e4\u00e4n tulosten pohjalta t\u00e4ysin paradoksaalisen havainnon.<\/p>\n<p class=\"aw-1gybjub aw-1p7kakr kEtdKx cEmitX yle__article__paragraph\">Tutkimuksen tulokset osoittavat, ett\u00e4 valtaosa eurooppalaisista tahtoo Euroopan johtajien asettuvan vastustamaan ja haastamaan Trumpia mielistelyn sijasta.<\/p>\n<p class=\"aw-1gybjub aw-1p7kakr kEtdKx cEmitX yle__article__paragraph\">Kun heilt\u00e4 my\u00f6hemmin kysyttiin, miten maiden oman johtajan tulisi k\u00e4ytt\u00e4yty\u00e4, vastaajat korostivat yhteisty\u00f6kyvyn olevan Trumpin haastamista t\u00e4rke\u00e4mp\u00e4\u00e4.<\/p>\n<p class=\"aw-1gybjub aw-1p7kakr kEtdKx cEmitX yle__article__paragraph\">Kanada oli t\u00e4ss\u00e4kin kysymyksen\u00e4 ainoa poikkeus, jossa niukka enemmist\u00f6 toivoi Carneyn haastavan Trumpia.<\/p>\n<p><strong class=\"aw-1bgq5a3 bSmpIc\">Etupiirej\u00e4 ja s\u00e4r\u00f6j\u00e4 &#8211; ministeri Iloniemi pohtii maailman muutosta<\/strong><\/p>\n<p><img decoding=\"async\" alt=\"\" src=\"https:\/\/www.europesays.com\/fi\/wp-content\/uploads\/2025\/09\/39-1300668666712fbc2a2c.jpeg\" class=\"aw-1l9m598 hKVVvP\"\/>Maailmanpolitiikan arkip\u00e4iv\u00e4\u00e4: Etupiirej\u00e4 ja s\u00e4r\u00f6j\u00e4 &#8211; ministeri Iloniemi pohtii maailman muutosta<\/p>\n","protected":false},"excerpt":{"rendered":"Verkkolehti Politicon teett\u00e4m\u00e4 kyselytutkimus on kuin kylm\u00e4 suihku eurooppa\u00adlaisille johtajille. Avaa kuvien katselu Donald Trump ja EU-johtajat poseerasivat&hellip;\n","protected":false},"author":2,"featured_media":8123,"comment_status":"","ping_status":"","sticky":false,"template":"","format":"standard","meta":{"footnotes":""},"categories":[5],"tags":[22,23,1775,585,4759,2267,26,27,33,31,30,11660,17,3847,70,10517,2585,24,25,28,29,20922,15,18,21,3107,1422,3911,32,19,20,56,16,619,146],"class_list":{"0":"post-113723","1":"post","2":"type-post","3":"status-publish","4":"format-standard","5":"has-post-thumbnail","7":"category-otsikot","8":"tag-breaking-news","9":"tag-breakingnews","10":"tag-britannia","11":"tag-donald-trump","12":"tag-emmanuel-macron","13":"tag-eurooppa","14":"tag-featured-news","15":"tag-featurednews","16":"tag-fi","17":"tag-finland","18":"tag-finnish","19":"tag-friedrich-merz","20":"tag-headlines","21":"tag-kanada","22":"tag-kansainvalinen-politiikka","23":"tag-keir-starmer","24":"tag-kyselytutkimus","25":"tag-latest-news","26":"tag-latestnews","27":"tag-main-news","28":"tag-mainnews","29":"tag-mielipidemittaukset-markkinatutkimukset","30":"tag-news","31":"tag-otsikot","32":"tag-paauutiset","33":"tag-politico","34":"tag-ranska","35":"tag-saksa","36":"tag-suomi","37":"tag-top-stories","38":"tag-topstories","39":"tag-ulkomaat","40":"tag-uutiset","41":"tag-yhdysvallat","42":"tag-yhdysvaltain-presidentti"},"share_on_mastodon":{"url":"","error":"Validation failed: Text character limit of 500 exceeded"},"_links":{"self":[{"href":"https:\/\/www.europesays.com\/fi\/wp-json\/wp\/v2\/posts\/113723","targetHints":{"allow":["GET"]}}],"collection":[{"href":"https:\/\/www.europesays.com\/fi\/wp-json\/wp\/v2\/posts"}],"about":[{"href":"https:\/\/www.europesays.com\/fi\/wp-json\/wp\/v2\/types\/post"}],"author":[{"embeddable":true,"href":"https:\/\/www.europesays.com\/fi\/wp-json\/wp\/v2\/users\/2"}],"replies":[{"embeddable":true,"href":"https:\/\/www.europesays.com\/fi\/wp-json\/wp\/v2\/comments?post=113723"}],"version-history":[{"count":0,"href":"https:\/\/www.europesays.com\/fi\/wp-json\/wp\/v2\/posts\/113723\/revisions"}],"wp:featuredmedia":[{"embeddable":true,"href":"https:\/\/www.europesays.com\/fi\/wp-json\/wp\/v2\/media\/8123"}],"wp:attachment":[{"href":"https:\/\/www.europesays.com\/fi\/wp-json\/wp\/v2\/media?parent=113723"}],"wp:term":[{"taxonomy":"category","embeddable":true,"href":"https:\/\/www.europesays.com\/fi\/wp-json\/wp\/v2\/categories?post=113723"},{"taxonomy":"post_tag","embeddable":true,"href":"https:\/\/www.europesays.com\/fi\/wp-json\/wp\/v2\/tags?post=113723"}],"curies":[{"name":"wp","href":"https:\/\/api.w.org\/{rel}","templated":true}]}}