{"id":113724,"date":"2025-12-11T16:07:14","date_gmt":"2025-12-11T16:07:14","guid":{"rendered":"https:\/\/www.europesays.com\/fi\/113724\/"},"modified":"2025-12-11T16:07:14","modified_gmt":"2025-12-11T16:07:14","slug":"manuela-bosco-ja-tuure-kilpelainen-myyvat-kotiaan-katso-kuvat","status":"publish","type":"post","link":"https:\/\/www.europesays.com\/fi\/113724\/","title":{"rendered":"Manuela Bosco ja Tuure Kilpel\u00e4inen myyv\u00e4t kotiaan \u2013 katso kuvat!"},"content":{"rendered":"<p class=\"ingress\">Manuela Bosco ja Tuure Kilpel\u00e4inen ovat tehneet p\u00e4\u00e4t\u00f6ksen myyd\u00e4 kotinsa Laajasalossa. Koti on t\u00e4ynn\u00e4 kauniita yksityiskohtia.<\/p>\n<p>Taiteilija <strong>Manuela Bosco <\/strong>ja muusikko <strong>Tuure Kilpel\u00e4inen<\/strong> kertovat somessa, ett\u00e4 he ovat p\u00e4\u00e4tt\u00e4neet syv\u00e4llisten pohdintojen kautta laittaa unelmiensa kodiksi tituleeraamansa paritalon puolikkaan myyntiin. Viel\u00e4 hein\u00e4kuussa pariskunta hehkutti <a href=\"https:\/\/kotiliesi.fi\/koti\/sisustus\/manuela-boscon-ja-tuure-kilpelaisen-koti-helsingissa\/\" target=\"_blank\" rel=\"noreferrer noopener nofollow\">Dekossa<\/a>, ett\u00e4 asunto oli kuin luotu heille.<\/p>\n<p>Ennen luonnon helmaan muuttoa uusperhe oli viihtynyt Helsingin keskustassa. Kaupunkiel\u00e4m\u00e4 ei en\u00e4\u00e4 palvellut heid\u00e4n tarpeitaan, jolloin k\u00e4ynnistyi vuosia kest\u00e4nyt vanhan hirsitalon etsint\u00e4 Pohjois-Helsingist\u00e4. Pian he l\u00f6ysiv\u00e4t nykyisen talonsa It\u00e4-Helsingin Laajasalosta ja rakastuivat siihen ensisilm\u00e4yksell\u00e4.<\/p>\n<p>He ovat ehtineet asua asunnossa vasta kaksi vuotta.<\/p>\n<p>\u201dEl\u00e4m\u00e4 n\u00e4iden kahden vuoden aikana on ollut kodin osalta Ihanaa\u201d, Manuela kertoo <a href=\"https:\/\/www.instagram.com\/p\/DSDbjImjcUO\/?igsh=MTJmcTJkZG1nejA3bA==\" target=\"_blank\" rel=\"noreferrer noopener nofollow\">Instagramissa<\/a>.<\/p>\n<p>Uusperheen koti on tarjolla yksityisesti, ennen kuin se tulee virallisesti myyntiin. Katso t\u00e4m\u00e4n jutun lopusta kuvia perheen nykyisest\u00e4 kodista!<\/p>\n<p><strong>Lue my\u00f6s Kotiliesi.fi: <\/strong><a href=\"https:\/\/kotiliesi.fi\/koti\/sisustus\/manuela-boscon-ja-tuure-kilpelaisen-koti-helsingissa\/\" target=\"_blank\" rel=\"noreferrer noopener nofollow\">Manuela Bosco ja Tuure Kilpel\u00e4inen l\u00f6ysiv\u00e4t unelmiensa kodin pitk\u00e4n etsinn\u00e4n j\u00e4lkeen: \u201dT\u00e4m\u00e4 annettiin syliimme valmiiksi r\u00e4\u00e4t\u00e4l\u00f6ityn\u00e4\u201d<\/a><\/p>\n<blockquote class=\"instagram-media\" data-instgrm-captioned=\"\" data-instgrm-permalink=\"https:\/\/www.instagram.com\/p\/DSDbjImjcUO\/?utm_source=ig_embed&amp;utm_campaign=loading\" data-instgrm-version=\"14\" style=\" background:#FFF; border:0; border-radius:3px; box-shadow:0 0 1px 0 rgba(0,0,0,0.5),0 1px 10px 0 rgba(0,0,0,0.15); margin: 1px; max-width:540px; min-width:326px; padding:0; width:99.375%; width:-webkit-calc(100% - 2px); width:calc(100% - 2px);\"\/>\n<p>V\u00e4limatkat k\u00e4viv\u00e4t liian suuriksi<\/p>\n<p>Manuela kertoo postauksessaan, ett\u00e4 unelmien asunnon suurimmaksi ongelmaksi koituivat suuret v\u00e4limatkat.<\/p>\n<p>\u201dUusperheemme arjessa el\u00e4m\u00e4 jakautuu moneen suuntaan ja koska kuskaamiset ovat p\u00e4ivitt\u00e4isi\u00e4, on arki yksinkertaisesti osoittautunut liian kuormittavaksi.\u201d<\/p>\n<p>Manuela kuvaa l\u00e4hes asuneensa autossa, sill\u00e4 h\u00e4nen t\u00e4ytyi ajaa runsaita m\u00e4\u00e4ri\u00e4 vanhempien lasten koulujen ja harrastusten vuoksi. Perheen ainoaksi ratkaisuksi osoittautui el\u00e4m\u00e4n kevent\u00e4minen, ennen kuin sill\u00e4 alkaisi olla terveydelle haitallisia vaikutuksia.<\/p>\n<p>\u201dMuutto ja muutos on rankka ja erityisesti siksi ett\u00e4 kotimme, mets\u00e4t ja meri ovat niin rakkaita ja hyv\u00e4\u00e4 tekevi\u00e4. Mutta, el\u00e4m\u00e4\u00e4n t\u00e4ytyy luottaa, olla viisas ja kuunnella sit\u00e4 joka tiet\u00e4\u00e4, omaa kehoa ja syd\u00e4nt\u00e4\u201d, Manuela avaa.<\/p>\n<p><strong>Lue my\u00f6s:<\/strong> <a href=\"https:\/\/anna.fi\/ihmiset\/manuela-boscon-suhde\" rel=\"nofollow noopener\" target=\"_blank\">Manuela Boscon suhde puoliso Tuure Kilpel\u00e4iseen on muutoksessa: \u201dMeid\u00e4n on oltava vilpitt\u00f6mi\u00e4 puhuessamme siit\u00e4, mik\u00e4 toimii ja mik\u00e4 ei\u201d<\/a><\/p>\n<p>Vanha talo on t\u00e4ynn\u00e4 v\u00e4ri\u00e4 ja kauniita yksityiskohtia<\/p>\n<p>It\u00e4-Helsingin Laajasalossa sijaitseva 339 neli\u00f6n asunto on rakennettu vuonna 1979. Siit\u00e4 l\u00f6ytyy yhdeks\u00e4n huonetta, kolme vessaa, kaksi kylpyhuonetta, puusauna sek\u00e4 iso etu- ja takapiha. Kaupunkiin ajaa 20 minuutissa, ja l\u00e4himm\u00e4lle bussipys\u00e4kille on matkaa vain 70 metri\u00e4. Merelle ja mets\u00e4\u00e4n p\u00e4\u00e4see hetkess\u00e4.<\/p>\n<p>Manuelan mukaan talon sisustus edustaa 70-luvun henke\u00e4 japanilaisella estetiikalla ja orgaanisilla materiaaleilla.<\/p>\n<p>\u201dTalo on sis\u00e4lt\u00e4p\u00e4in t\u00e4ysin uniikki. Sopii loistavasti suurperheille, uusperheille, luovaa ty\u00f6t\u00e4 tekeville tai luontoa ja downshiftausta kaipaaville\u201d, Manuela kuvailee p\u00e4ivityksess\u00e4\u00e4n.<\/p>\n<p>T\u00e4lt\u00e4 talo n\u00e4ytt\u00e4\u00e4. Kuvat on otettu toukokuussa 2025.<\/p>\n<p>Kuvat on julkaistu aikaisemmin Dekossa 7\/2025.<\/p>\n<p>    Sinua voi kiinnostaa my\u00f6s:<\/p>\n<ol class=\"read-also__list\">\n<li>\n<p>            <img loading=\"lazy\" decoding=\"async\" class=\"card__image awpo-lqip awpo-lazy\" width=\"1260\" height=\"800\" src=\"https:\/\/www.europesays.com\/fi\/wp-content\/uploads\/2025\/12\/manuelatuure.jpg\"\/>                <a href=\"https:\/\/anna.fi\/kategoria\/ihmiset\" class=\"card__vignette\" rel=\"nofollow noopener\" target=\"_blank\"><br \/>\n            Ihmiset          <\/a><\/p>\n<p>      <a href=\"https:\/\/anna.fi\/ihmiset\/manuela-bosco-synnytti-kotona-tuure-kilpelainen-uskomaton-uroteko\" class=\"card__link-overlay\" rel=\"nofollow noopener\" target=\"_blank\">Manuela Bosco synnytti kotona \u2013 Tuure Kilpel\u00e4inen: &#8221;Uskomaton uroteko&#8221;<\/a><\/p>\n<\/li>\n<li>\n<p>            <img loading=\"lazy\" decoding=\"async\" class=\"card__image awpo-lqip awpo-lazy\" width=\"2048\" height=\"1365\" src=\"https:\/\/www.europesays.com\/fi\/wp-content\/uploads\/2025\/12\/anna_manuela_bosco.jpg\"\/>                <a href=\"https:\/\/anna.fi\/kategoria\/ihmiset\" class=\"card__vignette\" rel=\"nofollow noopener\" target=\"_blank\"><br \/>\n            Ihmiset          <\/a><\/p>\n<p>      <a href=\"https:\/\/anna.fi\/ihmiset\/manuela-bosco-taide\" class=\"card__link-overlay\" rel=\"nofollow noopener\" target=\"_blank\">Manuela Boscon taide sai rinnalleen seremoniat, joissa lakritsit ja muut uhrilahjat lep\u00e4\u00e4v\u00e4t ateljeen alttareilla: \u201dSelvent\u00e4\u00e4 sis\u00e4ist\u00e4 maailmaani ja ajatuksiani\u201d<\/a><\/p>\n<\/li>\n<li>\n<p>            <img loading=\"lazy\" decoding=\"async\" class=\"card__image awpo-lqip awpo-lazy\" width=\"1182\" height=\"800\" src=\"https:\/\/www.europesays.com\/fi\/wp-content\/uploads\/2025\/12\/5013316.jpeg\"\/>                <a href=\"https:\/\/anna.fi\/kategoria\/ihmiset\" class=\"card__vignette\" rel=\"nofollow noopener\" target=\"_blank\"><br \/>\n            Ihmiset          <\/a><\/p>\n<p>      <a href=\"https:\/\/anna.fi\/ihmiset\/neljatta-lastaan-odottava-manuela-bosco-koki-kevaalla-kaksi-keskenmenoa-se-oli-fyysisesti-rankkaa-ja-sen-jaljilta-jai-tyhjyys\" class=\"card__link-overlay\" rel=\"nofollow noopener\" target=\"_blank\">Nelj\u00e4tt\u00e4 lastaan odottava Manuela Bosco koki kev\u00e4\u00e4ll\u00e4 kaksi keskenmenoa: \u201dSe oli fyysisesti rankkaa, ja sen j\u00e4ljilt\u00e4 j\u00e4i tyhjyys\u201d<\/a><\/p>\n<\/li>\n<\/ol>\n<p>      <script async src=\"\/\/www.instagram.com\/embed.js\"><\/script><\/p>\n","protected":false},"excerpt":{"rendered":"Manuela Bosco ja Tuure Kilpel\u00e4inen ovat tehneet p\u00e4\u00e4t\u00f6ksen myyd\u00e4 kotinsa Laajasalossa. Koti on t\u00e4ynn\u00e4 kauniita yksityiskohtia. Taiteilija Manuela&hellip;\n","protected":false},"author":2,"featured_media":113725,"comment_status":"","ping_status":"","sticky":false,"template":"","format":"standard","meta":{"footnotes":""},"categories":[136],"tags":[407,137,33,31,30,408,20860,7143,32,20923,109],"class_list":{"0":"post-113724","1":"post","2":"type-post","3":"status-publish","4":"format-standard","5":"has-post-thumbnail","7":"category-julkkikset","8":"tag-celebrities","9":"tag-entertainment","10":"tag-fi","11":"tag-finland","12":"tag-finnish","13":"tag-julkkikset","14":"tag-manuela-bosco","15":"tag-sisustus","16":"tag-suomi","17":"tag-tuure-kilpelainen","18":"tag-viihde"},"share_on_mastodon":{"url":"https:\/\/pubeurope.com\/@fi\/115701799427566699","error":""},"_links":{"self":[{"href":"https:\/\/www.europesays.com\/fi\/wp-json\/wp\/v2\/posts\/113724","targetHints":{"allow":["GET"]}}],"collection":[{"href":"https:\/\/www.europesays.com\/fi\/wp-json\/wp\/v2\/posts"}],"about":[{"href":"https:\/\/www.europesays.com\/fi\/wp-json\/wp\/v2\/types\/post"}],"author":[{"embeddable":true,"href":"https:\/\/www.europesays.com\/fi\/wp-json\/wp\/v2\/users\/2"}],"replies":[{"embeddable":true,"href":"https:\/\/www.europesays.com\/fi\/wp-json\/wp\/v2\/comments?post=113724"}],"version-history":[{"count":0,"href":"https:\/\/www.europesays.com\/fi\/wp-json\/wp\/v2\/posts\/113724\/revisions"}],"wp:featuredmedia":[{"embeddable":true,"href":"https:\/\/www.europesays.com\/fi\/wp-json\/wp\/v2\/media\/113725"}],"wp:attachment":[{"href":"https:\/\/www.europesays.com\/fi\/wp-json\/wp\/v2\/media?parent=113724"}],"wp:term":[{"taxonomy":"category","embeddable":true,"href":"https:\/\/www.europesays.com\/fi\/wp-json\/wp\/v2\/categories?post=113724"},{"taxonomy":"post_tag","embeddable":true,"href":"https:\/\/www.europesays.com\/fi\/wp-json\/wp\/v2\/tags?post=113724"}],"curies":[{"name":"wp","href":"https:\/\/api.w.org\/{rel}","templated":true}]}}