{"id":113726,"date":"2025-12-11T16:08:08","date_gmt":"2025-12-11T16:08:08","guid":{"rendered":"https:\/\/www.europesays.com\/fi\/113726\/"},"modified":"2025-12-11T16:08:08","modified_gmt":"2025-12-11T16:08:08","slug":"fiinin-julkisivua-valaisee-taide-satakunnan-kansa","status":"publish","type":"post","link":"https:\/\/www.europesays.com\/fi\/113726\/","title":{"rendered":"Fiinin julkisivua valaisee taide &#8211; Satakunnan Kansa"},"content":{"rendered":"<p>Uuden kulttuuritalon arkkitehtuurista ammentava teos on koettavissa pime\u00e4n aikaan maaliskuuhun asti.<\/p>\n<p class=\"article-body mb-nof-24 px-nof-16\">Pori<\/p>\n<p class=\"article-body mb-nof-24 px-nof-16\">Tammikuussa avautuvan Kulturhuset Fiinin julkisivua el\u00e4v\u00f6itt\u00e4\u00e4 videoteos. Teos ammentaa Kulturhuset Fiinin arkkitehtuurista muuntamalla rakennuksen yksityiskohdat abstraktiksi, hitaasti liikkuvaksi maisemaksi.<\/p>\n<p class=\"article-body mb-nof-24 px-nof-16\">Teoksessa on n\u00e4ht\u00e4viss\u00e4 tiilisein\u00e4n muurausty\u00f6n j\u00e4lke\u00e4 ja ajan kerrostumia. Osa Kulturhuset Fiinin julkisivusta rakentuu tiilist\u00e4, joiden rouheassa pinnassa on poltossa syntynytt\u00e4 luonnollista vaihtelua. Tiiliss\u00e4 n\u00e4kyy my\u00f6s muurarin k\u00e4denj\u00e4lki, sill\u00e4 laasti on tarttunut karkeaan tiileen el\u00e4v\u00f6itt\u00e4en vaikutelmaa.<\/p>\n<p class=\"article-body mb-nof-24 px-nof-16\">Etel\u00e4puiston puolella Fiinin julkisivuun piirtyy tummista tiilist\u00e4 ladottu hento kuvio. Se muistuttaa paikalla sijainneesta Mustikan talosta.<\/p>\n<p class=\"article-body mb-nof-24 px-nof-16\">Videoteos heijastetaan Kulturhuset Fiinin Etel\u00e4puiston sek\u00e4 Mikonkadun puoleisiin julkisivuihin. Ulkotilaan sijoittuva teos on koettavissa h\u00e4m\u00e4r\u00e4n ja pime\u00e4n aikaan 12.12.2025\u201329.3.2026.<\/p>\n<p class=\"article-body mb-nof-24 px-nof-16\">Taideteos nimelt\u00e4 Pinta-Yta on syntynyt taiteilija <a class=\"article-personlink\" href=\"https:\/\/www.satakunnankansa.fi\/haku\/?query=Jani-Matti%20Salon\" rel=\"nofollow noopener\" target=\"_blank\">Jani-Matti Salon<\/a>, Svenska Kulturfunden i Bj\u00f6rneborgin (SKiB), Granlund Oy:n ja JKMM Arkkitehtien yhteisty\u00f6n\u00e4.<\/p>\n","protected":false},"excerpt":{"rendered":"Uuden kulttuuritalon arkkitehtuurista ammentava teos on koettavissa pime\u00e4n aikaan maaliskuuhun asti. Pori Tammikuussa avautuvan Kulturhuset Fiinin julkisivua el\u00e4v\u00f6itt\u00e4\u00e4&hellip;\n","protected":false},"author":2,"featured_media":113727,"comment_status":"","ping_status":"","sticky":false,"template":"","format":"standard","meta":{"footnotes":""},"categories":[135],"tags":[389,387,388,390,137,33,31,30,80,32,394,393,391,392,109],"class_list":{"0":"post-113726","1":"post","2":"type-post","3":"status-publish","4":"format-standard","5":"has-post-thumbnail","7":"category-taiteet-ja-suunnittelu","8":"tag-arts","9":"tag-arts-and-design","10":"tag-artsanddesign","11":"tag-design","12":"tag-entertainment","13":"tag-fi","14":"tag-finland","15":"tag-finnish","16":"tag-satakunnan-kansa","17":"tag-suomi","18":"tag-suunnittelu","19":"tag-taiteet","20":"tag-taiteet-ja-suunnittelu","21":"tag-taiteetsuunnittelu","22":"tag-viihde"},"share_on_mastodon":{"url":"https:\/\/pubeurope.com\/@fi\/115701802743379719","error":""},"_links":{"self":[{"href":"https:\/\/www.europesays.com\/fi\/wp-json\/wp\/v2\/posts\/113726","targetHints":{"allow":["GET"]}}],"collection":[{"href":"https:\/\/www.europesays.com\/fi\/wp-json\/wp\/v2\/posts"}],"about":[{"href":"https:\/\/www.europesays.com\/fi\/wp-json\/wp\/v2\/types\/post"}],"author":[{"embeddable":true,"href":"https:\/\/www.europesays.com\/fi\/wp-json\/wp\/v2\/users\/2"}],"replies":[{"embeddable":true,"href":"https:\/\/www.europesays.com\/fi\/wp-json\/wp\/v2\/comments?post=113726"}],"version-history":[{"count":0,"href":"https:\/\/www.europesays.com\/fi\/wp-json\/wp\/v2\/posts\/113726\/revisions"}],"wp:featuredmedia":[{"embeddable":true,"href":"https:\/\/www.europesays.com\/fi\/wp-json\/wp\/v2\/media\/113727"}],"wp:attachment":[{"href":"https:\/\/www.europesays.com\/fi\/wp-json\/wp\/v2\/media?parent=113726"}],"wp:term":[{"taxonomy":"category","embeddable":true,"href":"https:\/\/www.europesays.com\/fi\/wp-json\/wp\/v2\/categories?post=113726"},{"taxonomy":"post_tag","embeddable":true,"href":"https:\/\/www.europesays.com\/fi\/wp-json\/wp\/v2\/tags?post=113726"}],"curies":[{"name":"wp","href":"https:\/\/api.w.org\/{rel}","templated":true}]}}