{"id":113728,"date":"2025-12-11T16:11:08","date_gmt":"2025-12-11T16:11:08","guid":{"rendered":"https:\/\/www.europesays.com\/fi\/113728\/"},"modified":"2025-12-11T16:11:08","modified_gmt":"2025-12-11T16:11:08","slug":"metallikausi-kokoaa-lavalle-ainutlaatuisen-kattauksen-suomalaisen-aarimetallin-perustan-rakentaneita-legendoja","status":"publish","type":"post","link":"https:\/\/www.europesays.com\/fi\/113728\/","title":{"rendered":"Metallikausi kokoaa lavalle ainutlaatuisen kattauksen suomalaisen \u00e4\u00e4rimetallin perustan rakentaneita legendoja"},"content":{"rendered":"<p>Vuoden 2026 Euroopan kulttuurip\u00e4\u00e4kaupunkina toimivassa Oulussa aloittaa syksyll\u00e4 toimintansa uusi museo- ja tiedekeskus Tiima. Oulun Myllytullissa sijaitsevan keskuksen ensimm\u00e4isen\u00e4 n\u00e4yttelyn\u00e4 toimii pohjoisille metallib\u00e4ndeille omistettu Metallikausi \u2013 Pohjoista metallimusiikkia 1980-luvulta nykyhetkeen.<\/p>\n<p>N\u00e4yttelyn yhteydess\u00e4 j\u00e4rjestet\u00e4\u00e4n my\u00f6s keikkailtoja, joista ensimm\u00e4inen kokoaa yhteen suomalaisen \u00e4\u00e4rimetallin perustan rakentaneita legendoja. Osa esiintyjist\u00e4 palaa vuosien tauon j\u00e4lkeen, osa kokoontuu viel\u00e4 kerran vain t\u00e4t\u00e4 keikkaa varten.<\/p>\n<p>10. lokakuuta Oulun Tullisalissa j\u00e4rjestett\u00e4v\u00e4ss\u00e4 ensimm\u00e4isess\u00e4 Metallikausi Livess\u00e4 lavalle nousevat ensimm\u00e4isen keikkansa l\u00e4hes 15 vuoteen tekev\u00e4 <strong>Faff-Bey<\/strong>, thrashin rajoja avannut j\u00e4\u00e4lil\u00e4inen <strong>Maple Cross<\/strong>, 40 vuotta t\u00e4ytt\u00e4v\u00e4 <strong>National Napalm Syndicate<\/strong>, Kuusamon porometalliyhtye <strong>A.R.G.<\/strong> sek\u00e4 kiimikil\u00e4isen metallin ja suomalaisen thrashin suunnann\u00e4ytt\u00e4j\u00e4 <strong>Wengele<\/strong>. Liput keikalle ovat myynniss\u00e4 <a href=\"https:\/\/www.ticketmaster.fi\/event\/metallikausi-live-lippuja\/1897757769\" target=\"_blank\" rel=\"noreferrer noopener nofollow\">Ticketmasterissa<\/a>.<\/p>\n<p>Katso lis\u00e4tietoja <a href=\"https:\/\/www.facebook.com\/events\/771003605399964\" target=\"_blank\" rel=\"noreferrer noopener nofollow\">t\u00e4\u00e4lt\u00e4<\/a>.<\/p>\n<p>Lue my\u00f6s: <a href=\"https:\/\/www.inferno.fi\/uutiskirje\/\" title=\"Tilaa Infernon uutiskirje\" class=\"underline-custom !font-montserrat !font-bold !underline-offset-4 !decoration-4 !decoration-red-600 !text-md\" rel=\"nofollow noopener\" target=\"_blank\">Tilaa Infernon uutiskirje ja tied\u00e4t mist\u00e4 kahvitauolla puhutaan! Nappaa raskaan musiikin uutiset ja puheenaiheet suoraan s\u00e4hk\u00f6postiin t\u00e4st\u00e4.<\/a><\/p>\n","protected":false},"excerpt":{"rendered":"Vuoden 2026 Euroopan kulttuurip\u00e4\u00e4kaupunkina toimivassa Oulussa aloittaa syksyll\u00e4 toimintansa uusi museo- ja tiedekeskus Tiima. Oulun Myllytullissa sijaitsevan keskuksen&hellip;\n","protected":false},"author":2,"featured_media":113729,"comment_status":"","ping_status":"","sticky":false,"template":"","format":"standard","meta":{"footnotes":""},"categories":[132],"tags":[137,33,31,30,1039,195,47,32,109],"class_list":{"0":"post-113728","1":"post","2":"type-post","3":"status-publish","4":"format-standard","5":"has-post-thumbnail","7":"category-musiikki","8":"tag-entertainment","9":"tag-fi","10":"tag-finland","11":"tag-finnish","12":"tag-keikkauutiset","13":"tag-music","14":"tag-musiikki","15":"tag-suomi","16":"tag-viihde"},"share_on_mastodon":{"url":"https:\/\/pubeurope.com\/@fi\/115701814774316048","error":""},"_links":{"self":[{"href":"https:\/\/www.europesays.com\/fi\/wp-json\/wp\/v2\/posts\/113728","targetHints":{"allow":["GET"]}}],"collection":[{"href":"https:\/\/www.europesays.com\/fi\/wp-json\/wp\/v2\/posts"}],"about":[{"href":"https:\/\/www.europesays.com\/fi\/wp-json\/wp\/v2\/types\/post"}],"author":[{"embeddable":true,"href":"https:\/\/www.europesays.com\/fi\/wp-json\/wp\/v2\/users\/2"}],"replies":[{"embeddable":true,"href":"https:\/\/www.europesays.com\/fi\/wp-json\/wp\/v2\/comments?post=113728"}],"version-history":[{"count":0,"href":"https:\/\/www.europesays.com\/fi\/wp-json\/wp\/v2\/posts\/113728\/revisions"}],"wp:featuredmedia":[{"embeddable":true,"href":"https:\/\/www.europesays.com\/fi\/wp-json\/wp\/v2\/media\/113729"}],"wp:attachment":[{"href":"https:\/\/www.europesays.com\/fi\/wp-json\/wp\/v2\/media?parent=113728"}],"wp:term":[{"taxonomy":"category","embeddable":true,"href":"https:\/\/www.europesays.com\/fi\/wp-json\/wp\/v2\/categories?post=113728"},{"taxonomy":"post_tag","embeddable":true,"href":"https:\/\/www.europesays.com\/fi\/wp-json\/wp\/v2\/tags?post=113728"}],"curies":[{"name":"wp","href":"https:\/\/api.w.org\/{rel}","templated":true}]}}