{"id":113732,"date":"2025-12-11T16:14:09","date_gmt":"2025-12-11T16:14:09","guid":{"rendered":"https:\/\/www.europesays.com\/fi\/113732\/"},"modified":"2025-12-11T16:14:09","modified_gmt":"2025-12-11T16:14:09","slug":"ampumahiihdossa-kuohuu-venaja-valittaa-ilta-sanomat","status":"publish","type":"post","link":"https:\/\/www.europesays.com\/fi\/113732\/","title":{"rendered":"Ampumahiihdossa kuohuu: Ven\u00e4j\u00e4 valittaa &#8211; Ilta-Sanomat"},"content":{"rendered":"<p>Ven\u00e4j\u00e4 valittaa urheilijoidensa kohtalosta.<\/p>\n<p class=\"article-body mb-nof-24 px-nof-16\">Urheilun kansainv\u00e4linen v\u00e4limiesoikeus Cas on vastaanottanut valituspyynn\u00f6n Ven\u00e4j\u00e4n ampumahiihtoliitolta, Ven\u00e4j\u00e4n paralympiakomitealta ja kahdeksalta ampumahiiht\u00e4j\u00e4lt\u00e4 tai para-ampumahiiht\u00e4j\u00e4lt\u00e4.<\/p>\n<p class=\"article-body mb-nof-24 px-nof-16\">Valituspyynt\u00f6 koskee ven\u00e4l\u00e4isurheilijoiden kilpailukieltoa Milanon ja Cortina d\u2019Ampezzon talviolympialaisissa ja paralympialaisissa 2026.<\/p>\n<p class=\"article-body mb-nof-24 px-nof-16\">Kansainv\u00e4linen ampumahiihtoliitto IBU linjasi elokuussa, etteiv\u00e4t ven\u00e4l\u00e4iset ja valkoven\u00e4l\u00e4iset urheilijat voi kilpailla kisoissa neutraalin urheilijan statuksella.<\/p>\n<p class=\"article-body mb-nof-24 px-nof-16\">Liitto <a class=\"article-genericlink\" href=\"https:\/\/www.biathlonworld.com\/news\/ibu-rbu-cas\/1RPKv9KusZCm3rpVAKRc0W\" rel=\"nofollow noopener\" target=\"_blank\">tiedotti <\/a>torstaina, ett\u00e4 se pysyy edelleen aiemmassa kannassaan ja tekee yhteisty\u00f6t\u00e4 Casin kanssa.<\/p>\n<p class=\"article-body mb-nof-24 px-nof-16\">Ven\u00e4l\u00e4iset ja valkoven\u00e4l\u00e4iset urheilijat suljettiin ulos kansainv\u00e4lisist\u00e4 ampumahiihtokilpailuista vuonna 2022, kun Ven\u00e4j\u00e4 aloitti hy\u00f6kk\u00e4yssodan Ukrainassa.<\/p>\n<p class=\"article-body mb-nof-24 px-nof-16\">Kansainv\u00e4linen hiihtoliitto Fis p\u00e4\u00e4tti lokakuussa jatkaa ven\u00e4l\u00e4ishiiht\u00e4jien pannaa. Ven\u00e4j\u00e4 valitti asiasta Casiin ja voitti juttunsa.<\/p>\n","protected":false},"excerpt":{"rendered":"Ven\u00e4j\u00e4 valittaa urheilijoidensa kohtalosta. Urheilun kansainv\u00e4linen v\u00e4limiesoikeus Cas on vastaanottanut valituspyynn\u00f6n Ven\u00e4j\u00e4n ampumahiihtoliitolta, Ven\u00e4j\u00e4n paralympiakomitealta ja kahdeksalta ampumahiiht\u00e4j\u00e4lt\u00e4&hellip;\n","protected":false},"author":2,"featured_media":113733,"comment_status":"","ping_status":"","sticky":false,"template":"","format":"standard","meta":{"footnotes":""},"categories":[158],"tags":[33,31,30,34,159,32,160],"class_list":{"0":"post-113732","1":"post","2":"type-post","3":"status-publish","4":"format-standard","5":"has-post-thumbnail","7":"category-urheilu","8":"tag-fi","9":"tag-finland","10":"tag-finnish","11":"tag-ilta-sanomat","12":"tag-sports","13":"tag-suomi","14":"tag-urheilu"},"share_on_mastodon":{"url":"https:\/\/pubeurope.com\/@fi\/115701826503929285","error":""},"_links":{"self":[{"href":"https:\/\/www.europesays.com\/fi\/wp-json\/wp\/v2\/posts\/113732","targetHints":{"allow":["GET"]}}],"collection":[{"href":"https:\/\/www.europesays.com\/fi\/wp-json\/wp\/v2\/posts"}],"about":[{"href":"https:\/\/www.europesays.com\/fi\/wp-json\/wp\/v2\/types\/post"}],"author":[{"embeddable":true,"href":"https:\/\/www.europesays.com\/fi\/wp-json\/wp\/v2\/users\/2"}],"replies":[{"embeddable":true,"href":"https:\/\/www.europesays.com\/fi\/wp-json\/wp\/v2\/comments?post=113732"}],"version-history":[{"count":0,"href":"https:\/\/www.europesays.com\/fi\/wp-json\/wp\/v2\/posts\/113732\/revisions"}],"wp:featuredmedia":[{"embeddable":true,"href":"https:\/\/www.europesays.com\/fi\/wp-json\/wp\/v2\/media\/113733"}],"wp:attachment":[{"href":"https:\/\/www.europesays.com\/fi\/wp-json\/wp\/v2\/media?parent=113732"}],"wp:term":[{"taxonomy":"category","embeddable":true,"href":"https:\/\/www.europesays.com\/fi\/wp-json\/wp\/v2\/categories?post=113732"},{"taxonomy":"post_tag","embeddable":true,"href":"https:\/\/www.europesays.com\/fi\/wp-json\/wp\/v2\/tags?post=113732"}],"curies":[{"name":"wp","href":"https:\/\/api.w.org\/{rel}","templated":true}]}}