{"id":113736,"date":"2025-12-11T16:16:12","date_gmt":"2025-12-11T16:16:12","guid":{"rendered":"https:\/\/www.europesays.com\/fi\/113736\/"},"modified":"2025-12-11T16:16:12","modified_gmt":"2025-12-11T16:16:12","slug":"rottia-torjutaan-jopa-jyvaskylan-paivakotien-pihoilla-pahin-tilanne-vuosiin-keski-suomi","status":"publish","type":"post","link":"https:\/\/www.europesays.com\/fi\/113736\/","title":{"rendered":"Rottia torjutaan jopa Jyv\u00e4skyl\u00e4n p\u00e4iv\u00e4kotien pihoilla \u2013 pahin tilanne vuosiin | Keski-Suomi"},"content":{"rendered":"<p class=\"aw-1gybjub aw-5vja16 kEtdKx kmuxyA yle__article__paragraph\">Leudot ja v\u00e4h\u00e4lumiset s\u00e4\u00e4t sek\u00e4 muun muassa maankaivuuty\u00f6t ovat pahentaneet rottaongelmaa Jyv\u00e4sseudulla.<\/p>\n<p><img decoding=\"async\" alt=\"Teknikko Mikko Valkonen katsoo rotan sy\u00f6tt\u00f6asemaa.\" src=\"https:\/\/www.europesays.com\/fi\/wp-content\/uploads\/2025\/12\/39-1567786693a5a8563afa.jpeg\" class=\"aw-1l9m598 hKVVvP\"\/><\/p>\n<p>Avaa kuvien katselu<\/p>\n<p>Mikko Valkosen mukaan myrkyt ovat helpompi ja tehokkaampi tapa torjua rottia kuin loukut. Loukkuja pit\u00e4\u00e4 k\u00e4yd\u00e4 tarkastamassa useammin kuin sy\u00f6tt\u00f6laatikoita. Kuva: Titta Puurunen \/ Yle<\/p>\n<p class=\"aw-1gybjub aw-1p7kakr kEtdKx cEmitX yle__article__paragraph\">Lumessa n\u00e4kyy reilun nyrkin kokoinen reik\u00e4. Jyv\u00e4skyl\u00e4l\u00e4isen kerrostalon pihassa Tuholaistorujunta Deleconin teknikko <strong class=\"aw-ak79eh KyCXm yle__article__strong\">Mikko Valkonen<\/strong> kertoo, ett\u00e4 se on rotan kaivaman k\u00e4yt\u00e4v\u00e4n suuaukko.<\/p>\n<p class=\"aw-1gybjub aw-1p7kakr kEtdKx cEmitX yle__article__paragraph\">Valkonen availee kerrostalon ymp\u00e4rille aseteltuja rottien sy\u00f6tt\u00f6laatikoita. Rotat ovat k\u00e4yneet sy\u00f6m\u00e4ss\u00e4 l\u00e4hes kaikki myrkyt. Kerrostalon pihassa on tehty t\u00e4n\u00e4 syksyn\u00e4 useita rottahavaintoja.<\/p>\n<p class=\"aw-1gybjub aw-1p7kakr kEtdKx cEmitX yle__article__paragraph\">Kerrostalon asukkaat ovat vahvistaneet bioj\u00e4teastioiden pohjia roskakatoksessa, jotta rotat eiv\u00e4t en\u00e4\u00e4 p\u00e4\u00e4sisi niihin.<\/p>\n<p class=\"aw-1gybjub aw-1p7kakr kEtdKx cEmitX yle__article__paragraph\">\u2013 Bioj\u00e4teastioiden pohjissa on huuhteluaukot, joiden kautta rotat ovat k\u00e4yneet ruokailemassa.<\/p>\n<p><img decoding=\"async\" alt=\"Rotan tekem\u00e4 kolo lumessa.\" src=\"https:\/\/www.europesays.com\/fi\/wp-content\/uploads\/2025\/12\/39-1568074693ab22378f93.jpeg\" loading=\"lazy\" class=\"aw-1l9m598 hKVVvP\"\/><\/p>\n<p>Avaa kuvien katselu<\/p>\n<p>Mikko Valkosen mukaan rotat menev\u00e4t takaisin pes\u00e4\u00e4n sy\u00f6ty\u00e4\u00e4n myrkky\u00e4. Muut rotat sy\u00f6v\u00e4t myrkytyksen saaneen rotan, ja sit\u00e4 kautta my\u00f6s muut rotat kuolevat. Kuva: Titta Puurunen \/ Yle<\/p>\n<p class=\"aw-1gybjub aw-1p7kakr kEtdKx cEmitX yle__article__paragraph\">Jyv\u00e4skyl\u00e4ss\u00e4 on tehty runsaasti rottahavaintoja t\u00e4n\u00e4 syksyn\u00e4. Jyv\u00e4skyl\u00e4n kaupungin ymp\u00e4rist\u00f6terveystarkastaja <strong class=\"aw-ak79eh KyCXm yle__article__strong\">Vesa Ilmolan<\/strong> mukaan yht\u00e4 vaikea rottatilanne oli huippuvuonna 2020.<\/p>\n<p class=\"aw-1gybjub aw-1p7kakr kEtdKx cEmitX yle__article__paragraph\">Rottaongelma on vaikea koko maassa.<\/p>\n<p class=\"aw-1gybjub aw-1p7kakr kEtdKx cEmitX yle__article__paragraph\">Vaikein tilanne on Jyv\u00e4skyl\u00e4n lis\u00e4ksi \u00c4\u00e4nekoskella. Terveystarkastusten yhteistoiminta-alueeseen kuuluu Jyv\u00e4sseudulla kymmenen kuntaa.<\/p>\n<p class=\"aw-1gybjub aw-1p7kakr kEtdKx cEmitX yle__article__paragraph\">Rottia on jouduttu torjumaan jopa kolmen jyv\u00e4skyl\u00e4l\u00e4isen p\u00e4iv\u00e4kodin pihalla. Rottahavaintoja on tehty p\u00e4\u00e4asiassa asutusten ulkopuolella, mutta joissakin paikoissa my\u00f6s sis\u00e4tiloissa.<\/p>\n<p class=\"aw-1gybjub aw-1p7kakr kEtdKx cEmitX yle__article__paragraph\">\u2013 Soittoja rottahavainnosta tulee viikoittain. Ennen vuotta 2020 niit\u00e4 tuli hyvin harvoin, sanoo Ilmola.<\/p>\n<p>Syyn\u00e4 ilmastonmuutos<\/p>\n<p class=\"aw-1gybjub aw-1p7kakr kEtdKx cEmitX yle__article__paragraph\">Rotat lis\u00e4\u00e4ntyv\u00e4t tehokkaasti. Naarasrotta synnytt\u00e4\u00e4 keskim\u00e4\u00e4rin kolmekymment\u00e4 poikasta vuosittain, mutta voi saada jopa sata poikasta vuodessa.<\/p>\n<p class=\"aw-1gybjub aw-1p7kakr kEtdKx cEmitX yle__article__paragraph\">Syit\u00e4 rottahavaintojen lis\u00e4\u00e4ntymiseen on pohdittu paljon. Ilmastonmuutos on yksi iso asia, jonka uskotaan vaikuttavan m\u00e4\u00e4r\u00e4n kasvuun.<\/p>\n<p class=\"aw-1gybjub aw-1p7kakr kEtdKx cEmitX yle__article__paragraph\">\u2013 Leudot ja v\u00e4h\u00e4lumiset talvet luovat hyv\u00e4t olosuhteet rotille, sanoo Valkonen.<\/p>\n<p class=\"aw-1gybjub aw-1p7kakr kEtdKx cEmitX yle__article__paragraph\">Ilmola kertoo, ett\u00e4 jyrsij\u00f6iden m\u00e4\u00e4r\u00e4\u00e4 ovat kasvattaneet my\u00f6s lintujen ruokkiminen maahan, vahvojen myrkkyjen kielt\u00e4minen kuluttajilta sek\u00e4 bioj\u00e4teastioiden ja kompostien huolimaton yll\u00e4pito.<\/p>\n<p class=\"aw-1gybjub aw-1p7kakr kEtdKx cEmitX yle__article__paragraph\">My\u00f6s maankaivuuty\u00f6t saavat rotat liikkeelle. Jyv\u00e4skyl\u00e4ss\u00e4 on rakennettu ja kaivettu maata viime vuosina paljon.<\/p>\n<p class=\"aw-1gybjub aw-1p7kakr kEtdKx cEmitX yle__article__paragraph\">\u2013 Yhdess\u00e4 yhdyskunnassa voi olla pahimmillaan satojakin rottia, jotka l\u00e4htev\u00e4t liikkeelle maankaivuut\u00f6iden tielt\u00e4.<\/p>\n<p class=\"aw-1gybjub aw-1p7kakr kEtdKx cEmitX yle__article__paragraph\">Rotat voivat levitt\u00e4\u00e4 salmonellaa. Ilmola neuvoo, ett\u00e4 bioj\u00e4teastioista ja komposteista pidett\u00e4isiin hyv\u00e4\u00e4 huolta. My\u00f6sk\u00e4\u00e4n lintuja ei pit\u00e4isi ruokkia maahan, eik\u00e4 kes\u00e4isin ollenkaan.<\/p>\n<p class=\"aw-1gybjub aw-1p7kakr kEtdKx cEmitX yle__article__paragraph\"><a class=\"aw-iao6s4 iHOxEa yle__article__link\" href=\"https:\/\/www.ksml.fi\/paikalliset\/9058503\" role=\"link\" rel=\"nofollow noopener\" target=\"_blank\">Jyv\u00e4skyl\u00e4n rottaongelmasta<\/a> kertoi ensimm\u00e4isen\u00e4 Keskisuomalainen.<\/p>\n","protected":false},"excerpt":{"rendered":"Leudot ja v\u00e4h\u00e4lumiset s\u00e4\u00e4t sek\u00e4 muun muassa maankaivuuty\u00f6t ovat pahentaneet rottaongelmaa Jyv\u00e4sseudulla. Avaa kuvien katselu Mikko Valkosen mukaan&hellip;\n","protected":false},"author":2,"featured_media":113737,"comment_status":"","ping_status":"","sticky":false,"template":"","format":"standard","meta":{"footnotes":""},"categories":[112],"tags":[404,33,31,30,425,474,8216,10464,118,32,119],"class_list":{"0":"post-113736","1":"post","2":"type-post","3":"status-publish","4":"format-standard","5":"has-post-thumbnail","7":"category-tiede","8":"tag-elaimet","9":"tag-fi","10":"tag-finland","11":"tag-finnish","12":"tag-jyvaskyla","13":"tag-keski-suomi","14":"tag-rotat","15":"tag-rottaongelma","16":"tag-science","17":"tag-suomi","18":"tag-tiede"},"share_on_mastodon":{"url":"https:\/\/pubeurope.com\/@fi\/115701834558055675","error":""},"_links":{"self":[{"href":"https:\/\/www.europesays.com\/fi\/wp-json\/wp\/v2\/posts\/113736","targetHints":{"allow":["GET"]}}],"collection":[{"href":"https:\/\/www.europesays.com\/fi\/wp-json\/wp\/v2\/posts"}],"about":[{"href":"https:\/\/www.europesays.com\/fi\/wp-json\/wp\/v2\/types\/post"}],"author":[{"embeddable":true,"href":"https:\/\/www.europesays.com\/fi\/wp-json\/wp\/v2\/users\/2"}],"replies":[{"embeddable":true,"href":"https:\/\/www.europesays.com\/fi\/wp-json\/wp\/v2\/comments?post=113736"}],"version-history":[{"count":0,"href":"https:\/\/www.europesays.com\/fi\/wp-json\/wp\/v2\/posts\/113736\/revisions"}],"wp:featuredmedia":[{"embeddable":true,"href":"https:\/\/www.europesays.com\/fi\/wp-json\/wp\/v2\/media\/113737"}],"wp:attachment":[{"href":"https:\/\/www.europesays.com\/fi\/wp-json\/wp\/v2\/media?parent=113736"}],"wp:term":[{"taxonomy":"category","embeddable":true,"href":"https:\/\/www.europesays.com\/fi\/wp-json\/wp\/v2\/categories?post=113736"},{"taxonomy":"post_tag","embeddable":true,"href":"https:\/\/www.europesays.com\/fi\/wp-json\/wp\/v2\/tags?post=113736"}],"curies":[{"name":"wp","href":"https:\/\/api.w.org\/{rel}","templated":true}]}}