{"id":113738,"date":"2025-12-11T16:18:09","date_gmt":"2025-12-11T16:18:09","guid":{"rendered":"https:\/\/www.europesays.com\/fi\/113738\/"},"modified":"2025-12-11T16:18:09","modified_gmt":"2025-12-11T16:18:09","slug":"raunistulassa-otettiin-kayttoon-ajonestopollarit-turun-sanomat","status":"publish","type":"post","link":"https:\/\/www.europesays.com\/fi\/113738\/","title":{"rendered":"Raunistulassa otettiin k\u00e4ytt\u00f6\u00f6n ajonestopollarit | Turun Sanomat"},"content":{"rendered":"<p class=\"teksti\">Raunistulaan on rakennettu uusi joukkoliikennekatu, jossa otettiin torstaina k\u00e4ytt\u00f6\u00f6n ajonestopollarit. Katu on nimelt\u00e4\u00e4n Lyylintie, ja se kulkee Raunistulantien ja Virusm\u00e4entien v\u00e4liss\u00e4.<\/p>\n<p>        <a class=\"tsv3-c-common-article__attachment__link tsv3-c-common-article__attachment__narrow\" href=\"https:\/\/www.europesays.com\/fi\/wp-content\/uploads\/2025\/12\/pic_5_6848392_k11591344_1200.jpg\" data-contentpop=\"True\" data-contentpop-id=\"k11591344\" data-contentpop-title=\"\" data-contentpop-photographer=\"\" data-contentpop-type=\"image\" target=\"_blank\">&#13;<br \/>\n&#13;<br \/>\n&#13;<br \/>\n<img decoding=\"async\" alt=\"\" class=\"tsv3-c-common-article__attachment__link__previewimage\"  src=\"https:\/\/www.europesays.com\/fi\/wp-content\/uploads\/2025\/12\/pic_5_6848392_k11591344_1200.jpg\" \/>&#13;<br \/>\n                <\/a><\/p>\n<p class=\"teksti\">Joukkoliikennekadulla voivat liikenn\u00f6id\u00e4 ainoastaan linja-autot ja tarvittaessa h\u00e4lytysajoneuvot. Pollarit laskeutuvat automaattisesti linja-auton l\u00e4hestyess\u00e4 ja nousevat sitten takaisin yl\u00f6s. Lasku- ja nousuvaiheissa pollareissa vilkkuu punainen valo.<\/p>\n<p class=\"teksti\">Turun kaupunki muistuttaa tiedotteessa l\u00e4piajokiellon muulle liikenteelle olevan voimassa my\u00f6s silloin, kun pollarit ovat ala-asennossa. Torstaina kadulla kulki kielloista huolimatta niin k\u00e4velij\u00f6it\u00e4, py\u00f6r\u00e4ilij\u00f6it\u00e4 kuin autoilijoitakin.<\/p>\n","protected":false},"excerpt":{"rendered":"Raunistulaan on rakennettu uusi joukkoliikennekatu, jossa otettiin torstaina k\u00e4ytt\u00f6\u00f6n ajonestopollarit. Katu on nimelt\u00e4\u00e4n Lyylintie, ja se kulkee Raunistulantien&hellip;\n","protected":false},"author":2,"featured_media":113739,"comment_status":"","ping_status":"","sticky":false,"template":"","format":"standard","meta":{"footnotes":""},"categories":[76],"tags":[79,77,33,31,30,32,78],"class_list":{"0":"post-113738","1":"post","2":"type-post","3":"status-publish","4":"format-standard","5":"has-post-thumbnail","7":"category-talous","8":"tag-business","9":"tag-economy","10":"tag-fi","11":"tag-finland","12":"tag-finnish","13":"tag-suomi","14":"tag-talous"},"share_on_mastodon":{"url":"https:\/\/pubeurope.com\/@fi\/115701842541526185","error":""},"_links":{"self":[{"href":"https:\/\/www.europesays.com\/fi\/wp-json\/wp\/v2\/posts\/113738","targetHints":{"allow":["GET"]}}],"collection":[{"href":"https:\/\/www.europesays.com\/fi\/wp-json\/wp\/v2\/posts"}],"about":[{"href":"https:\/\/www.europesays.com\/fi\/wp-json\/wp\/v2\/types\/post"}],"author":[{"embeddable":true,"href":"https:\/\/www.europesays.com\/fi\/wp-json\/wp\/v2\/users\/2"}],"replies":[{"embeddable":true,"href":"https:\/\/www.europesays.com\/fi\/wp-json\/wp\/v2\/comments?post=113738"}],"version-history":[{"count":0,"href":"https:\/\/www.europesays.com\/fi\/wp-json\/wp\/v2\/posts\/113738\/revisions"}],"wp:featuredmedia":[{"embeddable":true,"href":"https:\/\/www.europesays.com\/fi\/wp-json\/wp\/v2\/media\/113739"}],"wp:attachment":[{"href":"https:\/\/www.europesays.com\/fi\/wp-json\/wp\/v2\/media?parent=113738"}],"wp:term":[{"taxonomy":"category","embeddable":true,"href":"https:\/\/www.europesays.com\/fi\/wp-json\/wp\/v2\/categories?post=113738"},{"taxonomy":"post_tag","embeddable":true,"href":"https:\/\/www.europesays.com\/fi\/wp-json\/wp\/v2\/tags?post=113738"}],"curies":[{"name":"wp","href":"https:\/\/api.w.org\/{rel}","templated":true}]}}