{"id":113746,"date":"2025-12-11T16:33:09","date_gmt":"2025-12-11T16:33:09","guid":{"rendered":"https:\/\/www.europesays.com\/fi\/113746\/"},"modified":"2025-12-11T16:33:09","modified_gmt":"2025-12-11T16:33:09","slug":"viisuvoittaja-luopuu-palkinnostaan","status":"publish","type":"post","link":"https:\/\/www.europesays.com\/fi\/113746\/","title":{"rendered":"Viisuvoittaja luopuu palkinnostaan"},"content":{"rendered":"<p>Nemo luopuu viisupalkinnostaan.<\/p>\n<p><img decoding=\"async\" class=\"image image-show image-preview\" src=\"https:\/\/www.europesays.com\/fi\/wp-content\/uploads\/2025\/12\/a97a80dbe8dd89c9eca715fed8099d16193b636d19ad4548e927d04ef44ac2ee.jpg\" alt=\"\"\/><img decoding=\"async\" class=\"image image-show\" src=\"https:\/\/www.europesays.com\/fi\/wp-content\/uploads\/2025\/12\/1765470789_407_a97a80dbe8dd89c9eca715fed8099d16193b636d19ad4548e927d04ef44ac2ee.jpg\" alt=\"\"\/><\/p>\n<p>Sveitsin euroviisuvoittaja Nemo ilmoittaa luopuvansa palkinnostaan. AOP<\/p>\n<p class=\"paragraph\">Vuoden 2024 euroviisuvoittaja <a href=\"https:\/\/www.iltalehti.fi\/henkilot\/Nemo\" class=\"article-link-person-page\" rel=\"nofollow noopener\" target=\"_blank\">Nemo<\/a> kertoo Instagramissa luopuvansa palkinnostaan.<\/p>\n<p class=\"paragraph\">\u2013 Viime vuonna voitin Euroviisut ja sen mukana minulle my\u00f6nnettiin palkinto. Ja vaikka olen \u00e4\u00e4rimm\u00e4isen kiitollinen kilpailua ymp\u00e4r\u00f6iv\u00e4st\u00e4 yhteis\u00f6st\u00e4 ja kaikesta, mit\u00e4 t\u00e4m\u00e4 kokemus on minulle opettanut sek\u00e4 ihmisen\u00e4 ett\u00e4 artistina, en t\u00e4n\u00e4 p\u00e4iv\u00e4n\u00e4 en\u00e4\u00e4 koe, ett\u00e4 t\u00e4m\u00e4 palkinto kuuluu hyllylleni.<\/p>\n<p class=\"paragraph\">\u2013 Euroviisut sanoo seisovansa kaikkien yhten\u00e4isyyden, inklusiivisuuden ja kunnian takana. Nuo arvot tekiv\u00e4t t\u00e4st\u00e4 kilpailusta minulle merkityksellisen.<\/p>\n<p class=\"paragraph\">\u2013 Mutta se, ett\u00e4 Israel jatkaa osallistumistaan samaan aikaan, kun YK on todennut, ett\u00e4 k\u00e4ynniss\u00e4 on kansanmurha, osoittaa selv\u00e4n konfliktin n\u00e4iden ideaalien ja Ebun tekemien p\u00e4\u00e4t\u00f6sten v\u00e4lill\u00e4.<\/p>\n<p class=\"paragraph\">Juttu p\u00e4ivittyy.<\/p>\n","protected":false},"excerpt":{"rendered":"Nemo luopuu viisupalkinnostaan. Sveitsin euroviisuvoittaja Nemo ilmoittaa luopuvansa palkinnostaan. AOP Vuoden 2024 euroviisuvoittaja Nemo kertoo Instagramissa luopuvansa palkinnostaan.&hellip;\n","protected":false},"author":2,"featured_media":113747,"comment_status":"","ping_status":"","sticky":false,"template":"","format":"standard","meta":{"footnotes":""},"categories":[136],"tags":[35,138,407,137,33,31,30,408,763,47,141,32,397,484,109],"class_list":{"0":"post-113746","1":"post","2":"type-post","3":"status-publish","4":"format-standard","5":"has-post-thumbnail","7":"category-julkkikset","8":"tag-24h","9":"tag-audio","10":"tag-celebrities","11":"tag-entertainment","12":"tag-fi","13":"tag-finland","14":"tag-finnish","15":"tag-julkkikset","16":"tag-kulttuuri-ja-viihde","17":"tag-musiikki","18":"tag-muusikot-bandit","19":"tag-suomi","20":"tag-taide","21":"tag-taiteellinen-ilmaisu-ja-mediat","22":"tag-viihde"},"share_on_mastodon":{"url":"https:\/\/pubeurope.com\/@fi\/115701901310831008","error":""},"_links":{"self":[{"href":"https:\/\/www.europesays.com\/fi\/wp-json\/wp\/v2\/posts\/113746","targetHints":{"allow":["GET"]}}],"collection":[{"href":"https:\/\/www.europesays.com\/fi\/wp-json\/wp\/v2\/posts"}],"about":[{"href":"https:\/\/www.europesays.com\/fi\/wp-json\/wp\/v2\/types\/post"}],"author":[{"embeddable":true,"href":"https:\/\/www.europesays.com\/fi\/wp-json\/wp\/v2\/users\/2"}],"replies":[{"embeddable":true,"href":"https:\/\/www.europesays.com\/fi\/wp-json\/wp\/v2\/comments?post=113746"}],"version-history":[{"count":0,"href":"https:\/\/www.europesays.com\/fi\/wp-json\/wp\/v2\/posts\/113746\/revisions"}],"wp:featuredmedia":[{"embeddable":true,"href":"https:\/\/www.europesays.com\/fi\/wp-json\/wp\/v2\/media\/113747"}],"wp:attachment":[{"href":"https:\/\/www.europesays.com\/fi\/wp-json\/wp\/v2\/media?parent=113746"}],"wp:term":[{"taxonomy":"category","embeddable":true,"href":"https:\/\/www.europesays.com\/fi\/wp-json\/wp\/v2\/categories?post=113746"},{"taxonomy":"post_tag","embeddable":true,"href":"https:\/\/www.europesays.com\/fi\/wp-json\/wp\/v2\/tags?post=113746"}],"curies":[{"name":"wp","href":"https:\/\/api.w.org\/{rel}","templated":true}]}}