{"id":113748,"date":"2025-12-11T16:37:08","date_gmt":"2025-12-11T16:37:08","guid":{"rendered":"https:\/\/www.europesays.com\/fi\/113748\/"},"modified":"2025-12-11T16:37:08","modified_gmt":"2025-12-11T16:37:08","slug":"viime-vuoden-euroviisuvoittaja-nemo-luopuu-palkinnostaan","status":"publish","type":"post","link":"https:\/\/www.europesays.com\/fi\/113748\/","title":{"rendered":"Viime vuoden euroviisuvoittaja Nemo luopuu palkinnostaan"},"content":{"rendered":"<p>Euroviisut|Nemo kertoo Instagram-tilill\u00e4\u00e4n l\u00e4hett\u00e4v\u00e4ns\u00e4 pokaalinsa Ebulle organisaation Israel-kytk\u00f6sten takia.<\/p>\n<p>Lue tiivistelm\u00e4<\/p>\n<p>Tiivistelm\u00e4 on teko\u00e4lyn tekem\u00e4 ja ihmisen tarkistama.<\/p>\n<p class=\"article-body mb-nof-24 px-nof-16 sndp-summary-bullet-point-font\">Viime vuoden euroviisuvoittaja, sveitsil\u00e4inen rap-artisti Nemo Mettler luopuu kilpailun palkinnosta.<\/p>\n<p class=\"article-body mb-nof-24 px-nof-16 sndp-summary-bullet-point-font\">Mettler l\u00e4hett\u00e4\u00e4 pokaalin Euroopan yleisradiounioni Ebulle Israelin osallistumisen takia.<\/p>\n<p class=\"article-body mb-nof-24 px-nof-16 sndp-summary-bullet-point-font\">Mettler sanoo, ett\u00e4 Israelin osallistuminen vesitt\u00e4\u00e4 Euroviisujen arvoja kuten yhten\u00e4isyytt\u00e4 ja inkluusiota.<\/p>\n<p class=\"article-body mb-nof-24 px-nof-16\">Viime vuoden euroviisuvoittaja, sveitsil\u00e4inen rap-artisti <a class=\"article-personlink\" href=\"https:\/\/www.hs.fi\/haku\/?query=Nemo\" rel=\"nofollow noopener\" target=\"_blank\">Nemo<\/a>, koko nimelt\u00e4\u00e4n <a class=\"article-personlink\" href=\"https:\/\/www.hs.fi\/haku\/?query=Nemo%20Mettler\" rel=\"nofollow noopener\" target=\"_blank\">Nemo Mettler<\/a> ilmoittaa <a class=\"article-genericlink\" href=\"https:\/\/www.instagram.com\/p\/DSIMV83DO4d\/?img_index=2\" rel=\"nofollow noopener\" target=\"_blank\">Instagram-tilill\u00e4\u00e4n<\/a> luopuvansa kilpailussa ansaitsemastaan palkinnosta.<\/p>\n<p class=\"article-body mb-nof-24 px-nof-16\">Mettler voitti laulukilpailun kappaleellaan The Code. H\u00e4n aikoo l\u00e4hett\u00e4\u00e4 palkintonsa Euroviisuja j\u00e4rjest\u00e4v\u00e4n Euroopan yleisradiounioni Ebun p\u00e4\u00e4konttorille Geneveen.<\/p>\n<p class=\"article-body mb-nof-24 px-nof-16\">\u201dVaikka olen suunnattoman kiitollinen kilpailun yhteis\u00f6st\u00e4 ja kaikesta, mit\u00e4 t\u00e4m\u00e4 kokemus on opettanut minulle artistina ja ihmisen\u00e4, en en\u00e4\u00e4 tunne, ett\u00e4 palkinto kuuluu hyllylleni\u201d, artisti kirjoittaa.<\/p>\n<p class=\"article-body mb-nof-24 px-nof-16\">H\u00e4n jatkaa luettelemalla Euroviisujen ydinarvoja: yhten\u00e4isyytt\u00e4, inkluusiota ja arvokkuutta. Mettlerin mukaan arvot olivat h\u00e4nelle t\u00e4rkeit\u00e4, mutta Israelin osallistuminen kilpailuun vesitt\u00e4\u00e4 niit\u00e4.<\/p>\n<p class=\"article-body mb-nof-24 px-nof-16\">Mettler n\u00e4kee ristiriidan kansanmurhaan syyllistyv\u00e4n valtion osallistumisen ja pehmeiden arvojen toistamisen v\u00e4lill\u00e4. H\u00e4nen mukaansa on v\u00e4\u00e4rin kutsua kilpailua ep\u00e4poliittiseksi.<\/p>\n<p class=\"article-body mb-nof-24 px-nof-16\">\u201dKun kokonaiset valtiot vet\u00e4ytyv\u00e4t kilpailusta t\u00e4m\u00e4n ristiriidan vuoksi, pit\u00e4isi olla selv\u00e4\u00e4, ett\u00e4 jokin on syv\u00e4sti v\u00e4\u00e4rin\u201d, Mettler jatkaa.<\/p>\n<p class=\"article-body mb-nof-24 px-nof-16\">Ongelma ei ole artistin mukaan yksil\u00f6iss\u00e4 vaan organisaatiossa.<\/p>\n<p class=\"article-body mb-nof-24 px-nof-16\">\u201dJos lavalla puolesta puhumiemme arvojen mukaan ei elet\u00e4 lavan takana, kauneimmatkin laulut menett\u00e4v\u00e4t merkityksens\u00e4\u201d, artisti sanoo.<\/p>\n<p class=\"article-body mb-nof-24 px-nof-16\">\u201dOdotan, ett\u00e4 sanat ja teot kohtaavat. Siihen asti palkinto on teid\u00e4n.\u201d<\/p>\n<p class=\"article-body mb-nof-24 px-nof-16\">Tulevan kev\u00e4\u00e4n Euroviisujen ymp\u00e4rill\u00e4 on viime viikkoina ollut paljon polemiikkia.<\/p>\n<p class=\"article-body mb-nof-24 px-nof-16\"><a class=\"article-genericlink\" href=\"https:\/\/www.hs.fi\/kulttuuri\/art-2000011670665.html\" rel=\"nofollow noopener\" target=\"_blank\">Useat maat ovat vet\u00e4ytyneet<\/a> kilpailuista Israelin osallistumisen takia. Boikotin puolesta suurinta \u00e4\u00e4nt\u00e4 ovat pit\u00e4neet Hollanti, Espanja, Irlanti ja Slovenia. <a class=\"article-genericlink\" href=\"https:\/\/www.hs.fi\/kulttuuri\/art-2000011683718.html\" rel=\"nofollow noopener\" target=\"_blank\">My\u00f6s Islanti kertoi j\u00e4tt\u00e4ytyv\u00e4ns\u00e4 pois tapahtumasta<\/a>.<\/p>\n<p class=\"article-body mb-nof-24 px-nof-16\">Suomi ei ole toistaiseksi ilmoittanut vet\u00e4ytyv\u00e4ns\u00e4 kilpailusta. Muun muassa <a class=\"article-genericlink\" href=\"https:\/\/www.hs.fi\/kulttuuri\/art-2000011670771.html\" rel=\"nofollow noopener\" target=\"_blank\">Suomen Euroviisuklubi kertoi viime viikolla tukevansa Yleisradion p\u00e4\u00e4t\u00f6st\u00e4 osallistua<\/a>.<\/p>\n<p><script async src=\"\/\/www.instagram.com\/embed.js\"><\/script><\/p>\n","protected":false},"excerpt":{"rendered":"Euroviisut|Nemo kertoo Instagram-tilill\u00e4\u00e4n l\u00e4hett\u00e4v\u00e4ns\u00e4 pokaalinsa Ebulle organisaation Israel-kytk\u00f6sten takia. Lue tiivistelm\u00e4 Tiivistelm\u00e4 on teko\u00e4lyn tekem\u00e4 ja ihmisen tarkistama.&hellip;\n","protected":false},"author":2,"featured_media":113749,"comment_status":"","ping_status":"","sticky":false,"template":"","format":"standard","meta":{"footnotes":""},"categories":[132],"tags":[137,33,31,30,46,195,47,32,109],"class_list":{"0":"post-113748","1":"post","2":"type-post","3":"status-publish","4":"format-standard","5":"has-post-thumbnail","7":"category-musiikki","8":"tag-entertainment","9":"tag-fi","10":"tag-finland","11":"tag-finnish","12":"tag-helsingin-sanomat","13":"tag-music","14":"tag-musiikki","15":"tag-suomi","16":"tag-viihde"},"share_on_mastodon":{"url":"https:\/\/pubeurope.com\/@fi\/115701917023842916","error":""},"_links":{"self":[{"href":"https:\/\/www.europesays.com\/fi\/wp-json\/wp\/v2\/posts\/113748","targetHints":{"allow":["GET"]}}],"collection":[{"href":"https:\/\/www.europesays.com\/fi\/wp-json\/wp\/v2\/posts"}],"about":[{"href":"https:\/\/www.europesays.com\/fi\/wp-json\/wp\/v2\/types\/post"}],"author":[{"embeddable":true,"href":"https:\/\/www.europesays.com\/fi\/wp-json\/wp\/v2\/users\/2"}],"replies":[{"embeddable":true,"href":"https:\/\/www.europesays.com\/fi\/wp-json\/wp\/v2\/comments?post=113748"}],"version-history":[{"count":0,"href":"https:\/\/www.europesays.com\/fi\/wp-json\/wp\/v2\/posts\/113748\/revisions"}],"wp:featuredmedia":[{"embeddable":true,"href":"https:\/\/www.europesays.com\/fi\/wp-json\/wp\/v2\/media\/113749"}],"wp:attachment":[{"href":"https:\/\/www.europesays.com\/fi\/wp-json\/wp\/v2\/media?parent=113748"}],"wp:term":[{"taxonomy":"category","embeddable":true,"href":"https:\/\/www.europesays.com\/fi\/wp-json\/wp\/v2\/categories?post=113748"},{"taxonomy":"post_tag","embeddable":true,"href":"https:\/\/www.europesays.com\/fi\/wp-json\/wp\/v2\/tags?post=113748"}],"curies":[{"name":"wp","href":"https:\/\/api.w.org\/{rel}","templated":true}]}}