{"id":113750,"date":"2025-12-11T16:38:09","date_gmt":"2025-12-11T16:38:09","guid":{"rendered":"https:\/\/www.europesays.com\/fi\/113750\/"},"modified":"2025-12-11T16:38:09","modified_gmt":"2025-12-11T16:38:09","slug":"marvel-ohjaaja-paljasti-innostuksen-puuskassaan-black-panther-3-elokuvan-julkaisuajankohdan","status":"publish","type":"post","link":"https:\/\/www.europesays.com\/fi\/113750\/","title":{"rendered":"Marvel-ohjaaja paljasti innostuksen puuskassaan Black Panther 3 -elokuvan julkaisuajankohdan"},"content":{"rendered":"<p>Ohjaaja <strong>Ryan Coogler <\/strong>vahvisti New York Timesille, ett\u00e4 Black Panther 3 julkaistaan vuonna 2028.<\/p>\n<p>\u201cOlen aivan t\u00e4pin\u00f6iss\u00e4ni t\u00e4st\u00e4 elokuvasta, veliseni\u201d, Coogler kommentoi.<\/p>\n<p>Kun ohjaajalta kysyttiin h\u00e4nen suunnitelmistaan Marvel-projektin j\u00e4lkeen, h\u00e4n kuvaili runolliseen tyyliin:<\/p>\n<p>\u201cN\u00e4en vihre\u00e4n niityn Bay Arean sumuisessa aamunkoitteessa. N\u00e4en sen, koska se tuntuu avaralta maisemalta. Avoimelta mahdollisuudelta\u201d.<\/p>\n<p>Lue my\u00f6s: <a href=\"https:\/\/www.episodi.fi\/uutiset\/sinners-mies-tekee-seuraavaksi-suositun-supersankarileffan-jatko-osan\/\" title=\"Sinners-mies tekee seuraavaksi suositun supersankarileffan jatko-osan\" class=\"underline-custom !font-montserrat !font-bold !underline-offset-4 !decoration-4 !decoration-episodi-blue !text-md\" rel=\"nofollow noopener\" target=\"_blank\">Sinners-mies tekee seuraavaksi suositun supersankarileffan jatko-osan<\/a><\/p>\n<p>Lue my\u00f6s: <a href=\"https:\/\/www.episodi.fi\/uutiset\/black-panther-3n-nimi-paljastettiin-mita-tama-tarkoittaa-wakandalle\/\" title=\"Black Panther 3:n nimi paljastettiin \u2013 mit\u00e4 t\u00e4m\u00e4 tarkoittaa Wakandalle?\" class=\"underline-custom !font-montserrat !font-bold !underline-offset-4 !decoration-4 !decoration-episodi-blue !text-md\" rel=\"nofollow noopener\" target=\"_blank\">Black Panther 3:n nimi paljastettiin \u2013 mit\u00e4 t\u00e4m\u00e4 tarkoittaa Wakandalle?<\/a><\/p>\n<p>Kolmannen Black Panther -elokuvan virallista nime\u00e4 ei ole viel\u00e4 paljastettu, mutta joidenkin tietojen mukaan se olisi Shadows of Wakanda.<\/p>\n<p>Elokuvan p\u00e4\u00e4hahmo on <strong>Letitia Wrightin <\/strong>esitt\u00e4m\u00e4 Shuri. Iso uutinen on se, ett\u00e4 leffassa n\u00e4hd\u00e4\u00e4n my\u00f6s kaksinkertainen Oscar-voittaja <strong>Denzel Washington<\/strong>. H\u00e4nen roolistaan ei ole viel\u00e4 tietoa.<\/p>\n<p>Black Panther 3:n kuvaukset on ilmoitettu alkavaksi 2026\u20132027.<\/p>\n<p>L\u00e4hde: <a href=\"https:\/\/screenrant.com\/black-panther-3-release-year-update\/\" rel=\"nofollow noopener\" target=\"_blank\">ScreenRant<\/a><\/p>\n","protected":false},"excerpt":{"rendered":"Ohjaaja Ryan Coogler vahvisti New York Timesille, ett\u00e4 Black Panther 3 julkaistaan vuonna 2028. \u201cOlen aivan t\u00e4pin\u00f6iss\u00e4ni t\u00e4st\u00e4&hellip;\n","protected":false},"author":2,"featured_media":113751,"comment_status":"","ping_status":"","sticky":false,"template":"","format":"standard","meta":{"footnotes":""},"categories":[131],"tags":[20924,155,137,33,173,31,30,172,20925,32,109],"class_list":{"0":"post-113750","1":"post","2":"type-post","3":"status-publish","4":"format-standard","5":"has-post-thumbnail","7":"category-elokuvat","8":"tag-black-panther-3","9":"tag-elokuvat","10":"tag-entertainment","11":"tag-fi","12":"tag-film","13":"tag-finland","14":"tag-finnish","15":"tag-movies","16":"tag-shadows-of-wakanda","17":"tag-suomi","18":"tag-viihde"},"share_on_mastodon":{"url":"https:\/\/pubeurope.com\/@fi\/115701920726122801","error":""},"_links":{"self":[{"href":"https:\/\/www.europesays.com\/fi\/wp-json\/wp\/v2\/posts\/113750","targetHints":{"allow":["GET"]}}],"collection":[{"href":"https:\/\/www.europesays.com\/fi\/wp-json\/wp\/v2\/posts"}],"about":[{"href":"https:\/\/www.europesays.com\/fi\/wp-json\/wp\/v2\/types\/post"}],"author":[{"embeddable":true,"href":"https:\/\/www.europesays.com\/fi\/wp-json\/wp\/v2\/users\/2"}],"replies":[{"embeddable":true,"href":"https:\/\/www.europesays.com\/fi\/wp-json\/wp\/v2\/comments?post=113750"}],"version-history":[{"count":0,"href":"https:\/\/www.europesays.com\/fi\/wp-json\/wp\/v2\/posts\/113750\/revisions"}],"wp:featuredmedia":[{"embeddable":true,"href":"https:\/\/www.europesays.com\/fi\/wp-json\/wp\/v2\/media\/113751"}],"wp:attachment":[{"href":"https:\/\/www.europesays.com\/fi\/wp-json\/wp\/v2\/media?parent=113750"}],"wp:term":[{"taxonomy":"category","embeddable":true,"href":"https:\/\/www.europesays.com\/fi\/wp-json\/wp\/v2\/categories?post=113750"},{"taxonomy":"post_tag","embeddable":true,"href":"https:\/\/www.europesays.com\/fi\/wp-json\/wp\/v2\/tags?post=113750"}],"curies":[{"name":"wp","href":"https:\/\/api.w.org\/{rel}","templated":true}]}}