{"id":113760,"date":"2025-12-11T16:45:11","date_gmt":"2025-12-11T16:45:11","guid":{"rendered":"https:\/\/www.europesays.com\/fi\/113760\/"},"modified":"2025-12-11T16:45:11","modified_gmt":"2025-12-11T16:45:11","slug":"venalaisarkeologia-uhkaa-10-vuoden-tuomio-ukrainassa","status":"publish","type":"post","link":"https:\/\/www.europesays.com\/fi\/113760\/","title":{"rendered":"Ven\u00e4l\u00e4isarkeologia uhkaa 10 vuoden tuomio Ukrainassa"},"content":{"rendered":"<p><strong class=\"typography-bold\">Ven\u00e4l\u00e4isarkeologia uhkaa 10 vuoden tuomio Ukrainassa kulttuuriperinn\u00f6n tuhoamisesta.<\/strong><\/p>\n<p>Puolan viranomaiset pid\u00e4ttiv\u00e4t ven\u00e4l\u00e4isen arkeologin <strong class=\"typography-bold\">Alexander Butyagin<\/strong> ep\u00e4iltyn\u00e4 kulttuurikohteen turmelemisesta ja luvattomista kaivauksista. Aiheesta uutisoivat muun muassa <a class=\"underline\" data-testid=\"external-link\" href=\"https:\/\/www.themoscowtimes.com\/2025\/12\/11\/kremlin-condemns-polands-arrest-of-hermitage-employee-on-ukrainian-warrant-a91408\" rel=\"noopener noreferrer nofollow\" target=\"_blank\" data-sentry-component=\"ExternalLink\" data-sentry-source-file=\"ExternalLink.tsx\">Moscow Times<\/a> sek\u00e4 <a class=\"underline\" data-testid=\"external-link\" href=\"https:\/\/www.bbc.com\/news\/articles\/clydz0j1yego\" rel=\"noopener noreferrer nofollow\" target=\"_blank\" data-sentry-component=\"ExternalLink\" data-sentry-source-file=\"ExternalLink.tsx\">BBC<\/a>.<\/p>\n<p>Ukrainan <a class=\"underline\" data-testid=\"external-link\" href=\"https:\/\/www.gp.gov.ua\/ua\/posts\/nezakonno-provodit-rozkopki-na-objekti-kulturnoyi-spadshhini-u-kerci-povidomleno-pro-pidozru-arxeologu-rosiiskogo-derzavnogo-ermitazu\" rel=\"noopener noreferrer nofollow\" target=\"_blank\" data-sentry-component=\"ExternalLink\" data-sentry-source-file=\"ExternalLink.tsx\">syytt\u00e4j\u00e4virasto<\/a> ilmoitti 15. marraskuuta ep\u00e4ilev\u00e4ns\u00e4 Myrmekionin arkeologisen retkikunnan johtajaa Eremitaasin pohjoisen Mustanmeren alueen arkeologian sektorin johtajaa Alexander Butyaginia &#8221;laittomista kaivauksista ilman virallista lupaa&#8221; ja &#8221;arkeologisen kohteen tuhoamisesta&#8221;.<\/p>\n<p>Arkeologi Butyagin on johtanut kaivauksia Eremitaasin osastonjohtajana jo vuosikymmenten ajan ja on yll\u00e4ttynyt siit\u00e4, ett\u00e4 Kiovan syytt\u00e4j\u00e4t vainoavat arkeologeja Ukrainan vaikeana aikana.<\/p>\n<p>\u2013 Teemme yksinkertaisesti sit\u00e4, mille olemme omistaneet el\u00e4m\u00e4mme. Kaivoin Myrmekionissa ensimm\u00e4isen kerran koulupoikana vuonna 1987, sitten opiskelijana. Vuonna 1999 Eremitaasin Myrmekia-retkikunta perustettiin minun johdollani, ja t\u00e4n\u00e4 vuonna se juhlisti 25. kauttaan alueella<\/p>\n","protected":false},"excerpt":{"rendered":"Ven\u00e4l\u00e4isarkeologia uhkaa 10 vuoden tuomio Ukrainassa kulttuuriperinn\u00f6n tuhoamisesta. Puolan viranomaiset pid\u00e4ttiv\u00e4t ven\u00e4l\u00e4isen arkeologin Alexander Butyagin ep\u00e4iltyn\u00e4 kulttuurikohteen turmelemisesta&hellip;\n","protected":false},"author":2,"featured_media":113761,"comment_status":"","ping_status":"","sticky":false,"template":"","format":"standard","meta":{"footnotes":""},"categories":[14],"tags":[22,23,26,27,33,31,30,17,24,25,28,29,15,18,21,32,19,20,56,16,59,60,61],"class_list":{"0":"post-113760","1":"post","2":"type-post","3":"status-publish","4":"format-standard","5":"has-post-thumbnail","7":"category-ulkomaat","8":"tag-breaking-news","9":"tag-breakingnews","10":"tag-featured-news","11":"tag-featurednews","12":"tag-fi","13":"tag-finland","14":"tag-finnish","15":"tag-headlines","16":"tag-latest-news","17":"tag-latestnews","18":"tag-main-news","19":"tag-mainnews","20":"tag-news","21":"tag-otsikot","22":"tag-paauutiset","23":"tag-suomi","24":"tag-top-stories","25":"tag-topstories","26":"tag-ulkomaat","27":"tag-uutiset","28":"tag-world","29":"tag-world-news","30":"tag-worldnews"},"share_on_mastodon":{"url":"https:\/\/pubeurope.com\/@fi\/115701948495436123","error":""},"_links":{"self":[{"href":"https:\/\/www.europesays.com\/fi\/wp-json\/wp\/v2\/posts\/113760","targetHints":{"allow":["GET"]}}],"collection":[{"href":"https:\/\/www.europesays.com\/fi\/wp-json\/wp\/v2\/posts"}],"about":[{"href":"https:\/\/www.europesays.com\/fi\/wp-json\/wp\/v2\/types\/post"}],"author":[{"embeddable":true,"href":"https:\/\/www.europesays.com\/fi\/wp-json\/wp\/v2\/users\/2"}],"replies":[{"embeddable":true,"href":"https:\/\/www.europesays.com\/fi\/wp-json\/wp\/v2\/comments?post=113760"}],"version-history":[{"count":0,"href":"https:\/\/www.europesays.com\/fi\/wp-json\/wp\/v2\/posts\/113760\/revisions"}],"wp:featuredmedia":[{"embeddable":true,"href":"https:\/\/www.europesays.com\/fi\/wp-json\/wp\/v2\/media\/113761"}],"wp:attachment":[{"href":"https:\/\/www.europesays.com\/fi\/wp-json\/wp\/v2\/media?parent=113760"}],"wp:term":[{"taxonomy":"category","embeddable":true,"href":"https:\/\/www.europesays.com\/fi\/wp-json\/wp\/v2\/categories?post=113760"},{"taxonomy":"post_tag","embeddable":true,"href":"https:\/\/www.europesays.com\/fi\/wp-json\/wp\/v2\/tags?post=113760"}],"curies":[{"name":"wp","href":"https:\/\/api.w.org\/{rel}","templated":true}]}}