{"id":113762,"date":"2025-12-11T16:46:13","date_gmt":"2025-12-11T16:46:13","guid":{"rendered":"https:\/\/www.europesays.com\/fi\/113762\/"},"modified":"2025-12-11T16:46:13","modified_gmt":"2025-12-11T16:46:13","slug":"luvattomasti-rajan-ylittanyt-mies-on-palautettu-venajalle-uutisia-lyhyesti","status":"publish","type":"post","link":"https:\/\/www.europesays.com\/fi\/113762\/","title":{"rendered":"Luvattomasti rajan ylitt\u00e4nyt mies on palautettu Ven\u00e4j\u00e4lle | Uutisia lyhyesti"},"content":{"rendered":"<p class=\"aw-1gybjub aw-5vja16 kEtdKx kmuxyA yle__article__paragraph\">Viranomaiset saivat miehen kiinni Imatran keskustasta marraskuussa.<\/p>\n<p><img decoding=\"async\" alt=\"Rajavy\u00f6hyke, p\u00e4\u00e4sy ilman lupaa kielletty -kyltti mets\u00e4n reunalla.\" src=\"https:\/\/www.europesays.com\/fi\/wp-content\/uploads\/2025\/12\/39-154331568fb4c8247baf.jpeg\" class=\"aw-1l9m598 hKVVvP\"\/><\/p>\n<p>Avaa kuvien katselu<\/p>\n<p>Rajanylitys havaittiin rajavartioston omilla sensoreilla ja koirapartioiden avulla. Kuvituskuva. Kuva: Kalle Purhonen \/ Yle<\/p>\n<p>17:33\u2022P\u00e4ivitetty 17:47<\/p>\n<p class=\"aw-1gybjub aw-1p7kakr kEtdKx cEmitX yle__article__paragraph\">Rajavartiolaitos on palauttanut luvattomasti rajan ylitt\u00e4neen miehen takaisin Ven\u00e4j\u00e4lle.<\/p>\n<p class=\"aw-1gybjub aw-1p7kakr kEtdKx cEmitX yle__article__paragraph\">Kaakkois-Suomen rajavartiosto otti miehen kiinni etsint\u00f6jen j\u00e4lkeen Imatralla torstaina 27. p\u00e4iv\u00e4 marraskuuta. Viranomaiset saivat miehen kiinni Imatran keskustasta aivan Imatrankosken l\u00e4hell\u00e4.<\/p>\n<p class=\"aw-1gybjub aw-1p7kakr kEtdKx cEmitX yle__article__paragraph\">Kaakkois-Suomen rajavartioston apulaiskomentaja majuri <strong class=\"aw-ak79eh KyCXm yle__article__strong\">Antti Virta<\/strong> kertoi aiemmin Ylelle, ett\u00e4 rajanylitys havaittiin rajavartioston omilla sensoreilla ja koirapartioiden avulla. Ylitys tapahtui Imatran korkeudella Vuoksen pohjoispuolisella alueella. Ylityspaikalla ei ole <a class=\"aw-iao6s4 iHOxEa yle__article__link\" href=\"https:\/\/yle.fi\/a\/74-20108769\" role=\"link\" rel=\"nofollow noopener\" target=\"_blank\">uutta it\u00e4rajan esteaitaa<\/a>.<\/p>\n<p class=\"aw-1gybjub aw-1p7kakr kEtdKx cEmitX yle__article__paragraph\">Koko Suomessa oleskelunsa ajan h\u00e4n ollut kiinniotettuna, Rajavartiolaitos kertoo <a class=\"aw-iao6s4 iHOxEa yle__article__link\" href=\"https:\/\/raja.fi\/-\/luvaton-rajanylittaja-palautettiin-venajalle\" role=\"link\" rel=\"nofollow noopener\" target=\"_blank\">tiedotteessaan<\/a>. Turvapaikkahakemuksen rauettua Rajavartiolaitos palautti miehen viipym\u00e4tt\u00e4 Ven\u00e4j\u00e4lle<\/p>\n<p class=\"aw-1gybjub aw-1p7kakr kEtdKx cEmitX yle__article__paragraph\">Suomeen on t\u00e4n\u00e4 vuonna tullut rajan yli Ven\u00e4j\u00e4lt\u00e4 luvattomasti kahdeksan henkil\u00f6\u00e4. Nyt heist\u00e4 kaksi on palautettu Ven\u00e4j\u00e4lle.<\/p>\n<p class=\"aw-1gybjub aw-1p7kakr kEtdKx cEmitX yle__article__paragraph\">Marraskuussa <a class=\"aw-iao6s4 iHOxEa yle__article__link\" href=\"https:\/\/yle.fi\/a\/74-20194325\" role=\"link\" rel=\"nofollow noopener\" target=\"_blank\">palautettu ven\u00e4l\u00e4ismies oli pahamaineiseen palkka-armeijaan Wagneriin kuulunut sotilas<\/a>.<\/p>\n<p class=\"aw-1gybjub aw-1p7kakr kEtdKx cEmitX yle__article__paragraph\">Ylen tietojen mukaan sek\u00e4 edellinen ett\u00e4 t\u00e4m\u00e4np\u00e4iv\u00e4inen palautus liittyiv\u00e4t tilanteeseen, jossa henkil\u00f6 on perunut turvapaikkahakemuksensa Suomeen.<\/p>\n","protected":false},"excerpt":{"rendered":"Viranomaiset saivat miehen kiinni Imatran keskustasta marraskuussa. Avaa kuvien katselu Rajanylitys havaittiin rajavartioston omilla sensoreilla ja koirapartioiden avulla.&hellip;\n","protected":false},"author":2,"featured_media":113763,"comment_status":"","ping_status":"","sticky":false,"template":"","format":"standard","meta":{"footnotes":""},"categories":[12],"tags":[22,23,1302,26,27,33,31,30,17,736,71,15864,24,25,782,28,29,15,18,21,8442,32,19,20,16],"class_list":{"0":"post-113762","1":"post","2":"type-post","3":"status-publish","4":"format-standard","5":"has-post-thumbnail","7":"category-suomi","8":"tag-breaking-news","9":"tag-breakingnews","10":"tag-etela-karjala","11":"tag-featured-news","12":"tag-featurednews","13":"tag-fi","14":"tag-finland","15":"tag-finnish","16":"tag-headlines","17":"tag-imatra","18":"tag-kotimaa","19":"tag-laiton-rajanylitys","20":"tag-latest-news","21":"tag-latestnews","22":"tag-maanpuolustus","23":"tag-main-news","24":"tag-mainnews","25":"tag-news","26":"tag-otsikot","27":"tag-paauutiset","28":"tag-suomen-ja-venajan-raja","29":"tag-suomi","30":"tag-top-stories","31":"tag-topstories","32":"tag-uutiset"},"share_on_mastodon":{"url":"https:\/\/pubeurope.com\/@fi\/115701952728337578","error":""},"_links":{"self":[{"href":"https:\/\/www.europesays.com\/fi\/wp-json\/wp\/v2\/posts\/113762","targetHints":{"allow":["GET"]}}],"collection":[{"href":"https:\/\/www.europesays.com\/fi\/wp-json\/wp\/v2\/posts"}],"about":[{"href":"https:\/\/www.europesays.com\/fi\/wp-json\/wp\/v2\/types\/post"}],"author":[{"embeddable":true,"href":"https:\/\/www.europesays.com\/fi\/wp-json\/wp\/v2\/users\/2"}],"replies":[{"embeddable":true,"href":"https:\/\/www.europesays.com\/fi\/wp-json\/wp\/v2\/comments?post=113762"}],"version-history":[{"count":0,"href":"https:\/\/www.europesays.com\/fi\/wp-json\/wp\/v2\/posts\/113762\/revisions"}],"wp:featuredmedia":[{"embeddable":true,"href":"https:\/\/www.europesays.com\/fi\/wp-json\/wp\/v2\/media\/113763"}],"wp:attachment":[{"href":"https:\/\/www.europesays.com\/fi\/wp-json\/wp\/v2\/media?parent=113762"}],"wp:term":[{"taxonomy":"category","embeddable":true,"href":"https:\/\/www.europesays.com\/fi\/wp-json\/wp\/v2\/categories?post=113762"},{"taxonomy":"post_tag","embeddable":true,"href":"https:\/\/www.europesays.com\/fi\/wp-json\/wp\/v2\/tags?post=113762"}],"curies":[{"name":"wp","href":"https:\/\/api.w.org\/{rel}","templated":true}]}}