{"id":113764,"date":"2025-12-11T16:47:13","date_gmt":"2025-12-11T16:47:13","guid":{"rendered":"https:\/\/www.europesays.com\/fi\/113764\/"},"modified":"2025-12-11T16:47:13","modified_gmt":"2025-12-11T16:47:13","slug":"veera-selanne-puhui-suomea-puhetapa-heratti-huomiota","status":"publish","type":"post","link":"https:\/\/www.europesays.com\/fi\/113764\/","title":{"rendered":"Veera Sel\u00e4nne puhui suomea \u2013 Puhetapa her\u00e4tti huomiota"},"content":{"rendered":"<p>Teemu Sel\u00e4nne ja Veera-tyt\u00e4r julkaisivat yhteisvideon sosiaaliseen mediaan.<\/p>\n<p><img decoding=\"async\" class=\"image image-show image-preview\" src=\"https:\/\/www.europesays.com\/fi\/wp-content\/uploads\/2025\/12\/79c2f1431dcc6c4132b1dd7a9743c0251605240636742bf221ac732f43ab7b8a.jpg\" alt=\"\"\/><img decoding=\"async\" class=\"image image-show\" src=\"https:\/\/www.europesays.com\/fi\/wp-content\/uploads\/2025\/12\/1765471631_615_79c2f1431dcc6c4132b1dd7a9743c0251605240636742bf221ac732f43ab7b8a.jpg\" alt=\"\"\/><\/p>\n<p>Veera Sel\u00e4nteen aksentti sai ihmetyst\u00e4 aikaan. ATTE KAJOVA<\/p>\n<p class=\"paragraph\">Suomalainen kiekkolegenda <strong>Teemu Sel\u00e4nne<\/strong> ilmestyi keskiviikkona Helsingin j\u00e4\u00e4halliin seuraamaan HIFK:n ja Tapparan v\u00e4list\u00e4 SM-liigakamppailua yhdess\u00e4 Veera-tytt\u00e4rens\u00e4 kanssa.<\/p>\n<p class=\"paragraph\">HIFK haki ottelusta n\u00e4ytt\u00e4v\u00e4n 6\u20133-voiton, mutta viel\u00e4 enemm\u00e4n huomiota ker\u00e4si kaksikon ottelun j\u00e4lkeen <a href=\"https:\/\/www.tiktok.com\/@veera.veturi.selanne\/video\/7582332663596420366?lang=en\" target=\"_blank\" rel=\"noopener nofollow\">kuvaama video<\/a>, joka julkaistiin heid\u00e4n sosiaalisen median tileill\u00e4\u00e4n.<\/p>\n<p class=\"paragraph\">Yleens\u00e4 Sel\u00e4nteiden yhteiset jutustelut Tiktokissa ja Instagramissa ovat englanninkielisi\u00e4. T\u00e4ll\u00e4 kertaa video oli t\u00e4ysin suomeksi, mik\u00e4 sai seuraajat villiintym\u00e4\u00e4n.<\/p>\n<p class=\"paragraph\">Kommenttiosio t\u00e4yttyi nopeasti ihmettelyist\u00e4 ja hauskoista huomioista.<\/p>\n<p class=\"paragraph\">\u2013 En tiennytk\u00e4\u00e4n, ett\u00e4 sulla on noin vahva aksentti suomea puhuessa! Mit\u00e4 kielt\u00e4 te puhutte kotona? yksi seuraaja kysyi.<\/p>\n<p class=\"paragraph\">Veera vastasi suoraan:<\/p>\n<p class=\"paragraph\">\u2013 Me kyll\u00e4 puhumme suomea, mutta kun ei oo ollu v\u00e4h\u00e4n aikaan Suomessa, sanat eiv\u00e4t tule heti mieleen. Muutenkin minulla on v\u00e4h\u00e4n aksenttia ja se on varmaan pieni syy sille, miksen min\u00e4 halua tehd\u00e4 kovin paljon suomeksi n\u00e4it\u00e4.<\/p>\n<p class=\"paragraph\">Keskustelu pysyi kannustavana. Useat seuraajat kehuivat Veeran suomen kielen taitoa ja toivoivat lis\u00e4\u00e4 suomenkielisi\u00e4 videoita.<\/p>\n<p class=\"paragraph\">\u2013 Ihana aksentti, erotut eduksesi!<\/p>\n<p class=\"paragraph\">\u2013 \u00c4\u00e4nn\u00e4t suomea tosi hyvin, tee n\u00e4it\u00e4 suomeksi useamminkin!<\/p>\n<p>Sel\u00e4nne paljasti suhteensa HIFK:hon.<\/p>\n<p>Teemu Sel\u00e4nne kertoi videolla k\u00e4yneens\u00e4 nuorena katsomassa HIFK:n matseja. Timur Yilmaz<\/p>\n<p class=\"paragraph\">Videolla Sel\u00e4nne kertoo my\u00f6s suhteestaan HIFK:hon. Kommentista tuli yll\u00e4tys monille, sill\u00e4 Sel\u00e4nne muistetaan Suomessa ennen kaikkea Jokerien kirkkaimpana t\u00e4hten\u00e4.<\/p>\n<p class=\"paragraph\">\u2013 M\u00e4 k\u00e4vin junnuna mun is\u00e4n kanssa kattomassa kaikki Jokerien matsit, kaikki HIFK:n matsit. M\u00e4 oon aina tyk\u00e4nnyt HIFK:stakin. Jokerit tarvii IFK:ta ja IFK tarvii Jokereita, Sel\u00e4nne pohti videolla.<\/p>\n<p class=\"paragraph\">Teemu kertoi my\u00f6s k\u00e4yneens\u00e4 HIFK:n aamuj\u00e4ill\u00e4 tervehtim\u00e4ss\u00e4 HIFK-p\u00e4\u00e4valmentaja <strong>Olli Jokista<\/strong>.<\/p>\n<p class=\"paragraph\">\u2013\u2009Minusta on aivan upeaa, kun sellainen vanha pelaaja haluaa j\u00e4\u00e4d\u00e4 ja antaa sen saman intohimon, sitoutumisen sek\u00e4 opettaa n\u00e4it\u00e4 nuoria kehittym\u00e4\u00e4n. Kaikista ei ole siihen. Itse koen ainakin niin, ett\u00e4 olisi jopa itsek\u00e4st\u00e4 l\u00e4hte\u00e4 pitk\u00e4n uran j\u00e4lkeen valmentamaan, koska se vie viel\u00e4 enemm\u00e4n aikaa kuin pelaajana.<\/p>\n<p class=\"paragraph\">\u2013 OJ on n\u00e4ytt\u00e4nyt, ett\u00e4 homma toimii my\u00f6s valmentajana.<\/p>\n<p class=\"paragraph\">Sel\u00e4nteet asuvat normaalisti Etel\u00e4-Kaliforniassa, mutta ovat viett\u00e4neet viime p\u00e4iv\u00e4t Suomessa.<\/p>\n<p><a href=\"https:\/\/www.iltalehti.fi\/jaakiekko\/a\/1ae71ab3-3179-4e5d-95ce-15a50bbf7509\" rel=\"nofollow noopener\" target=\"_blank\"><img decoding=\"async\" src=\"https:\/\/www.europesays.com\/fi\/wp-content\/uploads\/2025\/10\/4a4e280ca1a75d884de6ebd943738ae5d99be138803b843a647b7d7c8a538b0b.png\" alt=\"Osallistu arvontaan\"\/><\/a><script async src=\"\/\/www.tiktok.com\/embed.js\"><\/script><\/p>\n","protected":false},"excerpt":{"rendered":"Teemu Sel\u00e4nne ja Veera-tyt\u00e4r julkaisivat yhteisvideon sosiaaliseen mediaan. Veera Sel\u00e4nteen aksentti sai ihmetyst\u00e4 aikaan. ATTE KAJOVA Suomalainen kiekkolegenda&hellip;\n","protected":false},"author":2,"featured_media":113765,"comment_status":"","ping_status":"","sticky":false,"template":"","format":"standard","meta":{"footnotes":""},"categories":[5],"tags":[35,1144,1274,22,23,26,27,33,31,30,17,1143,8175,24,25,28,29,15,18,21,32,1145,19,20,16],"class_list":{"0":"post-113764","1":"post","2":"type-post","3":"status-publish","4":"format-standard","5":"has-post-thumbnail","7":"category-otsikot","8":"tag-24h","9":"tag-ammattilaisjaakiekko","10":"tag-ammattiurheilu","11":"tag-breaking-news","12":"tag-breakingnews","13":"tag-featured-news","14":"tag-featurednews","15":"tag-fi","16":"tag-finland","17":"tag-finnish","18":"tag-headlines","19":"tag-jaakiekko","20":"tag-jaakiekkopelaajat","21":"tag-latest-news","22":"tag-latestnews","23":"tag-main-news","24":"tag-mainnews","25":"tag-news","26":"tag-otsikot","27":"tag-paauutiset","28":"tag-suomi","29":"tag-talviurheilu","30":"tag-top-stories","31":"tag-topstories","32":"tag-uutiset"},"share_on_mastodon":{"url":"https:\/\/pubeurope.com\/@fi\/115701956421995976","error":""},"_links":{"self":[{"href":"https:\/\/www.europesays.com\/fi\/wp-json\/wp\/v2\/posts\/113764","targetHints":{"allow":["GET"]}}],"collection":[{"href":"https:\/\/www.europesays.com\/fi\/wp-json\/wp\/v2\/posts"}],"about":[{"href":"https:\/\/www.europesays.com\/fi\/wp-json\/wp\/v2\/types\/post"}],"author":[{"embeddable":true,"href":"https:\/\/www.europesays.com\/fi\/wp-json\/wp\/v2\/users\/2"}],"replies":[{"embeddable":true,"href":"https:\/\/www.europesays.com\/fi\/wp-json\/wp\/v2\/comments?post=113764"}],"version-history":[{"count":0,"href":"https:\/\/www.europesays.com\/fi\/wp-json\/wp\/v2\/posts\/113764\/revisions"}],"wp:featuredmedia":[{"embeddable":true,"href":"https:\/\/www.europesays.com\/fi\/wp-json\/wp\/v2\/media\/113765"}],"wp:attachment":[{"href":"https:\/\/www.europesays.com\/fi\/wp-json\/wp\/v2\/media?parent=113764"}],"wp:term":[{"taxonomy":"category","embeddable":true,"href":"https:\/\/www.europesays.com\/fi\/wp-json\/wp\/v2\/categories?post=113764"},{"taxonomy":"post_tag","embeddable":true,"href":"https:\/\/www.europesays.com\/fi\/wp-json\/wp\/v2\/tags?post=113764"}],"curies":[{"name":"wp","href":"https:\/\/api.w.org\/{rel}","templated":true}]}}