{"id":113775,"date":"2025-12-11T17:11:07","date_gmt":"2025-12-11T17:11:07","guid":{"rendered":"https:\/\/www.europesays.com\/fi\/113775\/"},"modified":"2025-12-11T17:11:07","modified_gmt":"2025-12-11T17:11:07","slug":"brittisotilas-kuoli-ukrainassa-zaharovalta-kovia-syytoksia","status":"publish","type":"post","link":"https:\/\/www.europesays.com\/fi\/113775\/","title":{"rendered":"Brittisotilas kuoli Ukrainassa \u2013 Zaharovalta kovia syyt\u00f6ksi\u00e4"},"content":{"rendered":"<p>Britannian mukaan sotilas kuoli onnettomuudessa.<\/p>\n<p class=\"article-body mb-nof-24 px-nof-16\">Ven\u00e4j\u00e4n ulkoministeri\u00f6n tiedottaja <a class=\"article-personlink\" href=\"https:\/\/www.is.fi\/haku\/?query=Maria%20Zaharova\" rel=\"nofollow noopener\" target=\"_blank\">Maria Zaharova<\/a> on kommentoinut Ukrainassa kuolleen brittisotilaan tapausta. Zaharovan mukaan Ven\u00e4j\u00e4 vaatii Britannialta tietoja, mit\u00e4 Ukrainassa kuollut sotilas teki.<\/p>\n<p class=\"article-body mb-nof-24 px-nof-16\">Ven\u00e4j\u00e4n mukaan brittijoukkojen l\u00e4sn\u00e4olon Ukrainassa ei pit\u00e4isi olla salaisuus kenellek\u00e4\u00e4n. Zaharova v\u00e4itti, ett\u00e4 Britannia osallistuu Ukrainan \u201dekstremistisiin toimiin\u201d. Zaharova v\u00e4itti, ett\u00e4 brittijoukot Ukrainassa auttavat Ukrainaa tekem\u00e4\u00e4n \u201dterroritekoja\u201d, sabotaasia ja \u201dekstremistisi\u00e4\u201d teht\u00e4vi\u00e4.<\/p>\n<p class=\"article-body mb-nof-24 px-nof-16\">Zaharovan mukaan Ven\u00e4j\u00e4 pit\u00e4\u00e4 mit\u00e4 tahansa ulkomaalaisia sotilaallisia tahoja Ukrainassa laillisina kohteina.<\/p>\n<p class=\"article-body mb-nof-24 px-nof-16\">Britannian puolustusministeri\u00f6 tiedotti tiistaina, ett\u00e4 Britannian asevoimien j\u00e4sen kuoli Ukrainassa tiistaiaamuna.<\/p>\n<p class=\"article-body mb-nof-24 px-nof-16\">\u2013\u2009H\u00e4n loukkaantui traagisessa onnettomuudessa tarkkaillessaan Ukrainan joukkojen uuden puolustuskyvyn testausta etulinjan ulkopuolella, t\u00e4smensi ministeri\u00f6.<\/p>\n<p class=\"article-body mb-nof-24 px-nof-16\">P\u00e4\u00e4ministeri <a class=\"article-personlink\" href=\"https:\/\/www.is.fi\/haku\/?query=Keir%20Starmer\" rel=\"nofollow noopener\" target=\"_blank\">Keir Starmer<\/a> nimesi my\u00f6hemmin onnettomuudessa kuolleen sotilaan 28-vuotiaaksi <a class=\"article-personlink\" href=\"https:\/\/www.is.fi\/haku\/?query=George%20Hooleyksi\" rel=\"nofollow noopener\" target=\"_blank\">George Hooleyksi<\/a> laskuvarjorykmentist\u00e4, <a class=\"article-genericlink\" href=\"https:\/\/www.itv.com\/news\/2025-12-10\/british-soldier-killed-in-ukraine-named-as-lance-corporal-george-hooley\" rel=\"nofollow noopener\" target=\"_blank\">ITV News<\/a> kertoo. Hooley oli sotilasarvoltaan korpraali, mutta saamassa ylennyksen alikersantiksi.<\/p>\n<p class=\"article-body mb-nof-24 px-nof-16\">Britannia on luovuttanut Ukrainalle laajasti erilaista sotakalustoa. Lis\u00e4ksi marraskuussa Ukraina ja Britannia sopivat yhteisesti tuottavansa Octopus-torjuntadrooneja.<\/p>\n<p class=\"article-body mb-nof-24 px-nof-16\"><a class=\"article-genericlink\" href=\"https:\/\/www.bbc.com\/news\/articles\/c4gpkr83p73o\" rel=\"nofollow noopener\" target=\"_blank\">BBC<\/a>:n mukaan turma tapahtui torjuntadroonin testaamisen yhteydess\u00e4, joskaan juuri Octopusia ei nimetty. Tietoa ei ole vahvistettu. Sotilaallinen l\u00e4hde kertoi BBC:lle, ett\u00e4 my\u00f6s kahden ukrainalaissotilaan uskotaan kuolleen turmassa ja useiden muiden loukkaantuneen.<\/p>\n<p class=\"article-body mb-nof-24 px-nof-16\">Tiedossa ei ole tarkemmin, mink\u00e4laisessa onnettomuudessa Hooley kuoli, tai mit\u00e4 h\u00e4n Ukrainassa teki. BBC:n mukaan kyseess\u00e4 oli ensimm\u00e4inen kerta, kun Britannia on vahvistanut laskuvarjojoukkojen l\u00e4sn\u00e4olon Ukrainassa.<\/p>\n<p class=\"article-body mb-nof-24 px-nof-16\">Brittihallinto ei ole paljastanut, kuinka paljon sotilaita on komennettu Ukrainaan, mutta on aiemmin my\u00f6nt\u00e4nyt, ett\u00e4 pieni m\u00e4\u00e4r\u00e4 brittisotilaita on Ukrainan asevoimien tukena sek\u00e4 diplomaattien turvahenkil\u00f6in\u00e4.<\/p>\n<p class=\"article-body mb-nof-24 px-nof-16\">Laskuvarjorykmentti on osa Britannian maavoimia. BBC:n mukaan Hooleyn pataljoonaa ei ole paljastettu, mutta 1. pataljoona toimii erikoisjoukkojen alaisuudessa, ja muut pataljoonat ovat osa maavoimien nopean toiminnan joukkoja.<\/p>\n","protected":false},"excerpt":{"rendered":"Britannian mukaan sotilas kuoli onnettomuudessa. Ven\u00e4j\u00e4n ulkoministeri\u00f6n tiedottaja Maria Zaharova on kommentoinut Ukrainassa kuolleen brittisotilaan tapausta. Zaharovan mukaan&hellip;\n","protected":false},"author":2,"featured_media":113776,"comment_status":"","ping_status":"","sticky":false,"template":"","format":"standard","meta":{"footnotes":""},"categories":[14],"tags":[22,23,26,27,33,31,30,17,34,24,25,28,29,15,18,21,32,19,20,56,16,59,60,61],"class_list":{"0":"post-113775","1":"post","2":"type-post","3":"status-publish","4":"format-standard","5":"has-post-thumbnail","7":"category-ulkomaat","8":"tag-breaking-news","9":"tag-breakingnews","10":"tag-featured-news","11":"tag-featurednews","12":"tag-fi","13":"tag-finland","14":"tag-finnish","15":"tag-headlines","16":"tag-ilta-sanomat","17":"tag-latest-news","18":"tag-latestnews","19":"tag-main-news","20":"tag-mainnews","21":"tag-news","22":"tag-otsikot","23":"tag-paauutiset","24":"tag-suomi","25":"tag-top-stories","26":"tag-topstories","27":"tag-ulkomaat","28":"tag-uutiset","29":"tag-world","30":"tag-world-news","31":"tag-worldnews"},"share_on_mastodon":{"url":"https:\/\/pubeurope.com\/@fi\/115702050577174473","error":""},"_links":{"self":[{"href":"https:\/\/www.europesays.com\/fi\/wp-json\/wp\/v2\/posts\/113775","targetHints":{"allow":["GET"]}}],"collection":[{"href":"https:\/\/www.europesays.com\/fi\/wp-json\/wp\/v2\/posts"}],"about":[{"href":"https:\/\/www.europesays.com\/fi\/wp-json\/wp\/v2\/types\/post"}],"author":[{"embeddable":true,"href":"https:\/\/www.europesays.com\/fi\/wp-json\/wp\/v2\/users\/2"}],"replies":[{"embeddable":true,"href":"https:\/\/www.europesays.com\/fi\/wp-json\/wp\/v2\/comments?post=113775"}],"version-history":[{"count":0,"href":"https:\/\/www.europesays.com\/fi\/wp-json\/wp\/v2\/posts\/113775\/revisions"}],"wp:featuredmedia":[{"embeddable":true,"href":"https:\/\/www.europesays.com\/fi\/wp-json\/wp\/v2\/media\/113776"}],"wp:attachment":[{"href":"https:\/\/www.europesays.com\/fi\/wp-json\/wp\/v2\/media?parent=113775"}],"wp:term":[{"taxonomy":"category","embeddable":true,"href":"https:\/\/www.europesays.com\/fi\/wp-json\/wp\/v2\/categories?post=113775"},{"taxonomy":"post_tag","embeddable":true,"href":"https:\/\/www.europesays.com\/fi\/wp-json\/wp\/v2\/tags?post=113775"}],"curies":[{"name":"wp","href":"https:\/\/api.w.org\/{rel}","templated":true}]}}