{"id":113777,"date":"2025-12-11T17:12:09","date_gmt":"2025-12-11T17:12:09","guid":{"rendered":"https:\/\/www.europesays.com\/fi\/113777\/"},"modified":"2025-12-11T17:12:09","modified_gmt":"2025-12-11T17:12:09","slug":"karajaoikeudesta-ehdotonta-vankeutta-mies-erehdytti-kelan-maksamaan-tyottomyystukea-teki-samaan-aikaan-bisnesta-kaytettyjen-autojen-kaupalla","status":"publish","type":"post","link":"https:\/\/www.europesays.com\/fi\/113777\/","title":{"rendered":"K\u00e4r\u00e4j\u00e4oikeudesta ehdotonta vankeutta: mies erehdytti Kelan maksamaan ty\u00f6tt\u00f6myystukea \u2013 teki samaan aikaan bisnest\u00e4 k\u00e4ytettyjen autojen kaupalla"},"content":{"rendered":"<p>Verotarkastaja iski miehen autobisnekseen, ja sen yhteydess\u00e4 paljastuivat Kela-etuuksia koskevat vilunkihakemukset.<\/p>\n<p class=\"article-body mb-nof-24 px-nof-16\">Kela-etuuksia huijannut mies sai t\u00f6rke\u00e4st\u00e4 petoksesta ehdottoman vankeus\u00adtuomion, jonka k\u00e4r\u00e4j\u00e4oikeus muutti yhdyskunta\u00adpalveluksi. H\u00e4n nosti v\u00e4\u00e4rill\u00e4 tiedoilla noin 62\u202f500 euron ty\u00f6tt\u00f6myysetuudet ja asumistuet vuosina 2015\u20132019. Samaan aikaan h\u00e4n teki bisnest\u00e4 k\u00e4ytetyill\u00e4 autoilla. H\u00e4n omisti rikoksentekoaikana 67 autoa. Lis\u00e4ksi mies myi l\u00e4hes 50 autoa romutettaviksi. Autobisneksist\u00e4 miehen tilille oli tullut yli 311\u202f000 euroa.<\/p>\n<p class=\"article-body mb-nof-24 px-nof-16\">36-vuotias mies ahkeroi sek\u00e4 Kelan asiakkaana ett\u00e4 autojobbarina vuosien ajan Lahden seudulla. P\u00e4ij\u00e4t-H\u00e4meen k\u00e4r\u00e4j\u00e4oikeus tuomitsi h\u00e4net viime viikolla ehdottomaan 60 p\u00e4iv\u00e4n vankeuteen, mutta muutti rangaistuksen 60 tunnin yhdyskuntapalveluksi, kuten tuomittu oli toivonut.<\/p>\n<p class=\"article-body mb-nof-24 px-nof-16\">Syytteen mukaan mies antoi yli nelj\u00e4n vuoden ajan v\u00e4\u00e4ri\u00e4 tietoja Kelalle ty\u00f6llistymisest\u00e4\u00e4n ja tuloistaan. Itse h\u00e4n piti ilmoittamiaan tietoja oikeina.<\/p>\n<p class=\"article-body mb-nof-24 px-nof-16\">Verotarkastaja iski miehen autobisnekseen, ja sen yhteydess\u00e4 paljastuivat Kela-etuuksia koskevat vilunkihakemukset.<\/p>\n<p class=\"article-body mb-nof-24 px-nof-16\">Kun mies teki t\u00f6it\u00e4 omassa firmassaan, katsoi te-toimisto, ettei h\u00e4nell\u00e4 edes ollut oikeutta ty\u00f6tt\u00f6myysetuuteen.<\/p>\n<p class=\"article-body mb-nof-24 px-nof-16\">Mies erehdytti kuitenkin Kelan maksamaan 48\u00a0500 euron ty\u00f6tt\u00f6myysetuudet ja l\u00e4hes 14\u00a0000 euron asumistuet.<\/p>\n<p class=\"article-body mb-nof-24 px-nof-16\">Kela oli jo tehnyt takaisinperint\u00e4\u00adp\u00e4\u00e4t\u00f6kset runsaan 30\u00a0000 euron osalta, mutta ajan kulumisen vuoksi osaa my\u00f6nnetyist\u00e4 rahoista ei ole voitu peri\u00e4 takaisin. Kela vaati miehelt\u00e4 oikeudessa noin 27\u00a0000 euron vahingonkorvauksia.<\/p>\n<p class=\"article-body mb-nof-24 px-nof-16\">Oikeudessa mies kiisti syytteen t\u00f6rke\u00e4st\u00e4 petoksesta ja kiisti syyllistyneens\u00e4 mihink\u00e4\u00e4n rikokseen. H\u00e4n kertoi nostaneensa tukirahoja vain silloin, kun oli ollut ty\u00f6tt\u00f6m\u00e4n\u00e4 ja laski hy\u00f6dyn 2\u00a0350 euron suuruiseksi. H\u00e4n kiisti my\u00f6s syytt\u00e4j\u00e4n v\u00e4itteen ammattimaisesta romuautojen myynnist\u00e4.<\/p>\n<p class=\"article-body mb-nof-24 px-nof-16\">Lukujen valossa miehen bisnekset n\u00e4ytt\u00e4ytyv\u00e4t suurilta, mutta itse h\u00e4n piti autokauppaa pienimuotoisena yritystoimintana.<\/p>\n<p class=\"article-body mb-nof-24 px-nof-16\">Traficomin tietojen mukaan mies omisti muutaman vuoden sis\u00e4ll\u00e4 l\u00e4hes 70 autoa. K\u00e4r\u00e4j\u00e4oikeus ei pit\u00e4nyt m\u00e4\u00e4r\u00e4\u00e4 v\u00e4h\u00e4isen\u00e4 eik\u00e4 v\u00e4h\u00e4ist\u00e4 ollut liiketoimintakaan.<\/p>\n<p class=\"article-body mb-nof-24 px-nof-16\">Oikeudessa mies kertoi muuttuneensa ja toimivansa muun muassa seurakuntanuorten parissa. H\u00e4n my\u00f6s toivoi, ett\u00e4 saisi mahdollisen rangaistuksen hoitaa yhdyskuntapalveluna.<\/p>\n<p class=\"article-body mb-nof-24 px-nof-16\">Mies tavoitteli tuomion mukaan huomattavaa hy\u00f6ty\u00e4 ja oikeus piti tekoa t\u00f6rke\u00e4n\u00e4.<\/p>\n<p class=\"article-body mb-nof-24 px-nof-16\">Miehen rikokset olisi voitu k\u00e4sitell\u00e4 samassa yhteydess\u00e4 talvella 2022, jolloin h\u00e4n oli edellisen kerran bisnestens\u00e4 vuoksi tuomittavana.<\/p>\n<p class=\"article-body mb-nof-24 px-nof-16\">Oikeus otti rangaistusta mitattaessa lievent\u00e4v\u00e4n\u00e4 seikkana huomioon teosta kuluneen ajan, miehen el\u00e4m\u00e4ntapa\u00admuutoksen ja sen, ett\u00e4 h\u00e4n oli samaan asiakokonaisuuteen liittyen k\u00e4rsinyt kaksi tuomiota.<\/p>\n<p class=\"article-body mb-nof-24 px-nof-16\">Oikeus katsoi oikeudenmukaiseksi rangaistukseksi 60 p\u00e4iv\u00e4n ehdottoman vankeuden, jonka se muutti yhdyskuntapalveluksi. Tuomitun on korvattava Kelalle aiheuttamansa noin 27\u202f000 euron vahinko.<\/p>\n<p class=\"article-body mb-nof-24 px-nof-16\">Kolme vuotta sitten h\u00e4net tuomittiin tunnustamis\u00adoikeudenk\u00e4ynniss\u00e4 seitsem\u00e4ksi kuukaudeksi ehdottomaan vankeuteen kahdesta t\u00f6rke\u00e4st\u00e4 veropetoksesta ja liiketoimintakiellon rikkomisesta. Oikeus muutti tuolloin vankeustuomion 207 tunnin yhdyskuntapalveluksi. H\u00e4n syyllistyi tekoihin yhti\u00f6ns\u00e4 toisena edustajana.<\/p>\n<p class=\"article-body mb-nof-24 px-nof-16\">Tuolloin h\u00e4n j\u00e4tti ilmoittamatta verottajalle 850\u202f000 euron tulot autokaupoista yhteis\u00f6hankinnoista, ja v\u00e4ltti tempuilla l\u00e4hes 200\u202f000 euron liikevaihtoverot.<\/p>\n<p class=\"article-body mb-nof-24 px-nof-16\">Vuonna 2022 k\u00e4r\u00e4j\u00e4oikeus tuomitsi miehen lis\u00e4ksi kolmen vuoden liiketoimintakieltoon.<\/p>\n","protected":false},"excerpt":{"rendered":"Verotarkastaja iski miehen autobisnekseen, ja sen yhteydess\u00e4 paljastuivat Kela-etuuksia koskevat vilunkihakemukset. Kela-etuuksia huijannut mies sai t\u00f6rke\u00e4st\u00e4 petoksesta ehdottoman&hellip;\n","protected":false},"author":2,"featured_media":113778,"comment_status":"","ping_status":"","sticky":false,"template":"","format":"standard","meta":{"footnotes":""},"categories":[12],"tags":[22,23,26,27,33,31,30,17,34,24,25,28,29,15,18,21,32,19,20,16],"class_list":{"0":"post-113777","1":"post","2":"type-post","3":"status-publish","4":"format-standard","5":"has-post-thumbnail","7":"category-suomi","8":"tag-breaking-news","9":"tag-breakingnews","10":"tag-featured-news","11":"tag-featurednews","12":"tag-fi","13":"tag-finland","14":"tag-finnish","15":"tag-headlines","16":"tag-ilta-sanomat","17":"tag-latest-news","18":"tag-latestnews","19":"tag-main-news","20":"tag-mainnews","21":"tag-news","22":"tag-otsikot","23":"tag-paauutiset","24":"tag-suomi","25":"tag-top-stories","26":"tag-topstories","27":"tag-uutiset"},"share_on_mastodon":{"url":"https:\/\/pubeurope.com\/@fi\/115702054515739187","error":""},"_links":{"self":[{"href":"https:\/\/www.europesays.com\/fi\/wp-json\/wp\/v2\/posts\/113777","targetHints":{"allow":["GET"]}}],"collection":[{"href":"https:\/\/www.europesays.com\/fi\/wp-json\/wp\/v2\/posts"}],"about":[{"href":"https:\/\/www.europesays.com\/fi\/wp-json\/wp\/v2\/types\/post"}],"author":[{"embeddable":true,"href":"https:\/\/www.europesays.com\/fi\/wp-json\/wp\/v2\/users\/2"}],"replies":[{"embeddable":true,"href":"https:\/\/www.europesays.com\/fi\/wp-json\/wp\/v2\/comments?post=113777"}],"version-history":[{"count":0,"href":"https:\/\/www.europesays.com\/fi\/wp-json\/wp\/v2\/posts\/113777\/revisions"}],"wp:featuredmedia":[{"embeddable":true,"href":"https:\/\/www.europesays.com\/fi\/wp-json\/wp\/v2\/media\/113778"}],"wp:attachment":[{"href":"https:\/\/www.europesays.com\/fi\/wp-json\/wp\/v2\/media?parent=113777"}],"wp:term":[{"taxonomy":"category","embeddable":true,"href":"https:\/\/www.europesays.com\/fi\/wp-json\/wp\/v2\/categories?post=113777"},{"taxonomy":"post_tag","embeddable":true,"href":"https:\/\/www.europesays.com\/fi\/wp-json\/wp\/v2\/tags?post=113777"}],"curies":[{"name":"wp","href":"https:\/\/api.w.org\/{rel}","templated":true}]}}