{"id":113795,"date":"2025-12-11T17:39:10","date_gmt":"2025-12-11T17:39:10","guid":{"rendered":"https:\/\/www.europesays.com\/fi\/113795\/"},"modified":"2025-12-11T17:39:10","modified_gmt":"2025-12-11T17:39:10","slug":"stubb-vastasi-opiskelijoiden-kysymyksiin-hollannissa-taman-han-paljasti-ukrainan-tilanteesta-ja-suhteestaan-trumpiin","status":"publish","type":"post","link":"https:\/\/www.europesays.com\/fi\/113795\/","title":{"rendered":"Stubb vastasi opiskelijoiden kysymyksiin Hollannissa \u2013 t\u00e4m\u00e4n h\u00e4n paljasti Ukrainan tilanteesta ja suhteestaan Trumpiin"},"content":{"rendered":"<p>Presidentti Alexander Stubb piti luennon Amsterdamin yliopistolla valtiovierailullaan Hollantiin.<\/p>\n<p>Presidentilt\u00e4 kysyttiin, miten Euroopan tulisi suhtautua ja vastata drooni-iskuihin ja muuhun h\u00e4irint\u00e4\u00e4n.Video: Pete Aarre-Ahtio<\/p>\n<p>Lue tiivistelm\u00e4<\/p>\n<p>Tiivistelm\u00e4 on teko\u00e4lyn tekem\u00e4 ja ihmisen tarkistama.<\/p>\n<p class=\"article-body mb-nof-24 px-nof-16 sndp-summary-bullet-point-font\">Tasavallan presidentti Alexander Stubb piti luennon Amsterdamin yliopistossa torstaina osana valtiovierailuaan Hollantiin.<\/p>\n<p class=\"article-body mb-nof-24 px-nof-16 sndp-summary-bullet-point-font\">Stubb kertoi opiskelijoille, ett\u00e4 Eurooppa on l\u00e4hell\u00e4 ratkaisun l\u00f6yt\u00e4mist\u00e4 Ukrainan tilanteeseen.<\/p>\n<p class=\"article-body mb-nof-24 px-nof-16 sndp-summary-bullet-point-font\">Presidentti sanoi, ett\u00e4 h\u00e4nen velvollisuutensa on tulla toimeen Yhdysvaltain presidentin Donald Trumpin kanssa, vaikka olisi yksityisesti eri mielt\u00e4 t\u00e4m\u00e4n kanssa.<\/p>\n<p class=\"article-body mb-nof-24 px-nof-16\">Amsterdamin yliopiston opiskelijat p\u00e4\u00e4siv\u00e4t tenttaamaan tasavallan presidentti Alexander Stubbia torstaina, kun Stubb aloitti kaksip\u00e4iv\u00e4isen valtiovierailunsa Hollantiin.<\/p>\n<p class=\"article-body mb-nof-24 px-nof-16\">Stubb piti luennon yliopistolla, jonka j\u00e4lkeen opiskelijat saivat esitt\u00e4\u00e4 h\u00e4nelle kysymyksi\u00e4. Sit\u00e4 ennen Stubbin ja t\u00e4m\u00e4n puolison <a class=\"article-personlink\" href=\"https:\/\/www.is.fi\/haku\/?query=Suzanne%20Innes-Stubbin\" rel=\"nofollow noopener\" target=\"_blank\">Suzanne Innes-Stubbin<\/a> otti seremoniallisesti vastaan Hollannin kuningaspari.<\/p>\n<p class=\"article-body mb-nof-24 px-nof-16\">Yksi opiskelijoista kysyi, onko Stubb kritisoinut Yhdysvaltain presidentti <a class=\"article-personlink\" href=\"https:\/\/www.is.fi\/haku\/?query=Donald%20Trumpia\" rel=\"nofollow noopener\" target=\"_blank\">Donald Trumpia<\/a>, vaikka pelaa t\u00e4m\u00e4n kanssa golfia.<\/p>\n<p class=\"article-body mb-nof-24 px-nof-16\">Stubb vastasi ep\u00e4suorasti, ett\u00e4 h\u00e4n voi olla yksityisesti eri mielt\u00e4 Trumpin kanssa. Stubbin mukaan joskus kysyt\u00e4\u00e4n vaikeita kysymyksi\u00e4 ja joskus taas menn\u00e4\u00e4n eri suuntaan.<\/p>\n<p class=\"article-body mb-nof-24 px-nof-16\">\u2013 Kun tapaa jonkun ensimm\u00e4ist\u00e4 kertaa, ei ensimm\u00e4isen\u00e4 kerrata erimielisyyksi\u00e4. On velvollisuuteni Suomen presidenttin\u00e4 tulla toimeen maailman vaikutusvaltaisimman maan presidentin kanssa, h\u00e4n totesi.<\/p>\n<p class=\"article-body mb-nof-24 px-nof-16\">Er\u00e4s opiskelija kysyi Ukrainan rauhansuunnitelmasta \u2013 mink\u00e4 lis\u00e4yksen Stubb tekisi nykyiseen suunnitelmaan, jonka on tulkittu olevan Ven\u00e4j\u00e4lle hyvin suotuisa?<\/p>\n<p class=\"article-body mb-nof-24 px-nof-16\">\u2013 Nyt pit\u00e4\u00e4 olla varovainen, Stubb tokaisi.<\/p>\n<p class=\"article-body mb-nof-24 px-nof-16\">28 kohdasta kahdeksan on nyt otettu pois rauhansuunnitelmasta. Stubb sanoi, ett\u00e4 olisi itsekin poistanut kyseiset kohdat.<\/p>\n<p class=\"article-body mb-nof-24 px-nof-16\">\u2013 Olemme l\u00e4hell\u00e4 jonkin ratkaisun l\u00f6yt\u00e4mist\u00e4, h\u00e4n sanoi.<\/p>\n<p><img decoding=\"async\" src=\"https:\/\/www.europesays.com\/fi\/wp-content\/uploads\/2025\/12\/1765474749_972_468.jpg\" alt=\"Presidentti Stubb kertoi opiskelijoille muun muassa hybridisodank\u00e4ynnist\u00e4.\" class=\"_Img_1rerz_1\" style=\"aspect-ratio:1.7777777777777777\" loading=\"eager\"\/><\/p>\n<p class=\"article-picture-caption\">Presidentti Stubb kertoi opiskelijoille muun muassa hybridisodank\u00e4ynnist\u00e4. Kuva:\u00a0Pete Aarre-Ahtio \/ IS<\/p>\n<p class=\"article-body mb-nof-24 px-nof-16\">Presidentilt\u00e4 kysyttiin, miten Euroopan tulisi suhtautua ja vastata drooni-iskuihin ja muuhun h\u00e4irint\u00e4\u00e4n.<\/p>\n<p class=\"article-body mb-nof-24 px-nof-16\">Stubb sanoi, ett\u00e4 Euroopassa on kahta sodank\u00e4ynti\u00e4 meneill\u00e4\u00e4n. Toinen on perinteist\u00e4, toinen on mutkikkaampaa hybridisodank\u00e4ynti\u00e4.<\/p>\n<p class=\"article-body mb-nof-24 px-nof-16\">H\u00e4n kertoi, ett\u00e4 Suomen tapa sulkea it\u00e4rajansa lopetti osan hybridi-iskuista. Toinen tapa oli napata Eagle-S-alus It\u00e4merelt\u00e4, mik\u00e4 lopetti kaapeleiden katkomisen. Kolmas ulottuvuus ovat droonit, jotka ovat my\u00f6s nyt v\u00e4hentyneet.<\/p>\n<p class=\"article-body mb-nof-24 px-nof-16\">Stubb sanoi suoraan, ett\u00e4 merikaapeleita on katkonnut Ven\u00e4j\u00e4.<\/p>\n<p class=\"article-body mb-nof-24 px-nof-16\">Stubb my\u00f6s vitsaili opiskelijoiden edess\u00e4. H\u00e4n kaatoi luentonsa loputtua vett\u00e4 itselleen ja juontajalle, vaikka juontaja tarjoutui tekem\u00e4\u00e4n sen.<\/p>\n<p class=\"article-body mb-nof-24 px-nof-16\">\u2013 Ottaako joku muu? Stubb lohkaisi.<\/p>\n<p class=\"article-body mb-nof-24 px-nof-16\">Juontaja sanoi my\u00f6s aikovansa kysy\u00e4, huijaako Trump golfissa.<\/p>\n<p class=\"article-body mb-nof-24 px-nof-16\">Stubb kertoi, ett\u00e4 Trump pelaa golfia oikeasti hyvin. Trump on my\u00f6s kutsunut Stubbia nuoreksi ja voimakkaaksi mieheksi.<\/p>\n<p class=\"article-body mb-nof-24 px-nof-16\">\u2013 Laitoin sen sitaatin vaimoni y\u00f6p\u00f6yd\u00e4lle, Stubb sanoo.<\/p>\n<p class=\"article-body mb-nof-24 px-nof-16\">Er\u00e4s opiskelija taas kysyi Stubbilta, pit\u00e4isik\u00f6 Euroopan maiden ajaa puolustustaan yl\u00f6s.<\/p>\n<p class=\"article-body mb-nof-24 px-nof-16\">Kysyj\u00e4 on menossa Suomeen suorittamaan asepalvelusta Vekaranj\u00e4rvelle. Stubb kysyi adjutantiltaan, k\u00e4vik\u00f6 t\u00e4m\u00e4 intin Vekaranj\u00e4rvell\u00e4, mutta t\u00e4m\u00e4 vastasi k\u00e4yneens\u00e4 Parolannummella.<\/p>\n<p class=\"article-body mb-nof-24 px-nof-16\">\u2013 Meill\u00e4 on hyv\u00e4 suhde adjutanttieni kanssa. Aina kun he sanovat jotain hassua, alennan heid\u00e4t majureiksi. Aina kun he tekev\u00e4t jotain fiksua, ylenn\u00e4n heid\u00e4t kenraaleiksi, Stubb vitsaili.<\/p>\n<p class=\"article-body mb-nof-24 px-nof-16\">Stubb l\u00e4hti iltap\u00e4iv\u00e4ll\u00e4 autosaattueessa Amsterdamista kohti Haagia, jossa h\u00e4n osallistuu halukkaiden liittouman kokoukseen et\u00e4n\u00e4 yhdess\u00e4 Hollannin p\u00e4\u00e4ministerin <a class=\"article-personlink\" href=\"https:\/\/www.is.fi\/haku\/?query=Dick%20Schoofin\" rel=\"nofollow noopener\" target=\"_blank\">Dick Schoofin<\/a> kanssa.<\/p>\n<p class=\"article-body mb-nof-24 px-nof-16\">Tasavallan presidentti joutuu j\u00e4tt\u00e4m\u00e4\u00e4n koalition kokouksen vuoksi kaksi ohjelmakohtaa v\u00e4liin. H\u00e4n ei osallistunut puolustusministeri\u00f6n Defensity College -ohjelmaan suuntautuvaan vierailuun eik\u00e4 sit\u00e4 seuraavaan business-foorumiin.<\/p>\n<p class=\"article-body mb-nof-24 px-nof-16\">Kokouksen aiheina ovat koalition tuki Ukrainalle sek\u00e4 seuraavat askeleet rauhanneuvotteluissa.<\/p>\n<p class=\"article-body mb-nof-24 px-nof-16\">Vierailu jatkuu Haagissa perjantaina. Siell\u00e4 presidentill\u00e4 on omaa ohjelmaa, kun taas Innes-Stubb osallistuu py\u00f6re\u00e4n p\u00f6yd\u00e4n keskusteluun naisiin kohdistuvasta v\u00e4kivallasta.<\/p>\n","protected":false},"excerpt":{"rendered":"Presidentti Alexander Stubb piti luennon Amsterdamin yliopistolla valtiovierailullaan Hollantiin. Presidentilt\u00e4 kysyttiin, miten Euroopan tulisi suhtautua ja vastata drooni-iskuihin&hellip;\n","protected":false},"author":2,"featured_media":113796,"comment_status":"","ping_status":"","sticky":false,"template":"","format":"standard","meta":{"footnotes":""},"categories":[5],"tags":[22,23,26,27,33,31,30,17,34,24,25,28,29,15,18,21,32,19,20,16],"class_list":{"0":"post-113795","1":"post","2":"type-post","3":"status-publish","4":"format-standard","5":"has-post-thumbnail","7":"category-otsikot","8":"tag-breaking-news","9":"tag-breakingnews","10":"tag-featured-news","11":"tag-featurednews","12":"tag-fi","13":"tag-finland","14":"tag-finnish","15":"tag-headlines","16":"tag-ilta-sanomat","17":"tag-latest-news","18":"tag-latestnews","19":"tag-main-news","20":"tag-mainnews","21":"tag-news","22":"tag-otsikot","23":"tag-paauutiset","24":"tag-suomi","25":"tag-top-stories","26":"tag-topstories","27":"tag-uutiset"},"share_on_mastodon":{"url":"https:\/\/pubeurope.com\/@fi\/115702160943257873","error":""},"_links":{"self":[{"href":"https:\/\/www.europesays.com\/fi\/wp-json\/wp\/v2\/posts\/113795","targetHints":{"allow":["GET"]}}],"collection":[{"href":"https:\/\/www.europesays.com\/fi\/wp-json\/wp\/v2\/posts"}],"about":[{"href":"https:\/\/www.europesays.com\/fi\/wp-json\/wp\/v2\/types\/post"}],"author":[{"embeddable":true,"href":"https:\/\/www.europesays.com\/fi\/wp-json\/wp\/v2\/users\/2"}],"replies":[{"embeddable":true,"href":"https:\/\/www.europesays.com\/fi\/wp-json\/wp\/v2\/comments?post=113795"}],"version-history":[{"count":0,"href":"https:\/\/www.europesays.com\/fi\/wp-json\/wp\/v2\/posts\/113795\/revisions"}],"wp:featuredmedia":[{"embeddable":true,"href":"https:\/\/www.europesays.com\/fi\/wp-json\/wp\/v2\/media\/113796"}],"wp:attachment":[{"href":"https:\/\/www.europesays.com\/fi\/wp-json\/wp\/v2\/media?parent=113795"}],"wp:term":[{"taxonomy":"category","embeddable":true,"href":"https:\/\/www.europesays.com\/fi\/wp-json\/wp\/v2\/categories?post=113795"},{"taxonomy":"post_tag","embeddable":true,"href":"https:\/\/www.europesays.com\/fi\/wp-json\/wp\/v2\/tags?post=113795"}],"curies":[{"name":"wp","href":"https:\/\/api.w.org\/{rel}","templated":true}]}}