{"id":113801,"date":"2025-12-11T17:56:08","date_gmt":"2025-12-11T17:56:08","guid":{"rendered":"https:\/\/www.europesays.com\/fi\/113801\/"},"modified":"2025-12-11T17:56:08","modified_gmt":"2025-12-11T17:56:08","slug":"game-of-thrones-tahti-milly-alcockin-uusi-supergirl-elokuva-sai-vihdoinkin-trailerin","status":"publish","type":"post","link":"https:\/\/www.europesays.com\/fi\/113801\/","title":{"rendered":"Game of Thrones -t\u00e4hti Milly Alcockin uusi Supergirl-elokuva sai vihdoinkin trailerin"},"content":{"rendered":"<p>Kuva: \u00a9 Warner Bros.<\/p>\n<p>Warner Bros. Pictures on julkaissut t\u00e4n\u00e4\u00e4n hetki sitten ensimm\u00e4isen trailerin Supergirl-elokuvasta, joka saa ensi-iltansa 26. kes\u00e4kuuta 2026.<\/p>\n<p>House of the Dragonista tutun Milly Alcockin esitt\u00e4m\u00e4 r\u00e4m\u00e4p\u00e4\u00e4 piipahti jo viime kes\u00e4n\u00e4 valkokankaalla Supermanin merkeiss\u00e4, mutta oman elokuvansa Kara Zor-El eli <a href=\"https:\/\/muropaketti.com\/avainsana\/supergirl\/\" rel=\"nofollow noopener\" target=\"_blank\">Supergirl<\/a> saa kes\u00e4kuussa 2026.<\/p>\n<p>Supermanista tuttu James Gunn on toiminut Supergirlin tuottajana, mutta elokuvan ohjauksesta vastaa Craig Gillespie (Cruella, Dumb Money) ja k\u00e4sikirjoituksesta Ana Noguiera, joka on aikaisemmin kirjoittanut vain vuoden 2018 We Win -lyhytelokuvan.<\/p>\n<p>Milly Alcockin lis\u00e4ksi Ter\u00e4styt\u00f6n omaa elokuvaa t\u00e4hditt\u00e4v\u00e4t Matthias Schoenaerts, Eve Ridley, David Krumholtz ja Emily Beecham. Mukana on my\u00f6s Jason Momoa, joka on vaihtanut Aquamanin uuteen rooliin ja esitt\u00e4\u00e4 nyt p\u00e4\u00e4jehu Loboa.<\/p>\n<p>Supergirl saa ensi-iltansa 26. kes\u00e4kuuta. Muutama viikko ennen sit\u00e4 Suomessa julkaistaan <a href=\"https:\/\/muropaketti.com\/elokuvat\/elokuvauutiset\/finlandia-palkittu-johanna-sinisalo-kirjoitti-dclle-supersankarisarjakuvan-supergirl-maailma-on-vuoden-2026-kiinnostavimpia-uutuuksia\/\" rel=\"nofollow noopener\" target=\"_blank\">Supergirlin oma sarjakuva-albumi<\/a>, jossa on mukana my\u00f6s suomalaisia tekij\u00f6it\u00e4.<\/p>\n","protected":false},"excerpt":{"rendered":"Kuva: \u00a9 Warner Bros. Warner Bros. Pictures on julkaissut t\u00e4n\u00e4\u00e4n hetki sitten ensimm\u00e4isen trailerin Supergirl-elokuvasta, joka saa ensi-iltansa&hellip;\n","protected":false},"author":2,"featured_media":113802,"comment_status":"","ping_status":"","sticky":false,"template":"","format":"standard","meta":{"footnotes":""},"categories":[131],"tags":[155,2873,137,33,173,31,30,181,172,32,182,183,109],"class_list":{"0":"post-113801","1":"post","2":"type-post","3":"status-publish","4":"format-standard","5":"has-post-thumbnail","7":"category-elokuvat","8":"tag-elokuvat","9":"tag-elokuvatrailerit","10":"tag-entertainment","11":"tag-fi","12":"tag-film","13":"tag-finland","14":"tag-finnish","15":"tag-milly-alcock","16":"tag-movies","17":"tag-suomi","18":"tag-supergirl","19":"tag-superman","20":"tag-viihde"},"share_on_mastodon":{"url":"https:\/\/pubeurope.com\/@fi\/115702227502753525","error":""},"_links":{"self":[{"href":"https:\/\/www.europesays.com\/fi\/wp-json\/wp\/v2\/posts\/113801","targetHints":{"allow":["GET"]}}],"collection":[{"href":"https:\/\/www.europesays.com\/fi\/wp-json\/wp\/v2\/posts"}],"about":[{"href":"https:\/\/www.europesays.com\/fi\/wp-json\/wp\/v2\/types\/post"}],"author":[{"embeddable":true,"href":"https:\/\/www.europesays.com\/fi\/wp-json\/wp\/v2\/users\/2"}],"replies":[{"embeddable":true,"href":"https:\/\/www.europesays.com\/fi\/wp-json\/wp\/v2\/comments?post=113801"}],"version-history":[{"count":0,"href":"https:\/\/www.europesays.com\/fi\/wp-json\/wp\/v2\/posts\/113801\/revisions"}],"wp:featuredmedia":[{"embeddable":true,"href":"https:\/\/www.europesays.com\/fi\/wp-json\/wp\/v2\/media\/113802"}],"wp:attachment":[{"href":"https:\/\/www.europesays.com\/fi\/wp-json\/wp\/v2\/media?parent=113801"}],"wp:term":[{"taxonomy":"category","embeddable":true,"href":"https:\/\/www.europesays.com\/fi\/wp-json\/wp\/v2\/categories?post=113801"},{"taxonomy":"post_tag","embeddable":true,"href":"https:\/\/www.europesays.com\/fi\/wp-json\/wp\/v2\/tags?post=113801"}],"curies":[{"name":"wp","href":"https:\/\/api.w.org\/{rel}","templated":true}]}}