{"id":11381,"date":"2025-08-20T17:34:07","date_gmt":"2025-08-20T17:34:07","guid":{"rendered":"https:\/\/www.europesays.com\/fi\/11381\/"},"modified":"2025-08-20T17:34:07","modified_gmt":"2025-08-20T17:34:07","slug":"kevin-costner-kommentoi-elokuvaansa-kohdistettua-oikeusjuttua-lavastettu-valhe-jolla-yritetaan-vahingoittaa-mainettani","status":"publish","type":"post","link":"https:\/\/www.europesays.com\/fi\/11381\/","title":{"rendered":"Kevin Costner kommentoi elokuvaansa kohdistettua oikeusjuttua \u2013 \u201dLavastettu valhe jolla yritet\u00e4\u00e4n vahingoittaa mainettani\u201d"},"content":{"rendered":"<p><strong>Kevin Costner <\/strong>kommentoi L.A.:n oikeudelle j\u00e4tt\u00e4m\u00e4ss\u00e4\u00e4n lausunnossa Horizon-elokuvaansa kohdistettuja syyt\u00f6ksi\u00e4.<\/p>\n<p>\u201d<strong>Devyn LaBella <\/strong>on tehnyt lavastetun valheen, jonka teht\u00e4v\u00e4n\u00e4 on vahingoittaa mainettani\u201d, Costner kirjoittaa.<\/p>\n<p>LaBella, joka toimii <strong>Ella Huntin <\/strong>stunt-n\u00e4yttelij\u00e4n\u00e4 Horizon: An American Saga \u2013 Chapter 2 -elokuvassa, syytti Costneria pakottamisesta raiskauskohtaukseen 2.5.2023.<\/p>\n<p>LaBellan mukaan Costner lis\u00e4si kohtauksen elokuvaan ilman ennakkoilmoitusta, suostumusta tai intiimikoodinaattoria. LaBellan kertomuksen mukaan h\u00e4nt\u00e4 ei my\u00f6sk\u00e4\u00e4n varoitettu uudesta miesn\u00e4yttelij\u00e4st\u00e4, joka \u201dtuli h\u00e4nen p\u00e4\u00e4lleen, painoi maahan ja repi h\u00e4nen hameensa v\u00e4kivaltaisesti\u201d.<\/p>\n<p>LaBella v\u00e4itt\u00e4\u00e4, ett\u00e4 Costner k\u00e4ski h\u00e4nt\u00e4 pysym\u00e4\u00e4n maassa, mink\u00e4 j\u00e4lkeen ohjeisti miesn\u00e4yttelij\u00e4\u00e4 useita kertoja n\u00e4yttelem\u00e4\u00e4n raiskauksen, samalla kun Costner kokeili kohtauksen eri versioita. Kes\u00e4kuussa intiimikoordinaattori<strong> Celeste Chaney<\/strong> vahvisti LaBellan kertomuksen.<\/p>\n<p>Lue my\u00f6s: <a href=\"https:\/\/www.episodi.fi\/uutiset\/kevin-costner-ja-jake-gyllenhaal-ensimmaista-kertaa-samaan-elokuvaan\/\" title=\"Kevin Costner ja Jake Gyllenhaal ensimm\u00e4ist\u00e4 kertaa samaan elokuvaan\" class=\"underline-custom !font-montserrat !font-bold !underline-offset-4 !decoration-4 !decoration-episodi-blue !text-md\" rel=\"nofollow noopener\" target=\"_blank\">Kevin Costner ja Jake Gyllenhaal ensimm\u00e4ist\u00e4 kertaa samaan elokuvaan<\/a><\/p>\n<p>Lue my\u00f6s: <a href=\"https:\/\/www.episodi.fi\/uutiset\/tanssii-susien-kanssa-tahden-ura-taitaa-jatkua-100-vuotiaaksi-siirryn-aina-seuraavaan-asiaan\/\" title=\"Tanssii susien kanssa -t\u00e4hden ura taitaa jatkua 100-vuotiaaksi? \u2013 \u201dSiirryn aina seuraavaan asiaan\u201d\" class=\"underline-custom !font-montserrat !font-bold !underline-offset-4 !decoration-4 !decoration-episodi-blue !text-md\" rel=\"nofollow noopener\" target=\"_blank\">Tanssii susien kanssa -t\u00e4hden ura taitaa jatkua 100-vuotiaaksi? \u2013 \u201dSiirryn aina seuraavaan asiaan\u201d<\/a><\/p>\n<p>Lue my\u00f6s: <a href=\"https:\/\/www.episodi.fi\/uutiset\/kevin-costnerin-horizon-elokuvaprojekti-haastettiin-taas-oikeuteen-talla-kertaa-vaaditaan-350-000-dollarin-korvauksia\/\" title=\"Kevin Costnerin Horizon-elokuvaprojekti haastettiin taas oikeuteen \u2013 T\u00e4ll\u00e4 kertaa vaaditaan 350\u00a0000 dollarin korvauksia\" class=\"underline-custom !font-montserrat !font-bold !underline-offset-4 !decoration-4 !decoration-episodi-blue !text-md\" rel=\"nofollow noopener\" target=\"_blank\">Kevin Costnerin Horizon-elokuvaprojekti haastettiin taas oikeuteen \u2013 T\u00e4ll\u00e4 kertaa vaaditaan 350\u00a0000 dollarin korvauksia<\/a><\/p>\n<p>Costnerin lausunto maalaa tapahtumasta kuitenkin toisenlaisen kuvan.<\/p>\n<p>Laaja lausunto alkaa LaBellan iloisesta viestist\u00e4 elokuvan tuotantop\u00e4\u00e4llik\u00f6lle yhdeks\u00e4n p\u00e4iv\u00e4\u00e4 tapahtuman j\u00e4lkeen: \u201dKiitos n\u00e4ist\u00e4 ihanista viikoista! Arvostan sinua todella paljon! Opin paljon ja kiitos viel\u00e4 kerran. Olen todella onnellinen, ett\u00e4 kaikki meni niin kuin meni. Hyv\u00e4\u00e4 jatkoa kuvauksiin ja puhutaan pian!\u201d, LaBella kirjoitti.<\/p>\n<p>\u201dVihaa tai kaunaa ei ollut, vain innostusta ja kiitollisuutta. T\u00e4t\u00e4 tukevat kokeneiden elokuvantekij\u00f6iden lausunnot, valokuvat ja LaBellan omat sanat tapahtumahetkell\u00e4. Sen sijaan h\u00e4nen sensaatiohakuiset syyt\u00f6ksens\u00e4 ovat yht\u00e4 fiktiivisi\u00e4 kuin itse elokuvakin\u201d, Costnerin asianajaja <strong>Marty Singer<\/strong> kirjoitti.<\/p>\n<p>LaBellan kanteessa v\u00e4itet\u00e4\u00e4n, ett\u00e4 h\u00e4n valitti kokemuksestaan ty\u00f6tovereilleen, mutta joutui suhtautumaan tilanteeseen ammattimaisella asenteella, koska tuotanto oli edelleen k\u00e4ynniss\u00e4.<\/p>\n<p>LaBella vaatii korvauksia uransa vaikeutumisesta ja \u201dpitk\u00e4kestoisen trauman hoidosta, jota h\u00e4nen on k\u00e4sitelt\u00e4v\u00e4 tulevina vuosina\u201d. Lis\u00e4ksi h\u00e4n vaatii, ett\u00e4 oikeus m\u00e4\u00e4r\u00e4isi intiimikoordinaattorin kaikkiin Costnerin tuleviin elokuviin, sek\u00e4 elokuvantekij\u00e4t seksuaalisen h\u00e4irinn\u00e4n ja v\u00e4kivallan vastaiseen koulutukseen.<\/p>\n<p>LaBellan kanne on vain yksi monista Horizon-elokuvasarjan kokemista takaiskuista.<\/p>\n<p>Costner j\u00e4tti menestyssarja Yellowstonen kuvatakseen neliosaisen l\u00e4nkk\u00e4risagansa. Omia rahojaan n. 100 miljoonan dollarin elokuvaan h\u00e4n laittoi n. 38 miljoonaa.<\/p>\n<p>Ensimm\u00e4inen Horizon-elokuva julkaistiin kes\u00e4kuussa 2024 ja se floppasi lippuluukuilla, tuottaen vain n. 38,7 miljoonaa dollaria. Toinen osa sai ensi-iltansa Venetsian elokuvajuhlilla syyskuussa 2024, mutta sen j\u00e4lkeen leffasta ei ole kuulunutkaan.<\/p>\n<p>L\u00e4hde: <a href=\"https:\/\/www.theguardian.com\/film\/2025\/aug\/19\/kevin-costner-lawsuit-horizon-stunt-performer\" rel=\"nofollow noopener\" target=\"_blank\">The Guardian<\/a><\/p>\n<p>Lue my\u00f6s: <a href=\"https:\/\/www.episodi.fi\/uutiskirje\" title=\"Tilaa Episodin uutiskirje ja tied\u00e4t mit\u00e4 katsoa! Nappaa tv-vinkit suoraan s\u00e4hk\u00f6postiin t\u00e4st\u00e4.\" class=\"underline-custom !font-montserrat !font-bold !underline-offset-4 !decoration-4 !decoration-episodi-blue !text-md\" rel=\"nofollow noopener\" target=\"_blank\">Tilaa Episodin uutiskirje ja tied\u00e4t mit\u00e4 katsoa! Nappaa katseluvinkit suoraan s\u00e4hk\u00f6postiin t\u00e4st\u00e4.<\/a><\/p>\n","protected":false},"excerpt":{"rendered":"Kevin Costner kommentoi L.A.:n oikeudelle j\u00e4tt\u00e4m\u00e4ss\u00e4\u00e4n lausunnossa Horizon-elokuvaansa kohdistettuja syyt\u00f6ksi\u00e4. \u201dDevyn LaBella on tehnyt lavastetun valheen, jonka teht\u00e4v\u00e4n\u00e4&hellip;\n","protected":false},"author":2,"featured_media":11382,"comment_status":"","ping_status":"","sticky":false,"template":"","format":"standard","meta":{"footnotes":""},"categories":[131],"tags":[155,137,33,173,31,30,4986,4547,172,32,109],"class_list":{"0":"post-11381","1":"post","2":"type-post","3":"status-publish","4":"format-standard","5":"has-post-thumbnail","7":"category-elokuvat","8":"tag-elokuvat","9":"tag-entertainment","10":"tag-fi","11":"tag-film","12":"tag-finland","13":"tag-finnish","14":"tag-horizon","15":"tag-kevin-costner","16":"tag-movies","17":"tag-suomi","18":"tag-viihde"},"share_on_mastodon":{"url":"","error":""},"_links":{"self":[{"href":"https:\/\/www.europesays.com\/fi\/wp-json\/wp\/v2\/posts\/11381","targetHints":{"allow":["GET"]}}],"collection":[{"href":"https:\/\/www.europesays.com\/fi\/wp-json\/wp\/v2\/posts"}],"about":[{"href":"https:\/\/www.europesays.com\/fi\/wp-json\/wp\/v2\/types\/post"}],"author":[{"embeddable":true,"href":"https:\/\/www.europesays.com\/fi\/wp-json\/wp\/v2\/users\/2"}],"replies":[{"embeddable":true,"href":"https:\/\/www.europesays.com\/fi\/wp-json\/wp\/v2\/comments?post=11381"}],"version-history":[{"count":0,"href":"https:\/\/www.europesays.com\/fi\/wp-json\/wp\/v2\/posts\/11381\/revisions"}],"wp:featuredmedia":[{"embeddable":true,"href":"https:\/\/www.europesays.com\/fi\/wp-json\/wp\/v2\/media\/11382"}],"wp:attachment":[{"href":"https:\/\/www.europesays.com\/fi\/wp-json\/wp\/v2\/media?parent=11381"}],"wp:term":[{"taxonomy":"category","embeddable":true,"href":"https:\/\/www.europesays.com\/fi\/wp-json\/wp\/v2\/categories?post=11381"},{"taxonomy":"post_tag","embeddable":true,"href":"https:\/\/www.europesays.com\/fi\/wp-json\/wp\/v2\/tags?post=11381"}],"curies":[{"name":"wp","href":"https:\/\/api.w.org\/{rel}","templated":true}]}}