{"id":113810,"date":"2025-12-11T18:03:09","date_gmt":"2025-12-11T18:03:09","guid":{"rendered":"https:\/\/www.europesays.com\/fi\/113810\/"},"modified":"2025-12-11T18:03:09","modified_gmt":"2025-12-11T18:03:09","slug":"brigitte-macron-kutsui-feministiaktivisteja-likaisiksi-ammiksi","status":"publish","type":"post","link":"https:\/\/www.europesays.com\/fi\/113810\/","title":{"rendered":"Brigitte Macron kutsui feministiaktivisteja likaisiksi \u00e4mmiksi"},"content":{"rendered":"<p>Ranska|Ranskan presidentin vaimo Brigitte Macron kutsui videolla feministiaktivisteja \u201dlikaisiksi \u00e4mmiksi\u201d ja sai Ranskassa kohun aikaan.<\/p>\n<p class=\"article-body mb-nof-24 px-nof-16\">\u201dSales connes.\u201d \u201dLikaiset \u00e4mm\u00e4t.\u201d<\/p>\n<p class=\"article-body mb-nof-24 px-nof-16\">Sellaisiksi Ranskan presidentin vaimo <a class=\"article-personlink\" href=\"https:\/\/www.hs.fi\/haku\/?query=Brigitte%20Macron\" rel=\"nofollow noopener\" target=\"_blank\">Brigitte Macron<\/a> kutsui feministiaktivisteja videolla, josta on syntynyt Ranskassa kunnon kohu.<\/p>\n<p class=\"article-body mb-nof-24 px-nof-16\">Sunnuntai-iltana Macron vieraili tytt\u00e4rens\u00e4 kanssa ranskalaisen koomikko <a class=\"article-personlink\" href=\"https:\/\/www.hs.fi\/haku\/?query=Ary%20Abittanin\" rel=\"nofollow noopener\" target=\"_blank\">Ary Abittanin<\/a> esityksess\u00e4 Folies Berg\u00e8re -teatterissa. Ennen esityst\u00e4 Brigitte Macron tapasi takahuoneessa koomikon, jota 23-vuotias nainen on syytt\u00e4nyt raiskauksesta ja joka on sittemmin vapautettu syytteist\u00e4.<\/p>\n<p class=\"article-body mb-nof-24 px-nof-16\">Videolla Abittan kertoo Brigitte Macronille olevansa peloissaan, koska kesken edellisillan esityksen nelj\u00e4 Nous Toutes -feministij\u00e4rjest\u00f6n j\u00e4sent\u00e4 oli huutanut \u201dAry, raiskaaja\u201d koomikon kasvokuvanaamarit p\u00e4\u00e4ss\u00e4\u00e4n.<\/p>\n<p class=\"article-body mb-nof-24 px-nof-16\">Videolla Brigitte Macron tokaisee Abittanille: \u201dJos ne likaiset \u00e4mm\u00e4t ovat t\u00e4\u00e4ll\u00e4, me potkimme heid\u00e4t ulos!\u201d Macron naurahtaa kommenttinsa j\u00e4lkeen.<\/p>\n<p class=\"article-body mb-nof-24 px-nof-16\">Public-median julkaiseman videon oli kuvannut henkil\u00f6, joka ty\u00f6skentelee julkkismediapalveluistaan tunnetulle, Macroneille l\u00e4heiselle <a class=\"article-personlink\" href=\"https:\/\/www.hs.fi\/haku\/?query=Mimi%20Marchandille.\" rel=\"nofollow noopener\" target=\"_blank\">Mimi Marchandille.<\/a> \u00c4\u00e4ninauhaa ei ollut ilmeisesti tarkistettu ennen videon l\u00e4hett\u00e4mist\u00e4 medialle. Pyynn\u00f6st\u00e4 Public poisti videon, mutta vahinko oli jo tapahtunut.<\/p>\n<p class=\"article-body mb-nof-24 px-nof-16\">Video levisi kuin kulovalkea, ja pian haukkumasana \u201dlikainen \u00e4mm\u00e4\u201d muuttui feministiseksi #salesconnes-sloganiksi. Monet ranskalaiset kuuluisuudet, kuten n\u00e4yttelij\u00e4t <a class=\"article-personlink\" href=\"https:\/\/www.hs.fi\/haku\/?query=Marion%20Cotillard\" rel=\"nofollow noopener\" target=\"_blank\">Marion Cotillard<\/a> ja <a class=\"article-personlink\" href=\"https:\/\/www.hs.fi\/haku\/?query=Judith%20Godreche\" rel=\"nofollow noopener\" target=\"_blank\">Judith Godreche<\/a>, julkaisivat omilla Instagram-tileill\u00e4\u00e4n viestin, ett\u00e4 he ovat my\u00f6s \u201dlikaisia \u00e4mmi\u00e4\u201d ja ylpeit\u00e4 siit\u00e4.<\/p>\n<p class=\"article-body mb-nof-24 px-nof-16\">Monet ranskalaiset ovatkin p\u00f6yristyneet siit\u00e4, miten Ranskan ensimm\u00e4inen nainen kehtaa haukkua feministej\u00e4, joiden ansiosta Ranskassa on saatu vuosikymmenten varrella viety\u00e4 monenlaisia naisten oikeuksia eteenp\u00e4in. Viimeksi 29. lokakuuta suostumuksen puuttuminen lis\u00e4ttiin raiskauksen m\u00e4\u00e4ritelm\u00e4\u00e4n Ranskan lakiin.<\/p>\n<p class=\"article-body mb-nof-24 px-nof-16\">Sit\u00e4 koomikko Abittaninkin syytteess\u00e4 tutkittiin, mutta koska suostumuksen puutteesta ei saatu tarpeeksi n\u00e4ytt\u00f6\u00e4, h\u00e4net vapautettiin kolmen vuoden tutkinnan j\u00e4lkeen.<\/p>\n<p><img decoding=\"async\" src=\"https:\/\/www.europesays.com\/fi\/wp-content\/uploads\/2025\/12\/1765476189_194_468.jpg\" alt=\"Nous Toutes -ryhm\u00e4 osoitti mielt\u00e4 naisiin kohdistuvaa v\u00e4kivaltaa vastaan Pariisissa lokakuussa.\" class=\"_Img_1rerz_1\" style=\"aspect-ratio:1.5\" loading=\"eager\"\/><\/p>\n<p class=\"article-picture-caption\">Nous Toutes -ryhm\u00e4 osoitti mielt\u00e4 naisiin kohdistuvaa v\u00e4kivaltaa vastaan Pariisissa lokakuussa. Kuva:\u00a0Yoan Valat \/Epa<\/p>\n<p class=\"article-body mb-nof-24 px-nof-16\">Nous Toutes -j\u00e4rjest\u00f6 on jo vuosia taistellut naisiin kohdistuvaa v\u00e4kivaltaa vastaan Ranskassa. Kuka tahansa Pariisissa viime vuosina k\u00e4ynyt onkin voinut n\u00e4hd\u00e4 j\u00e4rjest\u00f6n kaduille valkoisin A4-paperein liimattuja viestej\u00e4, joihin on kirjoitettu v\u00e4kivaltaan kuolleiden naisten nimi\u00e4 tai lauseita seksuaaliv\u00e4kivaltaa vastaan.<\/p>\n<p class=\"article-body mb-nof-24 px-nof-16\">Naisiin kohdistuvan v\u00e4kivallan torjunta oli my\u00f6s <a class=\"article-personlink\" href=\"https:\/\/www.hs.fi\/haku\/?query=Emmanuel%20Macronin\" rel=\"nofollow noopener\" target=\"_blank\">Emmanuel Macronin<\/a> ensimm\u00e4isen presidenttikauden yksi suurista tavoitteista. Syyskuussa julkaistujen viranomaistietojen mukaan Ranskassa noin 153\u202f000 aikuista vuodessa joutuu nyky\u00e4\u00e4n raiskauksen ja noin 217\u202f000 seksuaalisen v\u00e4kivallan uhriksi.<\/p>\n<p class=\"article-body mb-nof-24 px-nof-16\">Brigitte Macronin kommentti ei tee hyv\u00e4\u00e4 h\u00e4nen eik\u00e4 h\u00e4nen miehens\u00e4 julkisuuskuvalle, joka sai s\u00e4r\u00f6n jo kev\u00e4\u00e4ll\u00e4, kun Brigitte Macron <a class=\"article-genericlink\" href=\"https:\/\/www.hs.fi\/maailma\/art-2000011259791.html\" rel=\"nofollow noopener\" target=\"_blank\">t\u00f6yt\u00e4isi miest\u00e4\u00e4n kasvoihin<\/a> uutistoimiston taltioimalla videolla. Sen j\u00e4lkipyykki hoidettiin kehnosti ja kysymykset siit\u00e4, mist\u00e4 tosiasiassa oli kyse, j\u00e4iv\u00e4t leijumaan ilmaan. Tilanne ei vaikuta nyt kovin paljon paremmalta.<\/p>\n<p class=\"article-body mb-nof-24 px-nof-16\">Monet feministiliikkeet Ranskassa vaativat Brigitte Macronilta nyt julkista anteeksipyynt\u00f6\u00e4. T\u00e4h\u00e4n menness\u00e4 \u00c9lys\u00e9e-palatsista on kerrottu Macronin halunneen vain arvostella aktivistien protestointimenetelm\u00e4\u00e4 eik\u00e4 loukata feministist\u00e4 liikett\u00e4 sin\u00e4ns\u00e4.<\/p>\n<p class=\"article-body mb-nof-24 px-nof-16\">Brigitte Macronin kommentti kolhaisee my\u00f6s presidentti Macronia, joka nauttii jo valmiiksi hyvin alhaista suosiota tulehtuneessa, hajaantuneessa ja jumittuneessa sis\u00e4poliittisessa tilanteessa.<\/p>\n<p class=\"article-body mb-nof-24 px-nof-16\">Se on my\u00f6s omiaan tuomaan lis\u00e4\u00e4 paineita vuonna 2027 siint\u00e4viin presidentinvaaleihin, jotka tuoreimpien mielipidemittausten mukaan voittaisi \u00e4\u00e4rioikeiston <a class=\"article-personlink\" href=\"https:\/\/www.hs.fi\/haku\/?query=Jordan%20Bardella\" rel=\"nofollow noopener\" target=\"_blank\">Jordan Bardella<\/a> riippumatta siit\u00e4, kuka h\u00e4nen vastustajansa olisi.<\/p>\n","protected":false},"excerpt":{"rendered":"Ranska|Ranskan presidentin vaimo Brigitte Macron kutsui videolla feministiaktivisteja \u201dlikaisiksi \u00e4mmiksi\u201d ja sai Ranskassa kohun aikaan. \u201dSales connes.\u201d \u201dLikaiset&hellip;\n","protected":false},"author":2,"featured_media":113811,"comment_status":"","ping_status":"","sticky":false,"template":"","format":"standard","meta":{"footnotes":""},"categories":[14],"tags":[22,23,26,27,33,31,30,17,46,24,25,28,29,15,18,21,32,19,20,56,16,59,60,61],"class_list":{"0":"post-113810","1":"post","2":"type-post","3":"status-publish","4":"format-standard","5":"has-post-thumbnail","7":"category-ulkomaat","8":"tag-breaking-news","9":"tag-breakingnews","10":"tag-featured-news","11":"tag-featurednews","12":"tag-fi","13":"tag-finland","14":"tag-finnish","15":"tag-headlines","16":"tag-helsingin-sanomat","17":"tag-latest-news","18":"tag-latestnews","19":"tag-main-news","20":"tag-mainnews","21":"tag-news","22":"tag-otsikot","23":"tag-paauutiset","24":"tag-suomi","25":"tag-top-stories","26":"tag-topstories","27":"tag-ulkomaat","28":"tag-uutiset","29":"tag-world","30":"tag-world-news","31":"tag-worldnews"},"share_on_mastodon":{"url":"https:\/\/pubeurope.com\/@fi\/115702255395189185","error":""},"_links":{"self":[{"href":"https:\/\/www.europesays.com\/fi\/wp-json\/wp\/v2\/posts\/113810","targetHints":{"allow":["GET"]}}],"collection":[{"href":"https:\/\/www.europesays.com\/fi\/wp-json\/wp\/v2\/posts"}],"about":[{"href":"https:\/\/www.europesays.com\/fi\/wp-json\/wp\/v2\/types\/post"}],"author":[{"embeddable":true,"href":"https:\/\/www.europesays.com\/fi\/wp-json\/wp\/v2\/users\/2"}],"replies":[{"embeddable":true,"href":"https:\/\/www.europesays.com\/fi\/wp-json\/wp\/v2\/comments?post=113810"}],"version-history":[{"count":0,"href":"https:\/\/www.europesays.com\/fi\/wp-json\/wp\/v2\/posts\/113810\/revisions"}],"wp:featuredmedia":[{"embeddable":true,"href":"https:\/\/www.europesays.com\/fi\/wp-json\/wp\/v2\/media\/113811"}],"wp:attachment":[{"href":"https:\/\/www.europesays.com\/fi\/wp-json\/wp\/v2\/media?parent=113810"}],"wp:term":[{"taxonomy":"category","embeddable":true,"href":"https:\/\/www.europesays.com\/fi\/wp-json\/wp\/v2\/categories?post=113810"},{"taxonomy":"post_tag","embeddable":true,"href":"https:\/\/www.europesays.com\/fi\/wp-json\/wp\/v2\/tags?post=113810"}],"curies":[{"name":"wp","href":"https:\/\/api.w.org\/{rel}","templated":true}]}}