{"id":113814,"date":"2025-12-11T18:05:10","date_gmt":"2025-12-11T18:05:10","guid":{"rendered":"https:\/\/www.europesays.com\/fi\/113814\/"},"modified":"2025-12-11T18:05:10","modified_gmt":"2025-12-11T18:05:10","slug":"sm-liiga-sport-pelicans-tps-jukurit-ilta-sanomat","status":"publish","type":"post","link":"https:\/\/www.europesays.com\/fi\/113814\/","title":{"rendered":"SM-liiga: Sport\u2013Pelicans, TPS\u2013Jukurit &#8211; Ilta-Sanomat"},"content":{"rendered":"<p>SM-liigassa pelataan kaksi ottelua.<\/p>\n<p>Vaasan Sportin kannattaa aloittaa tyhjennysmyynti, linjattiin maanantaina julkaistussa IS:n videotuomiossa.<\/p>\n<p class=\"article-body mb-nof-24 px-nof-16\">SM-liigan viimeisell\u00e4 sijalla oleva Vaasan Sport pelaa t\u00e4n\u00e4\u00e4n torstaina ensimm\u00e4isen ottelunsa <a class=\"article-personlink\" href=\"https:\/\/www.is.fi\/haku\/?query=Jussi%20Tapion\" rel=\"nofollow noopener\" target=\"_blank\">Jussi Tapion<\/a> alaisuudessa. H\u00e4n korvasi p\u00e4\u00e4valmentajan tontilla <a class=\"article-personlink\" href=\"https:\/\/www.is.fi\/haku\/?query=Doug%20Sheddenin\" rel=\"nofollow noopener\" target=\"_blank\">Doug Sheddenin<\/a>, jonka l\u00e4hd\u00f6st\u00e4 tiedotettiin keskiviikkona.<\/p>\n<p class=\"article-body mb-nof-24 px-nof-16\">Tapion p\u00e4\u00e4valmentajakausi alkoi takkuisesti, sill\u00e4 Lahden Pelicans johtaa Vaasassa kahden er\u00e4n j\u00e4lkeen 3\u20130. Pelicansin maalit ovat iskeneet <a class=\"article-personlink\" href=\"https:\/\/www.is.fi\/haku\/?query=Elias%20Vil%C3%A9n\" rel=\"nofollow noopener\" target=\"_blank\">Elias Vil\u00e9n<\/a>, <a class=\"article-personlink\" href=\"https:\/\/www.is.fi\/haku\/?query=Aaro%20Chrons\" rel=\"nofollow noopener\" target=\"_blank\">Aaro Chrons<\/a> ja <a class=\"article-personlink\" href=\"https:\/\/www.is.fi\/haku\/?query=Michal%20Jordan\" rel=\"nofollow noopener\" target=\"_blank\">Michal Jordan<\/a>.<\/p>\n<p class=\"article-body mb-nof-24 px-nof-16\">Pelicans on hallinnut ottelua. Se johtaa maaliodottamaa selke\u00e4sti 2,02\u20130,71.<\/p>\n<p class=\"article-body mb-nof-24 px-nof-16\"><a class=\"article-personlink\" href=\"https:\/\/www.is.fi\/haku\/?query=Patrik%20Bartosakin\" rel=\"nofollow noopener\" target=\"_blank\">Patrik Bartosakin<\/a> piti pelata Pelicansin maalilla, ja tshekkivahti oli mukana viel\u00e4 alkul\u00e4mmittelyiss\u00e4, mutta h\u00e4net korvattiin viime hetkell\u00e4 <a class=\"article-personlink\" href=\"https:\/\/www.is.fi\/haku\/?query=Zachary%20Emondilla\" rel=\"nofollow noopener\" target=\"_blank\">Zachary Emondilla<\/a>. Pelicans ei ole tiedottanut Bartosakin poissaolon syyst\u00e4.<\/p>\n<p class=\"article-body mb-nof-24 px-nof-16\">SM-liigan torstain toisessa ottelussa kohtaavat TPS ja Jukurit. Tilanne on toisessa er\u00e4ss\u00e4 1\u20131.<\/p>\n<p>SM-liiga<\/p>\n<p>Tilanteet 2. erien j\u00e4lkeen<\/p>\n<ul class=\"mb-nof-16 px-nof-16 article-unordered-list unordered-list\">\n<li class=\"unordered-list-item\">\n<p class=\"article-body\">Sport\u2013Pelicans 0\u20133<\/p>\n<\/li>\n<li class=\"unordered-list-item\">\n<p class=\"article-body\">TPS\u2013Jukurit 1\u20131<\/p>\n<\/li>\n<\/ul>\n","protected":false},"excerpt":{"rendered":"SM-liigassa pelataan kaksi ottelua. Vaasan Sportin kannattaa aloittaa tyhjennysmyynti, linjattiin maanantaina julkaistussa IS:n videotuomiossa. SM-liigan viimeisell\u00e4 sijalla oleva&hellip;\n","protected":false},"author":2,"featured_media":113815,"comment_status":"","ping_status":"","sticky":false,"template":"","format":"standard","meta":{"footnotes":""},"categories":[5],"tags":[22,23,26,27,33,31,30,17,34,24,25,28,29,15,18,21,32,19,20,16],"class_list":{"0":"post-113814","1":"post","2":"type-post","3":"status-publish","4":"format-standard","5":"has-post-thumbnail","7":"category-otsikot","8":"tag-breaking-news","9":"tag-breakingnews","10":"tag-featured-news","11":"tag-featurednews","12":"tag-fi","13":"tag-finland","14":"tag-finnish","15":"tag-headlines","16":"tag-ilta-sanomat","17":"tag-latest-news","18":"tag-latestnews","19":"tag-main-news","20":"tag-mainnews","21":"tag-news","22":"tag-otsikot","23":"tag-paauutiset","24":"tag-suomi","25":"tag-top-stories","26":"tag-topstories","27":"tag-uutiset"},"share_on_mastodon":{"url":"https:\/\/pubeurope.com\/@fi\/115702263048753652","error":""},"_links":{"self":[{"href":"https:\/\/www.europesays.com\/fi\/wp-json\/wp\/v2\/posts\/113814","targetHints":{"allow":["GET"]}}],"collection":[{"href":"https:\/\/www.europesays.com\/fi\/wp-json\/wp\/v2\/posts"}],"about":[{"href":"https:\/\/www.europesays.com\/fi\/wp-json\/wp\/v2\/types\/post"}],"author":[{"embeddable":true,"href":"https:\/\/www.europesays.com\/fi\/wp-json\/wp\/v2\/users\/2"}],"replies":[{"embeddable":true,"href":"https:\/\/www.europesays.com\/fi\/wp-json\/wp\/v2\/comments?post=113814"}],"version-history":[{"count":0,"href":"https:\/\/www.europesays.com\/fi\/wp-json\/wp\/v2\/posts\/113814\/revisions"}],"wp:featuredmedia":[{"embeddable":true,"href":"https:\/\/www.europesays.com\/fi\/wp-json\/wp\/v2\/media\/113815"}],"wp:attachment":[{"href":"https:\/\/www.europesays.com\/fi\/wp-json\/wp\/v2\/media?parent=113814"}],"wp:term":[{"taxonomy":"category","embeddable":true,"href":"https:\/\/www.europesays.com\/fi\/wp-json\/wp\/v2\/categories?post=113814"},{"taxonomy":"post_tag","embeddable":true,"href":"https:\/\/www.europesays.com\/fi\/wp-json\/wp\/v2\/tags?post=113814"}],"curies":[{"name":"wp","href":"https:\/\/api.w.org\/{rel}","templated":true}]}}