{"id":113816,"date":"2025-12-11T18:06:17","date_gmt":"2025-12-11T18:06:17","guid":{"rendered":"https:\/\/www.europesays.com\/fi\/113816\/"},"modified":"2025-12-11T18:06:17","modified_gmt":"2025-12-11T18:06:17","slug":"virve-inget-jalleen-mukana-vuoden-koru-kilpailussa-aiheena-nyt-kesainen-luonto","status":"publish","type":"post","link":"https:\/\/www.europesays.com\/fi\/113816\/","title":{"rendered":"Virve Inget j\u00e4lleen mukana Vuoden koru -kilpailussa \u2013 aiheena nyt kes\u00e4inen luonto"},"content":{"rendered":"<p>\n      Taivalkoskelta kotoisin olevan, nykyisin Oulussa asuva kultasepp\u00e4 Virve Inget on j\u00e4lleen mukaan Vuoden koru -kisassa, \u00a0jonka voittaja ratkeaa tammikuussa. Alkuvuonna 2025 Inget sijoittui samassa Jules &amp; Berylin j\u00e4rjest\u00e4m\u00e4ss\u00e4 kilpailussa kolmanneksi Lumen polut -korusarjallaan. Kyseisen sarjan Inget ideoi taivalkoskelaisesta luonnosta, sill\u00e4 hopeisen sarjan kuviot on tehty muistuttamaan Huovisenj\u00e4rven j\u00e4\u00e4lle syntyneit\u00e4 lumisia kuvioita.\n    <\/p>\n<p>\n      Ensi vuoden kisaan Inget l\u00e4htee mukaan Ulpukka-sarjallaan. Nyt vuorossa on siis kes\u00e4isempi luontoaihe. Ulpukoita kasvaa Taivalkoskellakin ja Inget on n\u00e4hnyt niit\u00e4 Huovisenj\u00e4rvell\u00e4kin, mutta varsinaisena sys\u00e4yksen\u00e4 sarjalleen Inget pit\u00e4\u00e4 kes\u00e4ist\u00e4 n\u00e4ky\u00e4 Oulujoella, jossa h\u00e4n n\u00e4ki viime kes\u00e4n\u00e4 ulpukoita isona keltaisena mattona.\n    <\/p>\n<p class=\"article__paragraph\">\n      \u2013 Minun piti tarkkaan harkita, otanko ulpukat sarjaani, kun esimerkiksi lumpeenlehdet ovat hyvin k\u00e4ytetty aihe taiteessa ja koruissa, ja ulpukan lehdeth\u00e4n muistuttavat niit\u00e4. Keltaiset ulpukat olivat kuitenkin niin hienoja ja kauniita jokimaisemassaan, ett\u00e4 halusin suunnitella niit\u00e4 muistuttavia keltaisia koruja.\n    <\/p>\n<p class=\"article__paragraph\">\n      Hopeasta valmistetussa Ulpukka-korusarjassa kukkia on korostettu kultauksella ja keltaisilla sitriineill\u00e4. Mallistossa on n\u00e4ytt\u00e4v\u00e4 k\u00e4\u00e4tykaulakoru, korvakorut ja kaksi erilaista sormusta.\n    <\/p>\n<p class=\"article__paragraph\">\n      My\u00f6s Lumen polut -sarjassa oli n\u00e4ytt\u00e4v\u00e4 k\u00e4\u00e4tykaulakoru, joka oli mukana viime vuonna my\u00f6s presidentin itsen\u00e4isyysp\u00e4iv\u00e4n juhlassa. Inget pienensi sarjaan kuuluvaa korua, sill\u00e4 k\u00e4\u00e4tykorut on yleisesti mielletty Suomessa liian isoiksi ja n\u00e4ytt\u00e4viksi koruiksi.\n    <\/p>\n<p class=\"article__paragraph\">\n      \u2013 Suomessa on aika v\u00e4h\u00e4n sellaisia juhlia, joissa niit\u00e4 haluttaisiin k\u00e4ytt\u00e4\u00e4 ja arkikorujahan k\u00e4\u00e4dyt eiv\u00e4t olekaan. Pienemm\u00e4t ja arkisemmat korut menev\u00e4t paremmin kaupaksi. Ulpukka-sarjan korut olen suunnitellutkin nyt pienemmiksi, h\u00e4n kertoo.\n    <\/p>\n<p class=\"article__paragraph\">\n      Ingetin johtaman Taigakorun koruja myyd\u00e4\u00e4n my\u00f6s Ruotsissa, Norjassa, Saksassa ja Hollannissa.\n    <\/p>\n<p class=\"article__paragraph\">\n      Virve Inget osallistuu Vuoden koru -kilpailuun kolmatta kertaa, sill\u00e4 jo ennen viime vuotta h\u00e4n oli ollut kerran aikaisemmin kisassa mukana. Silloinenkin kisakoru oli saanut aiheensa Taivalkosken luonnosta. Riite-sarjan aiheena oli j\u00e4\u00e4n pinnat, joita Inget oli katsonut Huovisenj\u00e4rvess\u00e4 sijaitsevan pienen padon tuntumassa.\n    <\/p>\n<p>    <img decoding=\"async\" class=\"responsive-image article__image-image lozad\"   src=\"https:\/\/www.europesays.com\/fi\/wp-content\/uploads\/2025\/12\/RKTWKzgcBQLjJMYfrnPPCRJMTlcDX6DzL05f2IkSdwQ44ifJ784mGkZB9oLtrO1bvjrhdWp3hlP0fL17pdTN2QImAGa-W3h-Fxem.jpeg\" alt=\"Kultasepp\u00e4 Virve Inget osallistuu Vuoden koru -kilpailuun kolmatta kertaa.\"\/><\/p>\n<p>\n                Kultasepp\u00e4 Virve Inget osallistuu Vuoden koru -kilpailuun kolmatta kertaa.\n              <\/p>\n<p>\n                Kuva: Seppo Vainikainen\n              <\/p>\n<p class=\"article__paragraph\">\n      Vuoden koru -kilpailua Inget pit\u00e4\u00e4 paitsi korujen hyv\u00e4n\u00e4 markkinointitapahtumana, my\u00f6s erinomaisena ja mukavana alan ihmisten tapaamismahdollisuutena. Kilpailun tulokset julkaistaan Tampereella tammikuun lopussa pidett\u00e4v\u00e4ss\u00e4 juhlagaalassa.\n    <\/p>\n<p class=\"article__paragraph\">\n      \u2013 Liput olen sinne jo hankkinut! h\u00e4n kertoo.\n    <\/p>\n<p>Fakta<\/p>\n<p>      Vuoden koru -kilpailu<\/p>\n<p class=\"article__fact-paragraph\">\n      Jules &amp; Berylin Vuoden koru -kilpailu tuo esiin suomalaista korumuotoilua ja alan osaamista sek\u00e4 lis\u00e4\u00e4 tietoisuutta alan tarjonnan monipuolisuudesta ja laajuudesta. Kilpailussa etsit\u00e4\u00e4n persoonallisesti ja taidokkaasti muotoiltua korusarjaa.\n    <\/p>\n<p class=\"article__fact-paragraph\">\n      Vuoden koru 2026 -kilpailussa on mukana 10 finalistia. Voittaja valitaan yleis\u00f6\u00e4\u00e4nestyksell\u00e4. \u00c4\u00e4nestys p\u00e4\u00e4ttyy 25.1.26.\n    <\/p>\n<p class=\"article__fact-paragraph\">\n      Vuoden koru -kilpailu j\u00e4rjestet\u00e4\u00e4n nyt kahdeksannen kerran.\n    <\/p>\n","protected":false},"excerpt":{"rendered":"Taivalkoskelta kotoisin olevan, nykyisin Oulussa asuva kultasepp\u00e4 Virve Inget on j\u00e4lleen mukaan Vuoden koru -kisassa, \u00a0jonka voittaja ratkeaa&hellip;\n","protected":false},"author":2,"featured_media":113817,"comment_status":"","ping_status":"","sticky":false,"template":"","format":"standard","meta":{"footnotes":""},"categories":[117],"tags":[33,31,30,72,476,118,32,119,477],"class_list":{"0":"post-113816","1":"post","2":"type-post","3":"status-publish","4":"format-standard","5":"has-post-thumbnail","7":"category-luonto","8":"tag-fi","9":"tag-finland","10":"tag-finnish","11":"tag-luonto","12":"tag-nature","13":"tag-science","14":"tag-suomi","15":"tag-tiede","16":"tag-wildlife"},"share_on_mastodon":{"url":"https:\/\/pubeurope.com\/@fi\/115702266995656910","error":""},"_links":{"self":[{"href":"https:\/\/www.europesays.com\/fi\/wp-json\/wp\/v2\/posts\/113816","targetHints":{"allow":["GET"]}}],"collection":[{"href":"https:\/\/www.europesays.com\/fi\/wp-json\/wp\/v2\/posts"}],"about":[{"href":"https:\/\/www.europesays.com\/fi\/wp-json\/wp\/v2\/types\/post"}],"author":[{"embeddable":true,"href":"https:\/\/www.europesays.com\/fi\/wp-json\/wp\/v2\/users\/2"}],"replies":[{"embeddable":true,"href":"https:\/\/www.europesays.com\/fi\/wp-json\/wp\/v2\/comments?post=113816"}],"version-history":[{"count":0,"href":"https:\/\/www.europesays.com\/fi\/wp-json\/wp\/v2\/posts\/113816\/revisions"}],"wp:featuredmedia":[{"embeddable":true,"href":"https:\/\/www.europesays.com\/fi\/wp-json\/wp\/v2\/media\/113817"}],"wp:attachment":[{"href":"https:\/\/www.europesays.com\/fi\/wp-json\/wp\/v2\/media?parent=113816"}],"wp:term":[{"taxonomy":"category","embeddable":true,"href":"https:\/\/www.europesays.com\/fi\/wp-json\/wp\/v2\/categories?post=113816"},{"taxonomy":"post_tag","embeddable":true,"href":"https:\/\/www.europesays.com\/fi\/wp-json\/wp\/v2\/tags?post=113816"}],"curies":[{"name":"wp","href":"https:\/\/api.w.org\/{rel}","templated":true}]}}