{"id":113818,"date":"2025-12-11T18:10:20","date_gmt":"2025-12-11T18:10:20","guid":{"rendered":"https:\/\/www.europesays.com\/fi\/113818\/"},"modified":"2025-12-11T18:10:20","modified_gmt":"2025-12-11T18:10:20","slug":"iso-joukko-merkintoja-pitaa-poistaa-ruokapakkauksista-ensi-vuonna-viherpesun-vuoksi-kotimaa","status":"publish","type":"post","link":"https:\/\/www.europesays.com\/fi\/113818\/","title":{"rendered":"Iso joukko merkint\u00f6j\u00e4 pit\u00e4\u00e4 poistaa ruoka\u00adpakkauksista ensi vuonna viherpesun vuoksi | Kotimaa"},"content":{"rendered":"<ul class=\"aw-1jjocuh iJTSwP yle__article__list yle__article__list--ul\">\n<li class=\"aw-1j7gwms gNYKfi\">EU:n viherpesudirektiivi kielt\u00e4\u00e4 harhaanjohtavat ymp\u00e4rist\u00f6v\u00e4itt\u00e4m\u00e4t. Muutos tulee k\u00e4yt\u00e4nn\u00f6ss\u00e4 voimaan ensi syksyn\u00e4.<\/li>\n<li class=\"aw-1j7gwms gNYKfi\">Yleiset, t\u00e4sment\u00e4m\u00e4tt\u00f6m\u00e4t ymp\u00e4rist\u00f6v\u00e4itt\u00e4m\u00e4t ja tuotteiden p\u00e4\u00e4st\u00f6kompensointiin perustuvat merkinn\u00e4t kiellet\u00e4\u00e4n.<\/li>\n<li class=\"aw-1j7gwms gNYKfi\">Kaupan liiton mukaan varastossa jo olevia tuotteita p\u00e4\u00e4tyy pahimmillaan j\u00e4tteeksi v\u00e4\u00e4rien merkint\u00f6jen vuoksi.<\/li>\n<li class=\"aw-1j7gwms gNYKfi\">Luonnonvarakeskuksen mukaan tavoitteena on se, ett\u00e4 tuotteen koko ymp\u00e4rist\u00f6rasituksesta kertovat merkinn\u00e4t yleistyisiv\u00e4t.<\/li>\n<\/ul>\n<p class=\"aw-1gybjub aw-1p7kakr kEtdKx cEmitX yle__article__paragraph\">Ruokakaupassa tuotteita valitessa t\u00f6rm\u00e4\u00e4 kirjaviin ymp\u00e4rist\u00f6v\u00e4itt\u00e4miin: ilmastopositiivinen valinta, hiilidioksidip\u00e4\u00e4st\u00f6t kompensoitu, paremman planeetan puolesta.<\/p>\n<p class=\"aw-1gybjub aw-1p7kakr kEtdKx cEmitX yle__article__paragraph\">Kuluttajan on vaikeaa arvioida, kertovatko t\u00e4llaiset pakkausmerkinn\u00e4t oikeasti elintarvikkeen ymp\u00e4rist\u00f6yst\u00e4v\u00e4llisyydest\u00e4.<\/p>\n<p><img decoding=\"async\" alt=\"Pakkaus, jossa lukee &quot;Ilmastopositiivinen valinta&quot;.\" src=\"https:\/\/www.europesays.com\/fi\/wp-content\/uploads\/2025\/12\/39-156407969314068eabdc.jpeg\" loading=\"lazy\" class=\"aw-1l9m598 hKVVvP\"\/><\/p>\n<p>Avaa kuvien katselu<\/p>\n<p>Yleinen ymp\u00e4rist\u00f6v\u00e4ite ei ensi syksyst\u00e4 l\u00e4htien kelpaa tuotepakkaukseen, ellei samassa yhteydess\u00e4 t\u00e4smennet\u00e4 selv\u00e4sti, mihin v\u00e4ite perustuu. Kuva: Antti Haanp\u00e4\u00e4 \/ Yle<\/p>\n<p class=\"aw-1gybjub aw-1p7kakr kEtdKx cEmitX yle__article__paragraph\">EU:n viherpesudirektiivi eli vihre\u00e4n siirtym\u00e4n kuluttajansuojadirektiivi hyv\u00e4ksyttiin viime vuonna. Sit\u00e4 sovitetaan parhaillaan suomalaiseen lains\u00e4\u00e4d\u00e4nt\u00f6\u00f6n.<\/p>\n<p class=\"aw-1gybjub aw-1p7kakr kEtdKx cEmitX yle__article__paragraph\">Direktiivi karsii harhaanjohtavia, markkinointina k\u00e4ytett\u00e4vi\u00e4 ymp\u00e4rist\u00f6v\u00e4itt\u00e4mi\u00e4 ruokapakkauksista niin kuin muistakin tuotteista ja palveluista. Tavoite on kitke\u00e4 viherpesua ja antaa kuluttajille sen sijaan aiempaa luotettavampaa ja todistettavissa olevaa tietoa ymp\u00e4rist\u00f6vaikutuksista.<\/p>\n<p class=\"aw-1gybjub aw-1p7kakr kEtdKx cEmitX yle__article__paragraph\">Pakkausmerkint\u00f6ihin on teht\u00e4v\u00e4 muutoksia ensi syksyyn menness\u00e4, jolloin muutokset k\u00e4yt\u00e4nn\u00f6ss\u00e4 tulevat voimaan.<\/p>\n<p class=\"aw-1gybjub aw-1p7kakr kEtdKx cEmitX yle__article__paragraph\"><strong class=\"aw-ak79eh KyCXm yle__article__strong\">Luonnonvarakeskuksen erikoistutkija Juha-Matti Katajajuuri n\u00e4ytt\u00e4\u00e4 videolla esimerkkej\u00e4 ruokapakkausten merkinn\u00f6ist\u00e4, jotka voivat johtaa kuluttajaa harhaan. Viherpesudirektiivi rajoittaa merkint\u00f6j\u00e4 ensi syksyst\u00e4 l\u00e4htien.<\/strong><\/p>\n<p>Viherpesudirektiivi<\/p>\n<p class=\"aw-1gybjub aw-1p7kakr kEtdKx cEmitX yle__article__paragraph\">Viherpesudirektiivi kielt\u00e4\u00e4 yleiset ymp\u00e4rist\u00f6v\u00e4itt\u00e4m\u00e4t, kuten ymp\u00e4rist\u00f6yst\u00e4v\u00e4llinen, vihre\u00e4 tai ekologinen, ellei niit\u00e4 t\u00e4smennet\u00e4 selke\u00e4sti samassa yhteydess\u00e4. Yleisi\u00e4 v\u00e4itt\u00e4mi\u00e4 voi k\u00e4ytt\u00e4\u00e4 vain silloin, jos ymp\u00e4rist\u00f6nsuojelullinen taso on erinomainen.<\/p>\n<p class=\"aw-1gybjub aw-1p7kakr kEtdKx cEmitX yle__article__paragraph\">Jatkossa ei voi v\u00e4itt\u00e4\u00e4, ett\u00e4 tuotteella on neutraali, tavallista pienempi tai jopa my\u00f6nteinen vaikutus ymp\u00e4rist\u00f6\u00f6n, kun v\u00e4ite perustuu kasvihuonekaasujen kompensointiin.<\/p>\n<p class=\"aw-1gybjub aw-1p7kakr kEtdKx cEmitX yle__article__paragraph\">Tuotteessa on kerrottava selv\u00e4sti, jos merkint\u00e4 koskee vain yht\u00e4 osaa eik\u00e4 koko tuotetta.<\/p>\n<p class=\"aw-1gybjub aw-1p7kakr kEtdKx cEmitX yle__article__paragraph\">Monet yritykset k\u00e4ytt\u00e4v\u00e4t tuotteissaan omia kest\u00e4vyysmerkint\u00f6j\u00e4, joilla ne haluavat viesti\u00e4 esimerkiksi p\u00e4\u00e4st\u00f6v\u00e4hennystoimistaan. Jatkossa vain hyv\u00e4ksyttyihin sertifiointij\u00e4rjestelmiin perustuvat kest\u00e4vyysmerkinn\u00e4t sallitaan.<\/p>\n<p><img decoding=\"async\" alt=\"Sininen pakkaus, jossa on mustavalkoinen logo, jossa n\u00e4kyy keng\u00e4nj\u00e4lki. Teksti logossa on &quot;HIILIJALJALKENI ON HYVITETTY.&quot;\" src=\"https:\/\/www.europesays.com\/fi\/wp-content\/uploads\/2025\/12\/39-156407869314067b60be.jpeg\" class=\"aw-1l9m598 hKVVvP\"\/><\/p>\n<p>Avaa kuvien katselu<\/p>\n<p><img decoding=\"async\" alt=\"CO2 Compensated -merkki, joka viestii tuotteeseen liittyv\u00e4st\u00e4 hiilidioksidip\u00e4\u00e4st\u00f6jen kompensoinnista.\" src=\"https:\/\/www.europesays.com\/fi\/wp-content\/uploads\/2025\/12\/39-1564077693140671c21a.jpeg\" class=\"aw-1l9m598 hKVVvP\"\/><\/p>\n<p>Avaa kuvien katselu<\/p>\n<p>Sallituista teksteist\u00e4 ja kuvista on yh\u00e4 ep\u00e4selvyytt\u00e4<\/p>\n<p class=\"aw-1gybjub aw-1p7kakr kEtdKx cEmitX yle__article__paragraph\">Kaupan liiton johtavan asiantuntijan <strong class=\"aw-ak79eh KyCXm yle__article__strong\">Tiina Vyyryl\u00e4isen<\/strong> mukaan EU:n komissio ei ole antanut selke\u00e4\u00e4 vastausta siihen, ulottuuko viherpesudirektiivin s\u00e4\u00e4ntely my\u00f6s esimerkiksi kotimaisuudesta kertomiseen tai mill\u00e4 tavoilla vaikkapa vegaanisuudesta voi k\u00e4yt\u00e4nn\u00f6ss\u00e4 viesti\u00e4.<\/p>\n<p class=\"aw-1gybjub aw-1p7kakr kEtdKx cEmitX yle__article__paragraph\">Ei siis tiedet\u00e4, millaiset tekstit tai kuvitukset pakkauksiin tarkalleen ottaen kelpaavat. Muutosten kanssa alkaa olla jo kiire.<\/p>\n<p class=\"aw-1gybjub aw-1p7kakr kEtdKx cEmitX yle__article__paragraph\">\u2013 T\u00e4ll\u00e4 hetkell\u00e4 on my\u00f6s varastossa paljon tuotteita, jotka saattavat olla kuluttajille syksyll\u00e4 viel\u00e4 saatavilla, Tiina Vyyryl\u00e4inen sanoo.<\/p>\n<p class=\"aw-1gybjub aw-1p7kakr kEtdKx cEmitX yle__article__paragraph\">Vyyryl\u00e4isen mukaan on mahdollista, ett\u00e4 muutoin hyvi\u00e4 tuotteita saatetaan joutua vet\u00e4m\u00e4\u00e4n pois myynnist\u00e4, jos pakkausmerkinn\u00e4t eiv\u00e4t vastaa uuden s\u00e4\u00e4ntelyn vaatimuksia.<\/p>\n<p class=\"aw-1gybjub aw-1p7kakr kEtdKx cEmitX yle__article__paragraph\">\u2013 Pahimmillaan se tarkoittaa sit\u00e4, ett\u00e4 ne joutuvat j\u00e4tteeksi. Seh\u00e4n on vastoin koko s\u00e4\u00e4telyn tarkoitusta, Tiina Vyyryl\u00e4inen sanoo.<\/p>\n<p class=\"aw-1gybjub aw-1p7kakr kEtdKx cEmitX yle__article__paragraph\">Kaupan ala koettaa saada varastossa jo oleville tuotteille EU:lta pidemm\u00e4n siirtym\u00e4ajan, mutta t\u00e4m\u00e4 on ep\u00e4varmaa.<\/p>\n<p><img decoding=\"async\" alt=\"Henkil\u00f6ll\u00e4 on tummat vaatteet ja elehtii k\u00e4sill\u00e4\u00e4n keskustelun aikana.\" src=\"https:\/\/www.europesays.com\/fi\/wp-content\/uploads\/2025\/12\/39-1564076693140658462d.jpeg\" loading=\"lazy\" class=\"aw-1l9m598 hKVVvP\"\/><\/p>\n<p>Avaa kuvien katselu<\/p>\n<p>Kaupan liiton johtavan asiantuntijan Tiina Vyyryl\u00e4isen mukaan edelleen on osin ep\u00e4selv\u00e4\u00e4, millaisia merkint\u00f6j\u00e4 pakkauksissa saa jatkossa olla. Kuva: Antti Haanp\u00e4\u00e4 \/ YleMik\u00e4 on olennaista tietoa?<\/p>\n<p class=\"aw-1gybjub aw-1p7kakr kEtdKx cEmitX yle__article__paragraph\">Viherpesudirektiivi muuttaa siis osaa pakkausmerkinn\u00f6ist\u00e4. Jatkossakin ruokapakkauksissa on kuitenkin merkint\u00f6j\u00e4, jotka ovat sallittuja ja tosia, mutta koko tuotteen kannalta melko ep\u00e4olennaisia.<\/p>\n<p class=\"aw-1gybjub aw-1p7kakr kEtdKx cEmitX yle__article__paragraph\">Monissa tuotteissa kerrotaan n\u00e4kyv\u00e4sti esimerkiksi pakkausmateriaalin ymp\u00e4rist\u00f6yst\u00e4v\u00e4llisyydest\u00e4.<\/p>\n<p class=\"aw-1gybjub aw-1p7kakr kEtdKx cEmitX yle__article__paragraph\">\u2013 Kuluttaja voi h\u00e4m\u00e4\u00e4nty\u00e4, kun kerrotaan painavasti pakkauksiin liittyv\u00e4st\u00e4 kehityksest\u00e4 ja sen mahdollisista ymp\u00e4rist\u00f6s\u00e4\u00e4st\u00f6ist\u00e4. Pakkaukset ovat silti yleens\u00e4 ruokatuotteen ymp\u00e4rist\u00f6taakasta aika pieni osa, tyypillisesti vain muutamia prosentteja, <strong class=\"aw-ak79eh KyCXm yle__article__strong\">Juha-Matti Katajajuuri<\/strong> sanoo.<\/p>\n<p class=\"aw-1gybjub aw-1p7kakr kEtdKx cEmitX yle__article__paragraph\">Elintarvikkeissa alkutuotannossa syntyy yleens\u00e4 selke\u00e4sti eniten kuormitusta ymp\u00e4rist\u00f6lle.<\/p>\n<p><img decoding=\"async\" alt=\"Lihatuotepakkaus, jossa 60 % pakkausmateriaalista on valmistettu uusiutuvista luonnonvaroista, ISCC-sertifioitu ja valmistettu Suomessa.\" src=\"https:\/\/www.europesays.com\/fi\/wp-content\/uploads\/2025\/12\/39-156407369314063323f0.jpeg\" loading=\"lazy\" class=\"aw-1l9m598 hKVVvP\"\/><\/p>\n<p>Avaa kuvien katselu<\/p>\n<p>T\u00e4llainen merkint\u00e4 kelpaa jatkossakin. Jauhelihapaketissa kerrotaan t\u00e4sm\u00e4llist\u00e4 tietoa pakkausmateriaalista. Pakkauksen osuus koko jauhelihatuotteen ymp\u00e4rist\u00f6kuormasta on kuitenkin hyvin pieni. Kuva: Antti Haanp\u00e4\u00e4 \/ Yle<\/p>\n<p class=\"aw-1gybjub aw-1p7kakr kEtdKx cEmitX yle__article__paragraph\">Millainen merkint\u00e4 sitten kertoisi parhaiten elintarvikkeen ymp\u00e4rist\u00f6vaikutuksista?<\/p>\n<p class=\"aw-1gybjub aw-1p7kakr kEtdKx cEmitX yle__article__paragraph\">\u2013 Merkint\u00e4, mik\u00e4 kuvaa tuotteen ymp\u00e4rist\u00f6rasituksen kokonaisuudessaan. V\u00e4hint\u00e4\u00e4n hiilijalanj\u00e4ljen ja mielell\u00e4\u00e4n muitakin ymp\u00e4rist\u00f6vaikutuksia koko elinkaaren kattavasti ja yhdenmukaiseen laskentamenetelm\u00e4\u00e4n perustuen, Juha-Matti Katajajuuri sanoo.<\/p>\n<p class=\"aw-1gybjub aw-1p7kakr kEtdKx cEmitX yle__article__paragraph\">Luonnonvarakeskus julkaisi vuosi sitten <a class=\"aw-iao6s4 iHOxEa yle__article__link\" href=\"https:\/\/www.luke.fi\/fi\/projektit\/lcafoodprint\/laskentaohjeet\" role=\"link\" rel=\"nofollow noopener\" target=\"_blank\">elintarvikkeille uuden ymp\u00e4rist\u00f6jalanj\u00e4lkien laskentamenetelm\u00e4n<\/a>. Tavoite on se, ett\u00e4 kotimaiset yritykset ottaisivat Suomessa k\u00e4ytt\u00f6\u00f6n t\u00e4m\u00e4n yhten\u00e4isen laskutavan. Se olisi linjassa my\u00f6s EU-s\u00e4\u00e4ntelyn kanssa.<\/p>\n<p class=\"aw-1gybjub aw-1p7kakr kEtdKx cEmitX yle__article__paragraph\"><strong class=\"aw-ak79eh KyCXm yle__article__strong\">Luonnonvarakeskuksen erikoistutkija Juha-Matti Katajajuuri n\u00e4ytt\u00e4\u00e4 kauppakierrokselta l\u00f6ytyneen esimerkin merkinn\u00e4st\u00e4, joka kertoo luotettavasti elintarvikkeen ymp\u00e4rist\u00f6vaikutuksista.<\/strong><\/p>\n<p>Sertifiointimerkki voi auttaa valinnassa<\/p>\n<p class=\"aw-1gybjub aw-1p7kakr kEtdKx cEmitX yle__article__paragraph\">My\u00f6s tunnetut sertifiointimerkit voivat auttaa valinnoissa ruokakaupan hyllyjen \u00e4\u00e4rell\u00e4. WWF:n kansainv\u00e4lisen mets\u00e4asiantuntijan <strong class=\"aw-ak79eh KyCXm yle__article__strong\">Maija Kaukosen<\/strong> mukaan varsinkin luomu- ja reilu kauppa -merkit sek\u00e4 kaakaossa ja kahvissa Rainforest alliance -sertifikaatti ovat hy\u00f6dyllisi\u00e4 ymp\u00e4rist\u00f6yst\u00e4v\u00e4llisten ruokien valinnassa.<\/p>\n<p class=\"aw-1gybjub aw-1p7kakr kEtdKx cEmitX yle__article__paragraph\">\u2013 N\u00e4iss\u00e4 sertifikaateissa on taustalla p\u00e4\u00e4osin isot j\u00e4rjestelm\u00e4t. On tutkimustietoa, kokeilut ja kriteerit. Voi sanoa, ett\u00e4 ne ovat ihan luotettavia, vaikkakaan ne eiv\u00e4t voi luvata sataprosenttista vastuullisuutta, Maija Kaukonen sanoo.<\/p>\n<p class=\"aw-1gybjub aw-1p7kakr kEtdKx cEmitX yle__article__paragraph\">Kalatuotteissa viljellyn kalan ASC-sertifikaatti ja kalastetun kalan MSC-sertifikaatti viestiv\u00e4t kest\u00e4vyydest\u00e4. <a class=\"aw-iao6s4 iHOxEa yle__article__link\" href=\"https:\/\/wwf.fi\/ruoka\/kalaopas\/\" role=\"link\" rel=\"nofollow noopener\" target=\"_blank\">WWF suosittelee k\u00e4ytt\u00e4m\u00e4\u00e4n kalavalinnoissa ensisijaisesti sen netist\u00e4 l\u00f6ytyv\u00e4\u00e4 kalaopasta<\/a>.<\/p>\n<p class=\"aw-1gybjub aw-1p7kakr kEtdKx cEmitX yle__article__paragraph\">Tuote voi kuitenkin olla hyv\u00e4, vaikka sertifikaattia ei olisikaan. Yrityksell\u00e4 voi olla omia viljelij\u00f6it\u00e4, joilta se ostaa raaka-aineen mahdollisimman suoraan eik\u00e4 yritys v\u00e4ltt\u00e4m\u00e4tt\u00e4 halua hakea kustannuksia lis\u00e4\u00e4vi\u00e4 sertifikaatteja.<\/p>\n<p><img decoding=\"async\" alt=\"Rainforest Alliance -sertifikaatti takaa, ett\u00e4 kaakaotuotteet on tuotettu ymp\u00e4rist\u00f6yst\u00e4v\u00e4llisesti ja eettisesti viljeltyn\u00e4.\" src=\"https:\/\/www.europesays.com\/fi\/wp-content\/uploads\/2025\/12\/39-1564085693140715aaaa.jpeg\" class=\"aw-1l9m598 hKVVvP\"\/><\/p>\n<p>Avaa kuvien katselu<\/p>\n<p><img decoding=\"async\" alt=\"MSC-sertifikaatti logo, joka osoittaa, ett\u00e4 tuote on per\u00e4isin kest\u00e4v\u00e4sti hoidetusta kalastuksesta.\" src=\"https:\/\/www.europesays.com\/fi\/wp-content\/uploads\/2025\/12\/39-156408769314072d7903.jpeg\" class=\"aw-1l9m598 hKVVvP\"\/><\/p>\n<p>Avaa kuvien katselu<\/p>\n<p class=\"aw-1gybjub aw-1p7kakr kEtdKx cEmitX yle__article__paragraph\">P\u00e4\u00e4s\u00e4\u00e4nt\u00f6isesti kasvipohjainen ruoka kuormittaa ilmastoa ja luonnon monimuotoisuutta el\u00e4inper\u00e4ist\u00e4 v\u00e4hemm\u00e4n. T\u00e4t\u00e4 voi k\u00e4ytt\u00e4\u00e4 valintaperusteena ilman ymp\u00e4rist\u00f6merkint\u00f6j\u00e4kin, jos haluaa ostaa mahdollisimman v\u00e4h\u00e4n ymp\u00e4rist\u00f6\u00e4 kuormittavaa ruokaa.<\/p>\n<p class=\"aw-1gybjub aw-1p7kakr kEtdKx cEmitX yle__article__paragraph\"><strong class=\"aw-ak79eh KyCXm yle__article__strong\">Onko sinulla meille juttuvinkki?<\/strong> Voit l\u00e4hesty\u00e4 toimitusta luottamuksella. Halutessasi voit olla yhteydess\u00e4 my\u00f6s s\u00e4hk\u00f6postitse osoitteeseen tuomo.bjorksten@yle.fi. Luemme kaikki yhteydenotot, mutta emme pysty takaamaan jokaiselle henkil\u00f6kohtaista vastausta.<\/p>\n","protected":false},"excerpt":{"rendered":"EU:n viherpesudirektiivi kielt\u00e4\u00e4 harhaanjohtavat ymp\u00e4rist\u00f6v\u00e4itt\u00e4m\u00e4t. Muutos tulee k\u00e4yt\u00e4nn\u00f6ss\u00e4 voimaan ensi syksyn\u00e4. Yleiset, t\u00e4sment\u00e4m\u00e4tt\u00f6m\u00e4t ymp\u00e4rist\u00f6v\u00e4itt\u00e4m\u00e4t ja tuotteiden p\u00e4\u00e4st\u00f6kompensointiin perustuvat&hellip;\n","protected":false},"author":2,"featured_media":113819,"comment_status":"","ping_status":"","sticky":false,"template":"","format":"standard","meta":{"footnotes":""},"categories":[113],"tags":[19389,1371,446,33,31,30,1096,71,72,900,118,32,119,20940,447,20939],"class_list":{"0":"post-113818","1":"post","2":"type-post","3":"status-publish","4":"format-standard","5":"has-post-thumbnail","7":"category-ymparisto","8":"tag-direktiivit","9":"tag-elintarvikkeet","10":"tag-environment","11":"tag-fi","12":"tag-finland","13":"tag-finnish","14":"tag-ilmasto","15":"tag-kotimaa","16":"tag-luonto","17":"tag-ruoka","18":"tag-science","19":"tag-suomi","20":"tag-tiede","21":"tag-viherpesu","22":"tag-ymparisto","23":"tag-ymparistomerkit"},"share_on_mastodon":{"url":"https:\/\/pubeurope.com\/@fi\/115702283241022310","error":""},"_links":{"self":[{"href":"https:\/\/www.europesays.com\/fi\/wp-json\/wp\/v2\/posts\/113818","targetHints":{"allow":["GET"]}}],"collection":[{"href":"https:\/\/www.europesays.com\/fi\/wp-json\/wp\/v2\/posts"}],"about":[{"href":"https:\/\/www.europesays.com\/fi\/wp-json\/wp\/v2\/types\/post"}],"author":[{"embeddable":true,"href":"https:\/\/www.europesays.com\/fi\/wp-json\/wp\/v2\/users\/2"}],"replies":[{"embeddable":true,"href":"https:\/\/www.europesays.com\/fi\/wp-json\/wp\/v2\/comments?post=113818"}],"version-history":[{"count":0,"href":"https:\/\/www.europesays.com\/fi\/wp-json\/wp\/v2\/posts\/113818\/revisions"}],"wp:featuredmedia":[{"embeddable":true,"href":"https:\/\/www.europesays.com\/fi\/wp-json\/wp\/v2\/media\/113819"}],"wp:attachment":[{"href":"https:\/\/www.europesays.com\/fi\/wp-json\/wp\/v2\/media?parent=113818"}],"wp:term":[{"taxonomy":"category","embeddable":true,"href":"https:\/\/www.europesays.com\/fi\/wp-json\/wp\/v2\/categories?post=113818"},{"taxonomy":"post_tag","embeddable":true,"href":"https:\/\/www.europesays.com\/fi\/wp-json\/wp\/v2\/tags?post=113818"}],"curies":[{"name":"wp","href":"https:\/\/api.w.org\/{rel}","templated":true}]}}