{"id":113820,"date":"2025-12-11T18:17:10","date_gmt":"2025-12-11T18:17:10","guid":{"rendered":"https:\/\/www.europesays.com\/fi\/113820\/"},"modified":"2025-12-11T18:17:10","modified_gmt":"2025-12-11T18:17:10","slug":"big-brother-tahti-antti-kurhinen-joutui-sairaalaan-epailys-syysta-kuin-tulipallo-mahassa","status":"publish","type":"post","link":"https:\/\/www.europesays.com\/fi\/113820\/","title":{"rendered":"Big Brother -t\u00e4hti Antti Kurhinen joutui sairaalaan \u2013 Ep\u00e4ilys syyst\u00e4: &#8221;Kuin tulipallo mahassa&#8221;"},"content":{"rendered":"<p>Joulukuun alussa sairaalaan joutunut Antti Kurhinen kertoo olevansa nyt kunnossa.<\/p>\n<p><img decoding=\"async\" class=\"image image-show image-preview\" src=\"https:\/\/www.europesays.com\/fi\/wp-content\/uploads\/2025\/12\/e55b6d6ea42999d9c2ef0134d3ff13ab5c71f92126a7a2621d343fcaf099525c.jpg\" alt=\"\"\/><img decoding=\"async\" class=\"image image-show\" src=\"https:\/\/www.europesays.com\/fi\/wp-content\/uploads\/2025\/12\/1765477030_922_e55b6d6ea42999d9c2ef0134d3ff13ab5c71f92126a7a2621d343fcaf099525c.jpg\" alt=\"\"\/><\/p>\n<p>Antti Kurhinen joutui joulukuun alussa sairaalaan. ATTE KAJOVA<\/p>\n<p class=\"paragraph\"><a href=\"https:\/\/www.iltalehti.fi\/viihdeuutiset\/677dfaee-af2b-4e85-8d7d-2fd0194452fe\" rel=\"nofollow noopener\" target=\"_blank\">Joulukuun alussa uutisoitiin<\/a>, ett\u00e4 takavuosien Big Brother -osallistuja <strong>Antti Kurhinen<\/strong> joutui sairaalaan. Kurhisen maha oli niin kipe\u00e4, ettei h\u00e4n pystynyt edes puhumaan \u00e4\u00e4neen ja mies jouduttiin kiid\u00e4tt\u00e4m\u00e4\u00e4n ambulanssilla tutkimuksiin.<\/p>\n<p class=\"paragraph\">Iltalehti tavoitti Kurhisen puhelimitse asian tiimoilta tiistaina. Kurhinen vastasi puheluun kuntosalilta ja kertoi olevansa nyt kunnossa.<\/p>\n<p class=\"paragraph\">\u2013 Se oli aikamoinen j\u00e4rkytys. Kaikki tutkittiin, ultrattiin ja otettiin magneettikuvat. Maksa-arvot olivat korkeat. Maksa oli jotenkin suurentunut, Kurhinen kertoo.<\/p>\n<p class=\"paragraph\">Kurhinen kertoo olleensa lomalla Dubaissa juuri ennen sairaalaan joutumista. L\u00e4\u00e4k\u00e4rit ep\u00e4iliv\u00e4t, ett\u00e4 tilanne voisi olla alkoholin aiheuttama. Kurhinen ei kuitenkaan juonut matkalla kuin yhden oluen, joten sek\u00e4\u00e4n ei selitt\u00e4nyt maksan suurentumista tai voimakkaita vatsakipuja.<\/p>\n<p class=\"paragraph\">\u2013 He halusivat viel\u00e4 viimeisen\u00e4 testata minulta sukupuolitautitestit \u2013 hepatiitit ja muut. Nauroin, ett\u00e4 seh\u00e4n se viel\u00e4 puuttuisi. Minulla ei ollut mit\u00e4\u00e4n, ei hepatiittia, eik\u00e4 edes HIV-virusta, Kurhinen naurahtaa.<\/p>\n<p>Liikaa ravintolisi\u00e4<\/p>\n<p class=\"paragraph\">Se, mit\u00e4 tapahtui, j\u00e4i lopulta mysteeriksi. Kurhisella on oma ep\u00e4ilyksens\u00e4 siihen, mik\u00e4 saattoi aiheuttaa tilanteen.<\/p>\n<p class=\"paragraph\">\u2013 Ne olivat selv\u00e4sti tulleet jostain popsituista pillereist\u00e4, mit\u00e4 minulla on kaapit t\u00e4ynn\u00e4.<\/p>\n<p class=\"paragraph\">Kurhinen kertoo ottaneensa liikaa erilaisia ravintolisi\u00e4 samanaikaisesti. Kurhinen otti muun muassa magnesiumia, okarennokkia, nokkosuutetta ja muita ravintolisi\u00e4 samanaikaisesti tarkistamatta, mitk\u00e4 ravintolis\u00e4t sopivat toistensa kanssa yhteen ja mitk\u00e4 vaikuttavat voimakkaammin maksaan.<\/p>\n<p class=\"paragraph\">\u2013 Otin liikaa kaikkea. Se oli kuin tulipallo olisi ollut mahassa. Pit\u00e4\u00e4 katsoa tarkemmin jatkossa, mit\u00e4 otan. Jos ottaa tuollaisia m\u00e4\u00e4ri\u00e4 kaikkea, niin maksa ja munuaisetkin alkaa olla kovilla, Kurhinen sanoo.<\/p>\n<p class=\"paragraph\">Kurhinen kertoo nyt pit\u00e4v\u00e4ns\u00e4 taukoa lis\u00e4ravinteista, jotta h\u00e4nen maksansa saa puhdistua ja rauhoittua. Kurhinen on sopinut l\u00e4\u00e4k\u00e4rin kanssa kontrollin maksa- ja valkosolujen arvoista kuukauden p\u00e4\u00e4st\u00e4 tilanteen uudelleenkartoittamiseksi.<\/p>\n","protected":false},"excerpt":{"rendered":"Joulukuun alussa sairaalaan joutunut Antti Kurhinen kertoo olevansa nyt kunnossa. Antti Kurhinen joutui joulukuun alussa sairaalaan. ATTE KAJOVA&hellip;\n","protected":false},"author":2,"featured_media":113821,"comment_status":"","ping_status":"","sticky":false,"template":"","format":"standard","meta":{"footnotes":""},"categories":[136],"tags":[35,407,137,33,31,30,408,764,32,765,167,2140,140,139,109],"class_list":{"0":"post-113820","1":"post","2":"type-post","3":"status-publish","4":"format-standard","5":"has-post-thumbnail","7":"category-julkkikset","8":"tag-24h","9":"tag-celebrities","10":"tag-entertainment","11":"tag-fi","12":"tag-finland","13":"tag-finnish","14":"tag-julkkikset","15":"tag-sairaudet","16":"tag-suomi","17":"tag-taudit-ja-hairiot","18":"tag-terveys","19":"tag-tosi-tv-ohjelmat","20":"tag-tv-ja-elokuvat","21":"tag-tv-ohjelmat","22":"tag-viihde"},"share_on_mastodon":{"url":"https:\/\/pubeurope.com\/@fi\/115702310279295033","error":""},"_links":{"self":[{"href":"https:\/\/www.europesays.com\/fi\/wp-json\/wp\/v2\/posts\/113820","targetHints":{"allow":["GET"]}}],"collection":[{"href":"https:\/\/www.europesays.com\/fi\/wp-json\/wp\/v2\/posts"}],"about":[{"href":"https:\/\/www.europesays.com\/fi\/wp-json\/wp\/v2\/types\/post"}],"author":[{"embeddable":true,"href":"https:\/\/www.europesays.com\/fi\/wp-json\/wp\/v2\/users\/2"}],"replies":[{"embeddable":true,"href":"https:\/\/www.europesays.com\/fi\/wp-json\/wp\/v2\/comments?post=113820"}],"version-history":[{"count":0,"href":"https:\/\/www.europesays.com\/fi\/wp-json\/wp\/v2\/posts\/113820\/revisions"}],"wp:featuredmedia":[{"embeddable":true,"href":"https:\/\/www.europesays.com\/fi\/wp-json\/wp\/v2\/media\/113821"}],"wp:attachment":[{"href":"https:\/\/www.europesays.com\/fi\/wp-json\/wp\/v2\/media?parent=113820"}],"wp:term":[{"taxonomy":"category","embeddable":true,"href":"https:\/\/www.europesays.com\/fi\/wp-json\/wp\/v2\/categories?post=113820"},{"taxonomy":"post_tag","embeddable":true,"href":"https:\/\/www.europesays.com\/fi\/wp-json\/wp\/v2\/tags?post=113820"}],"curies":[{"name":"wp","href":"https:\/\/api.w.org\/{rel}","templated":true}]}}