{"id":113824,"date":"2025-12-11T18:24:15","date_gmt":"2025-12-11T18:24:15","guid":{"rendered":"https:\/\/www.europesays.com\/fi\/113824\/"},"modified":"2025-12-11T18:24:15","modified_gmt":"2025-12-11T18:24:15","slug":"vaasan-sportilla-todella-synkka-hetki","status":"publish","type":"post","link":"https:\/\/www.europesays.com\/fi\/113824\/","title":{"rendered":"Vaasan Sportilla todella synkk\u00e4 hetki"},"content":{"rendered":"<p>Valmentajaa vaihtanut SM-liigan jumboporukka p\u00e4\u00e4si kaksi maalia pikatahtiin. <\/p>\n<p><img decoding=\"async\" class=\"image image-show image-preview\" src=\"https:\/\/www.europesays.com\/fi\/wp-content\/uploads\/2025\/12\/dda46304435203541a664f16dbccadeb557b8abbe4e7fa066de303debbfd59f8.jpg\" alt=\"\"\/><img decoding=\"async\" class=\"image image-show\" src=\"https:\/\/www.europesays.com\/fi\/wp-content\/uploads\/2025\/12\/1765477453_223_dda46304435203541a664f16dbccadeb557b8abbe4e7fa066de303debbfd59f8.jpg\" alt=\"\"\/><\/p>\n<p>Patrik Bartosak loukkaantui ennen ottelun alkua.  Tomi Natri\/AOP<\/p>\n<p class=\"paragraph\">Vaasan Sportin ensimm\u00e4isen ottelu <strong>Doug Sheddenin<\/strong> seuraaajaksi nimetyn <strong>Jussi Tapion<\/strong> alaisuudessa ei alkanut hyvin.<\/p>\n<p class=\"paragraph\">Avauser\u00e4 ehti kulua reilun vartin verran, kun kotijoukkueen kultakyp\u00e4r\u00e4 <strong>Sebastian St\u00e5hlberg<\/strong> syyllistyi karmeaan harhasy\u00f6tt\u00f6\u00f6n omalla kentt\u00e4puoliskolla.<\/p>\n<p class=\"paragraph\">Kiekko tuli <strong>Elias Vil\u00e9nille<\/strong>, joka naulasi vapaasta paikasta etukulmaan.<\/p>\n<p class=\"paragraph\">Minuutin ja 26 sekunnin kuluttua Pelicans iski toistamiseen. <strong>Valtteri Nurmi<\/strong> tarjoili toiseen aaltoon <strong>Aaro Chronsille<\/strong>, jolle ranteella sivallettu maali oli kauden toinen.<\/p>\n<p>Pelicansin ykk\u00f6svahti sivuun<\/p>\n<p class=\"paragraph\">Pelicansin piti l\u00e4hte\u00e4 otteluun <strong>Patrik Bartosak<\/strong> maalillaan, mutta t\u0161ekkil\u00e4inen ver\u00e4j\u00e4nvartija loukkaantui alkul\u00e4mmittelyiss\u00e4. Pelivuoron sai <strong>Zachary Emond<\/strong>, joka torjui ensimm\u00e4isess\u00e4 viisi kertaa.<\/p>\n<p class=\"paragraph\">Sportin <strong>Masi H\u00e4rk\u00f6selle<\/strong> merkittiin nelj\u00e4 torjuntaa.<\/p>\n<p class=\"paragraph\">Juttu p\u00e4ivittyy.<\/p>\n<p><a href=\"https:\/\/www.iltalehti.fi\/jaakiekko\/a\/1ae71ab3-3179-4e5d-95ce-15a50bbf7509\" rel=\"nofollow noopener\" target=\"_blank\"><img decoding=\"async\" src=\"https:\/\/www.europesays.com\/fi\/wp-content\/uploads\/2025\/10\/4a4e280ca1a75d884de6ebd943738ae5d99be138803b843a647b7d7c8a538b0b.png\" alt=\"Osallistu arvontaan\"\/><\/a><\/p>\n","protected":false},"excerpt":{"rendered":"Valmentajaa vaihtanut SM-liigan jumboporukka p\u00e4\u00e4si kaksi maalia pikatahtiin. Patrik Bartosak loukkaantui ennen ottelun alkua. Tomi Natri\/AOP Vaasan Sportin&hellip;\n","protected":false},"author":2,"featured_media":113825,"comment_status":"","ping_status":"","sticky":false,"template":"","format":"standard","meta":{"footnotes":""},"categories":[158],"tags":[35,33,31,30,1143,41,1146,159,4686,32,1145,160],"class_list":{"0":"post-113824","1":"post","2":"type-post","3":"status-publish","4":"format-standard","5":"has-post-thumbnail","7":"category-urheilu","8":"tag-24h","9":"tag-fi","10":"tag-finland","11":"tag-finnish","12":"tag-jaakiekko","13":"tag-liikunta-ja-urheilu","14":"tag-miesten-jaakiekko","15":"tag-sports","16":"tag-suomen-jaakiekko","17":"tag-suomi","18":"tag-talviurheilu","19":"tag-urheilu"},"share_on_mastodon":{"url":"https:\/\/pubeurope.com\/@fi\/115702338010051841","error":""},"_links":{"self":[{"href":"https:\/\/www.europesays.com\/fi\/wp-json\/wp\/v2\/posts\/113824","targetHints":{"allow":["GET"]}}],"collection":[{"href":"https:\/\/www.europesays.com\/fi\/wp-json\/wp\/v2\/posts"}],"about":[{"href":"https:\/\/www.europesays.com\/fi\/wp-json\/wp\/v2\/types\/post"}],"author":[{"embeddable":true,"href":"https:\/\/www.europesays.com\/fi\/wp-json\/wp\/v2\/users\/2"}],"replies":[{"embeddable":true,"href":"https:\/\/www.europesays.com\/fi\/wp-json\/wp\/v2\/comments?post=113824"}],"version-history":[{"count":0,"href":"https:\/\/www.europesays.com\/fi\/wp-json\/wp\/v2\/posts\/113824\/revisions"}],"wp:featuredmedia":[{"embeddable":true,"href":"https:\/\/www.europesays.com\/fi\/wp-json\/wp\/v2\/media\/113825"}],"wp:attachment":[{"href":"https:\/\/www.europesays.com\/fi\/wp-json\/wp\/v2\/media?parent=113824"}],"wp:term":[{"taxonomy":"category","embeddable":true,"href":"https:\/\/www.europesays.com\/fi\/wp-json\/wp\/v2\/categories?post=113824"},{"taxonomy":"post_tag","embeddable":true,"href":"https:\/\/www.europesays.com\/fi\/wp-json\/wp\/v2\/tags?post=113824"}],"curies":[{"name":"wp","href":"https:\/\/api.w.org\/{rel}","templated":true}]}}