{"id":113826,"date":"2025-12-11T18:25:11","date_gmt":"2025-12-11T18:25:11","guid":{"rendered":"https:\/\/www.europesays.com\/fi\/113826\/"},"modified":"2025-12-11T18:25:11","modified_gmt":"2025-12-11T18:25:11","slug":"alkoholisoitunut-supergirl-sai-trailerin-mukana-myos-jason-momoan-lobo","status":"publish","type":"post","link":"https:\/\/www.europesays.com\/fi\/113826\/","title":{"rendered":"Alkoholisoitunut Supergirl sai trailerin \u2013 mukana my\u00f6s Jason Momoan Lobo!"},"content":{"rendered":"<p>Hienon Disney-esiosa Cruellan ohjannut <strong>Craig Gillespie <\/strong>on ottanut toisen antisankarihahmon k\u00e4sittelyyns\u00e4. Supergirl tulee\u2026 ja haisee n\u00e4ht\u00e4v\u00e4sti vanhalta viinalta.<\/p>\n<p><strong>Milly Alcock<\/strong> esitt\u00e4\u00e4 Ter\u00e4stytt\u00f6\u00e4, ja mukana on my\u00f6s koko joukko muita hahmoja, kuten muun muassa trailerilla vilahtava <strong>Jason Momoan<\/strong> esitt\u00e4m\u00e4 maailman coolein antisankari Lobo.<\/p>\n<p>Lue my\u00f6s: <a href=\"https:\/\/www.episodi.fi\/uutiset\/totuus-oikeus-ihan-sama-supergirl-sai-hauskan-julisteen\/\" title=\"Totuus. Oikeus. Ihan sama. \u2013 Supergirl sai hauskan julisteen\" class=\"underline-custom !font-montserrat !font-bold !underline-offset-4 !decoration-4 !decoration-episodi-blue !text-md\" rel=\"nofollow noopener\" target=\"_blank\">Totuus. Oikeus. Ihan sama. \u2013 Supergirl sai hauskan julisteen<\/a><\/p>\n<p>Lue my\u00f6s: <a href=\"https:\/\/www.episodi.fi\/uutiset\/supergirlista-julkaistiin-kiusoitteluvideo-traileri-myohemmin-talla-viikolla\/\" title=\"Supergirlist\u00e4 julkaistiin kiusoitteluvideo \u2013 traileri my\u00f6hemmin t\u00e4ll\u00e4 viikolla\" class=\"underline-custom !font-montserrat !font-bold !underline-offset-4 !decoration-4 !decoration-episodi-blue !text-md\" rel=\"nofollow noopener\" target=\"_blank\">Supergirlist\u00e4 julkaistiin kiusoitteluvideo \u2013 traileri my\u00f6hemmin t\u00e4ll\u00e4 viikolla<\/a><\/p>\n<p>Supergirl l\u00e4htee Ruthye Marye Knollin (<strong>Eve Ridley<\/strong>) kanssa kostamaan nuoren alienin vanhempien kuolemaa. Tytt\u00f6 syytt\u00e4\u00e4 Krem of the Yellow Hillsi\u00e4 (<strong>Matthias Schoenaerts)<\/strong> murhista. Mukana on toki my\u00f6s superkoira Krypto, joka n\u00e4hd\u00e4\u00e4n trailerilla virtsaamassa Supermanin (<strong>David Corenswet<\/strong>) kuvan p\u00e4\u00e4lle.<\/p>\n<p>N\u00e4ht\u00e4v\u00e4sti kaksikko t\u00f6rm\u00e4\u00e4 vaikka mihin sotkuihin t\u00e4htienv\u00e4lisell\u00e4 matkallaan.<\/p>\n<p><strong>David Krumholtz <\/strong>esitt\u00e4\u00e4 Zor-Eli\u00e4 ja <strong>Emily Beecham<\/strong> Aluraa.<\/p>\n<p><strong>Ana Nogueira<\/strong> on k\u00e4sikirjoittanut hauskalta vaikuttavan elokuvan, jonka ensi-ilta on kes\u00e4kuussa 2026.<\/p>\n<p>Alla uunituore traileri.<\/p>\n<p><img loading=\"lazy\" decoding=\"async\" alt=\"YouTube video\" width=\"480\" height=\"360\" data-pin-nopin=\"true\" nopin=\"nopin\" class=\"perfmatters-lazy\" src=\"https:\/\/www.europesays.com\/fi\/wp-content\/uploads\/2025\/12\/1765477511_695_hqdefault.jpg\"\/><\/p>\n<p>Lue my\u00f6s: <a href=\"https:\/\/www.episodi.fi\/uutiskirje\/?uutiskirjemainos=tekstilinkkimainos\" title=\"Tilaa Episodin uutiskirje ja voit voittaa leffalippuja! Nappaa tv-vinkit suoraan s\u00e4hk\u00f6postiin t\u00e4st\u00e4.\" class=\"underline-custom !font-montserrat !font-bold !underline-offset-4 !decoration-4 !decoration-episodi-blue !text-md\" rel=\"nofollow noopener\" target=\"_blank\">Tilaa Episodin uutiskirje ja voit voittaa leffalippuja! Nappaa katseluvinkit suoraan s\u00e4hk\u00f6postiin t\u00e4st\u00e4.<\/a><\/p>\n","protected":false},"excerpt":{"rendered":"Hienon Disney-esiosa Cruellan ohjannut Craig Gillespie on ottanut toisen antisankarihahmon k\u00e4sittelyyns\u00e4. Supergirl tulee\u2026 ja haisee n\u00e4ht\u00e4v\u00e4sti vanhalta viinalta.&hellip;\n","protected":false},"author":2,"featured_media":113827,"comment_status":"","ping_status":"","sticky":false,"template":"","format":"standard","meta":{"footnotes":""},"categories":[130],"tags":[179,137,33,31,30,5421,181,32,182,5403,109],"class_list":{"0":"post-113826","1":"post","2":"type-post","3":"status-publish","4":"format-standard","5":"has-post-thumbnail","7":"category-viihde","8":"tag-dc","9":"tag-entertainment","10":"tag-fi","11":"tag-finland","12":"tag-finnish","13":"tag-jason-momoa","14":"tag-milly-alcock","15":"tag-suomi","16":"tag-supergirl","17":"tag-supersankarit","18":"tag-viihde"},"share_on_mastodon":{"url":"https:\/\/pubeurope.com\/@fi\/115702341635692913","error":""},"_links":{"self":[{"href":"https:\/\/www.europesays.com\/fi\/wp-json\/wp\/v2\/posts\/113826","targetHints":{"allow":["GET"]}}],"collection":[{"href":"https:\/\/www.europesays.com\/fi\/wp-json\/wp\/v2\/posts"}],"about":[{"href":"https:\/\/www.europesays.com\/fi\/wp-json\/wp\/v2\/types\/post"}],"author":[{"embeddable":true,"href":"https:\/\/www.europesays.com\/fi\/wp-json\/wp\/v2\/users\/2"}],"replies":[{"embeddable":true,"href":"https:\/\/www.europesays.com\/fi\/wp-json\/wp\/v2\/comments?post=113826"}],"version-history":[{"count":0,"href":"https:\/\/www.europesays.com\/fi\/wp-json\/wp\/v2\/posts\/113826\/revisions"}],"wp:featuredmedia":[{"embeddable":true,"href":"https:\/\/www.europesays.com\/fi\/wp-json\/wp\/v2\/media\/113827"}],"wp:attachment":[{"href":"https:\/\/www.europesays.com\/fi\/wp-json\/wp\/v2\/media?parent=113826"}],"wp:term":[{"taxonomy":"category","embeddable":true,"href":"https:\/\/www.europesays.com\/fi\/wp-json\/wp\/v2\/categories?post=113826"},{"taxonomy":"post_tag","embeddable":true,"href":"https:\/\/www.europesays.com\/fi\/wp-json\/wp\/v2\/tags?post=113826"}],"curies":[{"name":"wp","href":"https:\/\/api.w.org\/{rel}","templated":true}]}}