{"id":113830,"date":"2025-12-11T18:29:10","date_gmt":"2025-12-11T18:29:10","guid":{"rendered":"https:\/\/www.europesays.com\/fi\/113830\/"},"modified":"2025-12-11T18:29:10","modified_gmt":"2025-12-11T18:29:10","slug":"vihaiset-nuoret-kaatoivat-nato-maan-hallituksen-suututitte-vaaran-sukupolven","status":"publish","type":"post","link":"https:\/\/www.europesays.com\/fi\/113830\/","title":{"rendered":"Vihaiset nuoret kaatoivat Nato-maan hallituksen \u2013 \u201dSuututitte v\u00e4\u00e4r\u00e4n sukupolven\u201d"},"content":{"rendered":"<p>Hallitus erosi, kun yli 100 000 osoitti mielt\u00e4\u00e4n korruptiota vastaan. AFP:n mukaan uudet vaalit ovat todenn\u00e4k\u00f6iset.<\/p>\n<p><img decoding=\"async\" class=\"image image-show image-preview\" src=\"https:\/\/www.europesays.com\/fi\/wp-content\/uploads\/2025\/12\/319f6c6b6b0fe36ca0106acd4391070321d636346bf16eae8dc4091082e59507.jpg\" alt=\"\"\/><img decoding=\"async\" class=\"image image-show\" src=\"https:\/\/www.europesays.com\/fi\/wp-content\/uploads\/2025\/12\/1765477750_777_319f6c6b6b0fe36ca0106acd4391070321d636346bf16eae8dc4091082e59507.jpg\" alt=\"\"\/><\/p>\n<p>Sofiassa j\u00e4rjestetty protesti ker\u00e4si yli 50 000 osallistujaa joulukuun 1. p\u00e4iv\u00e4. Valentina Petrova<\/p>\n<p class=\"paragraph\">Bulgarian p\u00e4\u00e4ministeri on ilmoittanut hajottavansa hallituksen sen j\u00e4lkeen, kun yli 100 000 ihmist\u00e4 osoitti mielt\u00e4\u00e4n korruptiota ja hallitustavastaan.<\/p>\n<p class=\"paragraph\">\u2013 Kaikenik\u00e4iset ihmiset erilaisista etnisist\u00e4 taustoista ja uskonnoista ovat puhuneet eron puolesta. T\u00e4t\u00e4 kansalaisenergiaa on tuettava ja kannustettava, p\u00e4\u00e4ministeri <a href=\"https:\/\/www.iltalehti.fi\/henkilot\/Rosen \u017deljazkov\" class=\"article-link-person-page\" rel=\"nofollow noopener\" target=\"_blank\">Rosen \u017deljazkov<\/a> sanoi toimittajille AFP:n mukaan.<\/p>\n<p class=\"paragraph\">Presidentti <a href=\"https:\/\/www.iltalehti.fi\/henkilot\/Rumen Radev\" class=\"article-link-person-page\" rel=\"nofollow noopener\" target=\"_blank\">Rumen Radev<\/a> vaati jo aiemmin hallitusta eroamaan, jotta maahan saataisiin uudet vaalit.<\/p>\n<p class=\"paragraph\">\u2013 Kansan \u00e4\u00e4nen ja mafian pelon v\u00e4liss\u00e4 \u2013 kuunnelkaa julkisia kokoontumisia! Radev toisti torstaina.<\/p>\n<p>Protestoijat valmistautuivat yhteenottoon poliisin kanssa 1. joulukuuta. AP<\/p>\n<p class=\"paragraph\">Balkanilla sijaitseva Euroopan unionin ja Naton j\u00e4senmaa Bulgaria on ollut viime vuodet poliittisessa umpikujassa. Maassa on ollut vuoden 2020 j\u00e4lkeen seitsem\u00e4n hallitusta.<\/p>\n<p class=\"paragraph\">T\u00e4ll\u00e4 kertaa hallituksen ajoi ahdinkoon sek\u00e4 kiistelty budjettiesitys ett\u00e4 Z-sukupolven kyll\u00e4styminen maata riivaavaan korruptioon, tiivist\u00e4\u00e4 <a href=\"https:\/\/www.dw.com\/en\/bulgaria-protests-why-did-gen-z-turn-out-in-record-numbers\/a-75093957\" target=\"_blank\" rel=\"noopener nofollow\">DW.<\/a><\/p>\n<p class=\"paragraph\">\u2013 Suututitte v\u00e4\u00e4r\u00e4n sukupolven, monen protestoijan kyltiss\u00e4 luki.<\/p>\n<p class=\"paragraph\">Z-sukupolvi on kaatanut kuluneen parin vuoden aikana useampia hallituksia ymp\u00e4ri maailmaa. Protestien symboliksi noussut One Piece -anime- ja manga-sarjan p\u00e4\u00e4kallolippu liehui my\u00f6s Bulgariassa.<\/p>\n<p class=\"paragraph\">Muiden z-protestien tavoin my\u00f6s Bulgarian mielenilmauksia organisoitiin sosiaalisessa mediassa. Protesteja markkinoitiin meemien, protestilaulujen ja napakasti editoitujen somevideoiden kautta.<\/p>\n<p class=\"paragraph\">Transparency Internationalin vuoden 2024 selvityksen mukaan Bulgaria on Euroopan maista toiseksi korruptoitunein.<\/p>\n<p class=\"paragraph\">\u2013 Z-sukupolven poliittinen vaatimus on pohjimmiltaan korruption lopettaminen, sanoo vaikuttaja <strong>Mimi \u0160i\u0161kova<\/strong>.<\/p>\n<p>Poliisi varustautui v\u00e4kev\u00e4sti kohtaamiseen Bulgarian mielenosoittajien kanssa. AP<\/p>\n<p class=\"paragraph\">24-vuotias kaupan alalla ty\u00f6skentelev\u00e4 <strong>Gergana Gelkova<\/strong> sanoo AFP:lle osallistuneensa protesteihin, koska laajalle levinnyt korruptio alkoi k\u00e4yd\u00e4 \u201dsiet\u00e4m\u00e4tt\u00f6m\u00e4ksi\u201d.<\/p>\n<p class=\"paragraph\">Mielenosoittajat pitiv\u00e4t budjettiesityst\u00e4 yrityksen\u00e4 peitell\u00e4 korruptiota. Esitys vedettiin pois viime viikolla, mutta se ei pelastanut hallitusta.<\/p>\n<p class=\"paragraph\">\u2013 Budjetti oli syy, mutta juurisyy on se, ettemme n\u00e4e mit\u00e4\u00e4n mahdollisuutta j\u00e4\u00e4d\u00e4 Bulgariaan, aloittaa liiketoimintaa tai perustaa perhett\u00e4, sanoi 18-vuotias lukiolainen <strong>Martin Atanassov<\/strong>.<\/p>\n<p>Mielenosoittajat vaativat moninkertaisen p\u00e4\u00e4ministerin, keskustaoikeistolaisen GERB-puolueen Boiko Borisovin p\u00e4\u00e4t\u00e4 vadille. EPA \/ AOP<\/p>\n<p class=\"paragraph\">DW:n mukaan nuorten ep\u00e4luottamus kohdistuu erityisesti moninkertaiseen p\u00e4\u00e4ministeri <a href=\"https:\/\/www.iltalehti.fi\/henkilot\/Boiko Borisov\" class=\"article-link-person-page\" rel=\"nofollow noopener\" target=\"_blank\">Boiko Borisoviin<\/a> sek\u00e4 oligarkki <strong>Delian Peevskiin<\/strong>, joiden katsotaan olevan osallisia korruptiossa.<\/p>\n<p class=\"paragraph\">\u2013 Kaikki bulgarialaiset ovat kuulleet lapsuudestaan \u200b\u200basti, kuinka korruptoitunut t\u00e4m\u00e4 maa on ja mit\u00e4 Borisovin ja Peevskin malli edustaa, Atanassov sanoo. \u0160i\u0161kova huomauttaa, ettei kaksikon syrj\u00e4ytt\u00e4minen viel\u00e4 itsess\u00e4\u00e4n ratkaise korruptiota, vaan on askel oikeaan suuntaan.<\/p>\n<p class=\"paragraph\">Hallitus oli yritt\u00e4nyt tukahduttaa protesteja leimaamalla ne euron vastaisiksi. Bulgaria siirtyy k\u00e4ytt\u00e4m\u00e4\u00e4n euroa ensi tammikuussa. Euron k\u00e4ytt\u00f6\u00f6nottoon hallituksen kaatuminen ei todenn\u00e4k\u00f6isesti vaikuta, arvioi AFP.<\/p>\n<p class=\"paragraph\">Mediatietojen mukaan uudet vaalit ovat todenn\u00e4k\u00f6iset. Laajaa poliittista tukea saaneet protestit eiv\u00e4t suoraan kerro mink\u00e4\u00e4n poliittisen tahon suosiosta \u2013 mielenosoituksia on tukenut sek\u00e4 liberaalipuolueiden oppositioliittouma PP-DB ett\u00e4 laitaoikeisto.<\/p>\n<p>10. joulukuuta protesti ker\u00e4si arviolta yli 100 000 osallistujaa. AP<\/p>\n","protected":false},"excerpt":{"rendered":"Hallitus erosi, kun yli 100 000 osoitti mielt\u00e4\u00e4n korruptiota vastaan. AFP:n mukaan uudet vaalit ovat todenn\u00e4k\u00f6iset. Sofiassa j\u00e4rjestetty&hellip;\n","protected":false},"author":2,"featured_media":113831,"comment_status":"","ping_status":"","sticky":false,"template":"","format":"standard","meta":{"footnotes":""},"categories":[14],"tags":[35,22,23,26,27,33,31,30,17,2453,24,25,28,29,15,2452,18,21,142,637,886,32,19,20,56,16,59,60,61],"class_list":{"0":"post-113830","1":"post","2":"type-post","3":"status-publish","4":"format-standard","5":"has-post-thumbnail","7":"category-ulkomaat","8":"tag-24h","9":"tag-breaking-news","10":"tag-breakingnews","11":"tag-featured-news","12":"tag-featurednews","13":"tag-fi","14":"tag-finland","15":"tag-finnish","16":"tag-headlines","17":"tag-kansalaisaktivismi-ja-jarjestot","18":"tag-latest-news","19":"tag-latestnews","20":"tag-main-news","21":"tag-mainnews","22":"tag-news","23":"tag-osallistuminen-yhteiskunta","24":"tag-otsikot","25":"tag-paauutiset","26":"tag-poliitikot","27":"tag-politiikka","28":"tag-puolueet","29":"tag-suomi","30":"tag-top-stories","31":"tag-topstories","32":"tag-ulkomaat","33":"tag-uutiset","34":"tag-world","35":"tag-world-news","36":"tag-worldnews"},"share_on_mastodon":{"url":"https:\/\/pubeurope.com\/@fi\/115702357983175938","error":""},"_links":{"self":[{"href":"https:\/\/www.europesays.com\/fi\/wp-json\/wp\/v2\/posts\/113830","targetHints":{"allow":["GET"]}}],"collection":[{"href":"https:\/\/www.europesays.com\/fi\/wp-json\/wp\/v2\/posts"}],"about":[{"href":"https:\/\/www.europesays.com\/fi\/wp-json\/wp\/v2\/types\/post"}],"author":[{"embeddable":true,"href":"https:\/\/www.europesays.com\/fi\/wp-json\/wp\/v2\/users\/2"}],"replies":[{"embeddable":true,"href":"https:\/\/www.europesays.com\/fi\/wp-json\/wp\/v2\/comments?post=113830"}],"version-history":[{"count":0,"href":"https:\/\/www.europesays.com\/fi\/wp-json\/wp\/v2\/posts\/113830\/revisions"}],"wp:featuredmedia":[{"embeddable":true,"href":"https:\/\/www.europesays.com\/fi\/wp-json\/wp\/v2\/media\/113831"}],"wp:attachment":[{"href":"https:\/\/www.europesays.com\/fi\/wp-json\/wp\/v2\/media?parent=113830"}],"wp:term":[{"taxonomy":"category","embeddable":true,"href":"https:\/\/www.europesays.com\/fi\/wp-json\/wp\/v2\/categories?post=113830"},{"taxonomy":"post_tag","embeddable":true,"href":"https:\/\/www.europesays.com\/fi\/wp-json\/wp\/v2\/tags?post=113830"}],"curies":[{"name":"wp","href":"https:\/\/api.w.org\/{rel}","templated":true}]}}