{"id":113832,"date":"2025-12-11T18:30:11","date_gmt":"2025-12-11T18:30:11","guid":{"rendered":"https:\/\/www.europesays.com\/fi\/113832\/"},"modified":"2025-12-11T18:30:11","modified_gmt":"2025-12-11T18:30:11","slug":"tama-annos-on-tuomaan-markkinoiden-yllatyshitti-jo-300-000-kavijaa-paikalliset","status":"publish","type":"post","link":"https:\/\/www.europesays.com\/fi\/113832\/","title":{"rendered":"T\u00e4m\u00e4 annos on Tuomaan markkinoiden yll\u00e4tyshitti \u2013\u2009 jo 300 000 k\u00e4vij\u00e4\u00e4 | Paikalliset"},"content":{"rendered":"<p>Tuomaan markkinoilla on k\u00e4ynyt ensimm\u00e4isen kahden viikon aikana noin 300\u2009000 ihmist\u00e4, kertoo Helsingin kaupunki.<\/p>\n<p>Viime vuonna markkinoilla rikottiin yli 600 000 k\u00e4vij\u00e4n enn\u00e4tys. Kaupungin mukaan k\u00e4vij\u00e4m\u00e4\u00e4r\u00e4t ovat l\u00e4hes viime vuoden tasolla.<\/p>\n<p>\u2013\u2009K\u00e4vij\u00f6iden runsaus kehnoista keleist\u00e4 huolimatta kertoo siit\u00e4, ett\u00e4 matkailijoilla ei ole aikaa, eik\u00e4 helsinkil\u00e4isill\u00e4 halua odottaa parempaa s\u00e4\u00e4t\u00e4. Torilla on sateen varalle l\u00e4mmitettyj\u00e4 istuskelukatoksia ja uusittu tunnelmavalaistus loistaa, joten joulutunnelma ei ole s\u00e4ist\u00e4 kiinni, sanoo Tuomaan Markkinoiden vastaava tuottaja <strong>Saara Vanhala<\/strong> tiedotteessa.<\/p>\n<p><strong>Video alla: Tuomaan markkinat kuvasi, miten Poro-corn-dogit valmistetaan.<\/strong><\/p>\n<p>Riisipuurot ovat ovat olleet edellisvuosien tapaan suosittuja. J\u00e4rjest\u00e4jien mukaan t\u00e4m\u00e4n vuoden yll\u00e4tyshitti on ollut muun muassa korealainen poro-corndog. Ruokaa myyd\u00e4\u00e4n korealaisen Hansang-ravintolan kojulla. Corndogia myyd\u00e4\u00e4n my\u00f6s j\u00e4lkiruokaversiona, jossa on juustoa, kanelia ja omenahilloa.<\/p>\n<p>\t\t<a class=\"diks-gallery__link\" href=\"https:\/\/i.media.fi\/incoming\/5ax5sb\/11196639.jpg\/alternates\/FREE_1440\/11196639.jpg\" data-thumbnail=\"\" data-sub-html=\"Tuomaan markkinat Dorit Salutskij \" aria-label=\"Katso isompi kuva\" rel=\"nofollow noopener\" target=\"_blank\"><br \/>\n\t\t\t\t<img class=\"diks-figure__image\" src=\"https:\/\/www.europesays.com\/fi\/wp-content\/uploads\/2025\/12\/11196639.jpg\" loading=\"lazy\" decoding=\"sync\" alt=\"\"\/><\/p>\n<p>\t\t\t<\/a><br \/>\n\t\t\t\t\tTuomaan markkinat Dorit Salutskij <\/p>\n<p>\t\t<a class=\"diks-gallery__link\" href=\"https:\/\/i.media.fi\/incoming\/wbzs1t\/11196590.jpg\/alternates\/FREE_1440\/11196590.jpg\" data-thumbnail=\"\" data-sub-html=\"Tuomaan Markkinat jatkuu Senaatintorilla maanantaihin 22.12. saakka. M\u00e4tt\u00f6 Media\" aria-label=\"Katso isompi kuva\" rel=\"nofollow noopener\" target=\"_blank\"><br \/>\n\t\t\t\t<img class=\"diks-figure__image\" src=\"https:\/\/www.europesays.com\/fi\/wp-content\/uploads\/2025\/12\/11196590.jpg\" loading=\"lazy\" decoding=\"sync\" alt=\"\"\/><\/p>\n<p>\t\t\t<\/a><br \/>\n\t\t\t\t\tTuomaan Markkinat jatkuu Senaatintorilla maanantaihin 22.12. saakka. M\u00e4tt\u00f6 Media<\/p>\n<p class=\"diks-storyline__additional-information\">Tuomaan Markkinat on avoinna Helsingin Senaatintorilla 22.12.2025 asti: su\u2013to klo 11\u201319 ja pe\u2013la klo 11\u201320. Markkinoille on vapaa p\u00e4\u00e4sy.<\/p>\n<p>\t\t\t\tLis\u00e4\u00e4 joulumarkkinoita<\/p>\n<p>Tuomaan Markkinoiden lis\u00e4ksi Helsingiss\u00e4 on my\u00f6s uusia joulutapahtumia.<\/p>\n<p>Yksi esimerkki on<a href=\"https:\/\/www.helsinginuutiset.fi\/paikalliset\/9039895\" rel=\"nofollow noopener\" target=\"_blank\"> Mantan joulutori<\/a> Havis Amandan ymp\u00e4rist\u00f6ss\u00e4. Lue Mantan ruokatarjonnasta lis\u00e4\u00e4 <a href=\"https:\/\/www.helsinginuutiset.fi\/paikalliset\/9039895\" rel=\"nofollow noopener\" target=\"_blank\">t\u00e4st\u00e4<\/a>.<\/p>\n<p>Toinen uusi tapahtuma on <a href=\"https:\/\/www.helsinginuutiset.fi\/paikalliset\/9001064\" rel=\"nofollow noopener\" target=\"_blank\">Kukontorin joulumarkkinat<\/a> Forumin uudistetulla sis\u00e4pihalla. Lue Kukontorin markkinoista lis\u00e4\u00e4 <a href=\"https:\/\/www.helsinginuutiset.fi\/paikalliset\/9001064\" rel=\"nofollow noopener\" target=\"_blank\">t\u00e4st\u00e4<\/a>.<\/p>\n","protected":false},"excerpt":{"rendered":"Tuomaan markkinoilla on k\u00e4ynyt ensimm\u00e4isen kahden viikon aikana noin 300\u2009000 ihmist\u00e4, kertoo Helsingin kaupunki. Viime vuonna markkinoilla rikottiin&hellip;\n","protected":false},"author":2,"featured_media":113833,"comment_status":"","ping_status":"","sticky":false,"template":"","format":"standard","meta":{"footnotes":""},"categories":[12],"tags":[22,23,26,27,33,31,30,17,2231,104,3674,14442,19062,24,25,28,29,15,18,21,2305,4450,32,19,20,16],"class_list":{"0":"post-113832","1":"post","2":"type-post","3":"status-publish","4":"format-standard","5":"has-post-thumbnail","7":"category-suomi","8":"tag-breaking-news","9":"tag-breakingnews","10":"tag-featured-news","11":"tag-featurednews","12":"tag-fi","13":"tag-finland","14":"tag-finnish","15":"tag-headlines","16":"tag-helsingin-kaupunki","17":"tag-helsinki","18":"tag-juhla-ja-vapaapaivat","19":"tag-kansalliset-ja-kansainvaliset-juhlapaivat","20":"tag-keskustan-elinvoima","21":"tag-latest-news","22":"tag-latestnews","23":"tag-main-news","24":"tag-mainnews","25":"tag-news","26":"tag-otsikot","27":"tag-paauutiset","28":"tag-puheenaiheet","29":"tag-puurot","30":"tag-suomi","31":"tag-top-stories","32":"tag-topstories","33":"tag-uutiset"},"share_on_mastodon":{"url":"https:\/\/pubeurope.com\/@fi\/115702361330233540","error":""},"_links":{"self":[{"href":"https:\/\/www.europesays.com\/fi\/wp-json\/wp\/v2\/posts\/113832","targetHints":{"allow":["GET"]}}],"collection":[{"href":"https:\/\/www.europesays.com\/fi\/wp-json\/wp\/v2\/posts"}],"about":[{"href":"https:\/\/www.europesays.com\/fi\/wp-json\/wp\/v2\/types\/post"}],"author":[{"embeddable":true,"href":"https:\/\/www.europesays.com\/fi\/wp-json\/wp\/v2\/users\/2"}],"replies":[{"embeddable":true,"href":"https:\/\/www.europesays.com\/fi\/wp-json\/wp\/v2\/comments?post=113832"}],"version-history":[{"count":0,"href":"https:\/\/www.europesays.com\/fi\/wp-json\/wp\/v2\/posts\/113832\/revisions"}],"wp:featuredmedia":[{"embeddable":true,"href":"https:\/\/www.europesays.com\/fi\/wp-json\/wp\/v2\/media\/113833"}],"wp:attachment":[{"href":"https:\/\/www.europesays.com\/fi\/wp-json\/wp\/v2\/media?parent=113832"}],"wp:term":[{"taxonomy":"category","embeddable":true,"href":"https:\/\/www.europesays.com\/fi\/wp-json\/wp\/v2\/categories?post=113832"},{"taxonomy":"post_tag","embeddable":true,"href":"https:\/\/www.europesays.com\/fi\/wp-json\/wp\/v2\/tags?post=113832"}],"curies":[{"name":"wp","href":"https:\/\/api.w.org\/{rel}","templated":true}]}}