{"id":113836,"date":"2025-12-11T18:36:10","date_gmt":"2025-12-11T18:36:10","guid":{"rendered":"https:\/\/www.europesays.com\/fi\/113836\/"},"modified":"2025-12-11T18:36:10","modified_gmt":"2025-12-11T18:36:10","slug":"ymparisto-nurmijarven-nuoret-nayttivat-mallia-ilmastoteoissa-valot-sammuvat-ja-pyorat-pyorivat-paikalliset","status":"publish","type":"post","link":"https:\/\/www.europesays.com\/fi\/113836\/","title":{"rendered":"Ymp\u00e4rist\u00f6 | Nurmij\u00e4rven nuoret n\u00e4yttiv\u00e4t mallia ilmastoteoissa \u2013 valot sammuvat ja py\u00f6r\u00e4t py\u00f6riv\u00e4t | Paikalliset"},"content":{"rendered":"<p>Nurmij\u00e4rven yl\u00e4koulujen ja lukion oppilaille toteutettiin oma, r\u00e4\u00e4t\u00e4l\u00f6ity ilmastoty\u00f6kysely Wilman kautta. Nuoret innostuivatkin vastaamaan kyselyyn esimerkillisen aktiivisesti, sill\u00e4 kyselyyn vastasi 176 nuorta. Aktiivisimpia vastaajia olivat 14\u201315-vuotiaat (28,4 prosenttia) ja suurin osa vastaajista (71,6 prosenttia) asui omakotitalossa.<\/p>\n<p>S\u00e4hk\u00f6n ja veden s\u00e4\u00e4st\u00f6\u00f6n liittyviss\u00e4 ilmastoteoissa yleisimmin k\u00e4ytetty ilmastoteko oli tarpeettomien valojen sammuttaminen (81,8 prosenttia vastaajista). Lis\u00e4ksi 73,3 prosenttia vastaajista sammutti tarpeettomat s\u00e4hk\u00f6laitteet. Liikkumiseen ja matkailuun liittyen ylivoimaisesti suosituin ilmastoteko oli py\u00f6r\u00e4ily tai k\u00e4vely, sill\u00e4 61,9 prosenttia vastaajista taittoi matkansa p\u00e4\u00e4s\u00e4\u00e4nt\u00f6isesti py\u00f6r\u00e4illen tai k\u00e4vellen. Joukkoliikennett\u00e4 suosi 29 prosenttia vastaajista.<\/p>\n<p><strong class=\"diks-storyline__impact\">Aikuisten kuntalaisten<\/strong> tapaan my\u00f6s nuoret hallitsevat kierr\u00e4tyksen ja lajittelun, ja bioj\u00e4tteen lajittelee 78,4 prosenttia vastaajista. Yli 70 prosenttia vastaajista lajittelee my\u00f6s kartongin ja muovin.<\/p>\n<p>Kest\u00e4v\u00e4\u00e4 kulutusta tukevissa ilmastoteoissa ruokaj\u00e4tteen syntymist\u00e4 v\u00e4ltt\u00e4\u00e4 63,1 prosenttia vastaajista. T\u00e4m\u00e4 oli my\u00f6s kaikille kuntalaisille suunnatussa kyselyss\u00e4 eniten toteutettu ilmastoteko kest\u00e4v\u00e4\u00e4n kulutukseen liittyen. L\u00e4hes 50 prosenttia nuorista pyrkii my\u00f6s ostamaan kest\u00e4vi\u00e4 ja laadukkaita vaatteita ja selvitt\u00e4m\u00e4\u00e4n rikkoutuneen tuotteen korjausmahdollisuudet ennen uuden ostamista.<\/p>\n<p><strong class=\"diks-storyline__impact\">Nuorten vastausten<\/strong> mukaan kunta voisi kannustaa asukkaitaan tekem\u00e4\u00e4n ilmastotekoja etenkin taloudellisilla kannusteilla ja kehitt\u00e4m\u00e4ll\u00e4 uusia, ymp\u00e4rist\u00f6yst\u00e4v\u00e4llisi\u00e4 palveluja. Kun kysyttiin, mit\u00e4 toimia kunta voisi toteuttaa yhdess\u00e4 kuntalaisten kanssa, niin 59,1 prosenttia vastaajista kannatti toritapahtumaa.<\/p>\n<p>Kyselyn lopussa oli viel\u00e4 mahdollisuus j\u00e4tt\u00e4\u00e4 vapaamuotoisia kommentteja. Niiss\u00e4 toivottiin muun muassa enemm\u00e4n roskiksia ja kierr\u00e4tyspisteit\u00e4 etenkin syrj\u00e4isille alueille, taloudellisia kannusteita ja ilmasto- ja ymp\u00e4rist\u00f6tiedon jakamista. Kasvisruokailu jakoi mielipiteit\u00e4, sill\u00e4 siihen liittyen oli kommentteja puolesta ja vastaan.<\/p>\n","protected":false},"excerpt":{"rendered":"Nurmij\u00e4rven yl\u00e4koulujen ja lukion oppilaille toteutettiin oma, r\u00e4\u00e4t\u00e4l\u00f6ity ilmastoty\u00f6kysely Wilman kautta. Nuoret innostuivatkin vastaamaan kyselyyn esimerkillisen aktiivisesti, sill\u00e4&hellip;\n","protected":false},"author":2,"featured_media":113837,"comment_status":"","ping_status":"","sticky":false,"template":"","format":"standard","meta":{"footnotes":""},"categories":[113],"tags":[446,33,31,30,1096,4843,961,401,118,32,119,447,709],"class_list":{"0":"post-113836","1":"post","2":"type-post","3":"status-publish","4":"format-standard","5":"has-post-thumbnail","7":"category-ymparisto","8":"tag-environment","9":"tag-fi","10":"tag-finland","11":"tag-finnish","12":"tag-ilmasto","13":"tag-kestava-kehitys","14":"tag-luonnonsuojelu","15":"tag-nurmijarvi","16":"tag-science","17":"tag-suomi","18":"tag-tiede","19":"tag-ymparisto","20":"tag-ymparistoasiat"},"share_on_mastodon":{"url":"https:\/\/pubeurope.com\/@fi\/115702384727875840","error":""},"_links":{"self":[{"href":"https:\/\/www.europesays.com\/fi\/wp-json\/wp\/v2\/posts\/113836","targetHints":{"allow":["GET"]}}],"collection":[{"href":"https:\/\/www.europesays.com\/fi\/wp-json\/wp\/v2\/posts"}],"about":[{"href":"https:\/\/www.europesays.com\/fi\/wp-json\/wp\/v2\/types\/post"}],"author":[{"embeddable":true,"href":"https:\/\/www.europesays.com\/fi\/wp-json\/wp\/v2\/users\/2"}],"replies":[{"embeddable":true,"href":"https:\/\/www.europesays.com\/fi\/wp-json\/wp\/v2\/comments?post=113836"}],"version-history":[{"count":0,"href":"https:\/\/www.europesays.com\/fi\/wp-json\/wp\/v2\/posts\/113836\/revisions"}],"wp:featuredmedia":[{"embeddable":true,"href":"https:\/\/www.europesays.com\/fi\/wp-json\/wp\/v2\/media\/113837"}],"wp:attachment":[{"href":"https:\/\/www.europesays.com\/fi\/wp-json\/wp\/v2\/media?parent=113836"}],"wp:term":[{"taxonomy":"category","embeddable":true,"href":"https:\/\/www.europesays.com\/fi\/wp-json\/wp\/v2\/categories?post=113836"},{"taxonomy":"post_tag","embeddable":true,"href":"https:\/\/www.europesays.com\/fi\/wp-json\/wp\/v2\/tags?post=113836"}],"curies":[{"name":"wp","href":"https:\/\/api.w.org\/{rel}","templated":true}]}}