{"id":113838,"date":"2025-12-11T18:43:10","date_gmt":"2025-12-11T18:43:10","guid":{"rendered":"https:\/\/www.europesays.com\/fi\/113838\/"},"modified":"2025-12-11T18:43:10","modified_gmt":"2025-12-11T18:43:10","slug":"sylvester-stallone-kayttaa-kavelykeppia-huoli-herasi","status":"publish","type":"post","link":"https:\/\/www.europesays.com\/fi\/113838\/","title":{"rendered":"Sylvester Stallone: k\u00e4ytt\u00e4\u00e4 k\u00e4velykeppi\u00e4 \u2013 huoli her\u00e4si"},"content":{"rendered":"<p>\n            Sylvester Stallone &#8211; &#8221;Wetten dass..?&#8221; aus Salzburg<br \/>\n            s.e.t. Photo \/ AOP\n        <\/p>\n<p class=\"subtitle \">Ex-lihaskimpun vointi her\u00e4tti huolen.<\/p>\n<p class=\"article-content article-content-width !bg-background\">Toimintat\u00e4hti , 79, oli aikansa ihailluimpia tv-kasvoja. H\u00e4nen uskomaton fysiikkansa her\u00e4tti ihailua sek\u00e4 naisissa ett\u00e4 miehiss\u00e4.<\/p>\n<p class=\"font-weight-bold m-font-weight-bold article-content article-content-width !bg-background\">Katso video \u2013 Hollywood-t\u00e4htien erikoistaidot:<\/p>\n<p>Stuntit ovat j\u00e4tt\u00e4neet j\u00e4ljen<\/p>\n<p class=\"article-content article-content-width !bg-background\">Sylvesterin vointi her\u00e4tti huolta, kun h\u00e4n ilmestyi ensi kertaa julkisuuteen k\u00e4velykepin kanssa. Rocky-legenda palkittiin 6. joulukuuta Kennedy Center Honors -gaalassa merkitt\u00e4vist\u00e4 panoksistaan amerikkalaiseen kulttuuriin n\u00e4yttelij\u00e4nty\u00f6ns\u00e4 kautta.<\/p>\n<p>        <a itemprop=\"url\" href=\"https:\/\/www.seiska.fi\/ulkomaat\/vau-uskoisitko-gwen-stefania-56-vuotiaaksi\/2010841\" rel=\"nofollow noopener\" target=\"_blank\"><\/p>\n<p>\nKuva!\n<\/p>\n<p class=\"section-date\">\n        <strong class=\"article-section\" data-section=\"ulkomaat\"><br \/>\n            ulkomaat<br \/>\n        <\/strong><br \/>\n        4.12. 19:00\n    <\/p>\n<p>Vau! Uskoisitko Gwen Stefania 56-vuotiaaksi?\n    <\/p>\n<p itemprop=\"description\" class=\"subtitle \">\n    Sitke\u00e4t erohuhut ovat viime aikoina varjostaneet Gwenin ja h\u00e4nen puolisonsa suhdetta.\n<\/p>\n<p>        <\/a><\/p>\n<p class=\"article-content article-content-width !bg-background\">Hyv\u00e4ntuulinen Sylvester edusti tyylikk\u00e4\u00e4n\u00e4 hohtavapintaseissa smokissa ja rintaneulassa, kunniamitali kaulassaan. <a href=\"https:\/\/www.dailymail.co.uk\/tvshowbiz\/article-15362253\/Sylvester-Stallone-cane-Mar-Lago-Kennedy.html\" target=\"_blank\" rel=\"nofollow noopener\">Daily Mail<\/a>\u00a0arvioi, ett\u00e4 toimintat\u00e4hden hidas ja varovainen liikkuminen oli suuri kontrasti valkokankaiden pelottomaan toimintasankariin verrattuna.<\/p>\n<p class=\"article-content article-content-width !bg-background\">Sylvesterin turvautuminen k\u00e4velykeppiin seuraa vuosikymmeni\u00e4 kest\u00e4nytt\u00e4 \u00e4\u00e4rimm\u00e4ist\u00e4 fyysist\u00e4 rasitusta, jonka h\u00e4n koki etenkin tehdess\u00e4\u00e4n l\u00e4hes kaikki stunttinsa itse.<\/p>\n<p>                <img decoding=\"async\" src=\"https:\/\/www.europesays.com\/fi\/wp-content\/uploads\/2025\/12\/2015095.webp\" width=\"576\" height=\"720\" alt=\"Sylvester, joka rakensi uransa esitt\u00e4m\u00e4ll\u00e4 voittamattomia taistelijoita, on puhunut avoimesti omien stunttiensa tekemisen fyysisest\u00e4 hinnasta.\" loading=\"lazy\" \/>            <\/p>\n<p>\n            Sylvester, joka rakensi uransa esitt\u00e4m\u00e4ll\u00e4 voittamattomia taistelijoita, on puhunut avoimesti omien stunttiensa tekemisen fyysisest\u00e4 hinnasta.<br \/>\n            s.e.t. Photo \/ AOP\n        <\/p>\n<p>Lukuisia loukkaantumisia<\/p>\n<p class=\"article-content article-content-width !bg-background\">Toimintat\u00e4hden pitk\u00e4 loukkaantumishistoria sis\u00e4lt\u00e4\u00e4 muun muassa revenneen rintalihaksen Rocky II -elokuvassa sek\u00e4 hiusmurtuman selk\u00e4rangassa my\u00f6hemmist\u00e4 jatko-osista.<\/p>\n<p class=\"article-content article-content-width !bg-background\">Vakavin onnettomuus sattui vuonna 2010, ensimm\u00e4isen The Expendables -elokuvan kuvauksissa.<\/p>\n<p class=\"article-content article-content-width !bg-background\">Sylvester vaati saada tehd\u00e4 itse v\u00e4kivaltaisen kamppailukohtauksen WWE-legenda  kanssa. Yhdess\u00e4 heitossa Sylvester tunsi v\u00e4litt\u00f6m\u00e4sti, ett\u00e4 jokin meni pahasti pieleen.<\/p>\n<p class=\"article-content article-content-width !bg-background\">Kyseinen heitto johti murtuneeseen niskaan, molempien olkap\u00e4iden sijoiltaanmenoon ja pitk\u00e4kestoiseen selk\u00e4vammaan.\u00a0Sittemmin h\u00e4nelle on tehty seitsem\u00e4n suurta selk\u00e4leikkausta, ja Sylvester on kertonut, ettei ole koskaan t\u00e4ysin toipunut.<\/p>\n<p class=\"article-content article-content-width !bg-background\">Vuosien varrella h\u00e4n on varoittanut nuorempia n\u00e4yttelij\u00f6it\u00e4 seuraamasta h\u00e4nen esimerkki\u00e4\u00e4n ja kehottanut muita olemaan tekem\u00e4tt\u00e4 omia stunttejaan.<\/p>\n<p>        <a itemprop=\"url\" href=\"https:\/\/www.seiska.fi\/ulkomaat\/pamela-anderson-avautuu-suomi-juuristaan-haluaisin-vaihtaa-nimeni\/2010218\" rel=\"nofollow noopener\" target=\"_blank\"><\/p>\n<p>\nPamela Anderson\n<\/p>\n<p class=\"section-date\">\n        <strong class=\"article-section\" data-section=\"ulkomaat\"><br \/>\n            ulkomaat<br \/>\n        <\/strong><br \/>\n        3.12. 10:36\n    <\/p>\n<p>Pamela Anderson avautuu Suomi-juuristaan: &#8221;Haluaisin vaihtaa nimeni&#8221;\n    <\/p>\n<p itemprop=\"description\" class=\"subtitle \">\n    Suomensukuinen n\u00e4yttelij\u00e4t\u00e4hti haluaisi vaihtaa sukunimens\u00e4 Hyyti\u00e4iseksi.\n<\/p>\n<p>        <\/a><\/p>\n<p>                <img decoding=\"async\" src=\"https:\/\/www.europesays.com\/fi\/wp-content\/uploads\/2025\/12\/2015078.webp\" width=\"576\" height=\"706\" alt=\"Sylvesterin tyylikk\u00e4\u00e4ss\u00e4 k\u00e4velykepiss\u00e4 on kultainen kahva.\" loading=\"lazy\" \/>            <\/p>\n<p>\n            Sylvesterin tyylikk\u00e4\u00e4ss\u00e4 k\u00e4velykepiss\u00e4 on kultainen kahva.<br \/>\n            Matt Baron\/BEI\/Shutterstock\/All Over Press\n        <\/p>\n<p>        <a itemprop=\"url\" href=\"https:\/\/www.seiska.fi\/ulkomaat\/oho-sinkkuelamaa-tahti-neljatta-kertaa-naimisiin\/2012651\" rel=\"nofollow noopener\" target=\"_blank\"><\/p>\n<p>\nOho! Nelj\u00e4s avioliitto\n<\/p>\n<p class=\"section-date\">\n        <strong class=\"article-section\" data-section=\"ulkomaat\"><br \/>\n            ulkomaat<br \/>\n        <\/strong><br \/>\n        5.12. 20:00\n    <\/p>\n<p>Oho! Sinkkuel\u00e4m\u00e4\u00e4-t\u00e4hti nelj\u00e4tt\u00e4 kertaa naimisiin\n    <\/p>\n<p itemprop=\"description\" class=\"subtitle \">\n    Nelj\u00e4s kerta toden sanoo?\n<\/p>\n<p>        <\/a><\/p>\n","protected":false},"excerpt":{"rendered":"Sylvester Stallone &#8211; &#8221;Wetten dass..?&#8221; aus Salzburg s.e.t. Photo \/ AOP Ex-lihaskimpun vointi her\u00e4tti huolen. Toimintat\u00e4hti , 79,&hellip;\n","protected":false},"author":2,"featured_media":113839,"comment_status":"","ping_status":"","sticky":false,"template":"","format":"standard","meta":{"footnotes":""},"categories":[136],"tags":[407,137,33,31,30,408,20942,20941,1489,6274,32,1490,17061,13705,109],"class_list":{"0":"post-113838","1":"post","2":"type-post","3":"status-publish","4":"format-standard","5":"has-post-thumbnail","7":"category-julkkikset","8":"tag-celebrities","9":"tag-entertainment","10":"tag-fi","11":"tag-finland","12":"tag-finnish","13":"tag-julkkikset","14":"tag-kennedy-center-honors","15":"tag-loukkaantumiset","16":"tag-rambo","17":"tag-rocky","18":"tag-suomi","19":"tag-sylvester-stallone","20":"tag-the-expendables","21":"tag-toimintatahti","22":"tag-viihde"},"share_on_mastodon":{"url":"https:\/\/pubeurope.com\/@fi\/115702412571015331","error":""},"_links":{"self":[{"href":"https:\/\/www.europesays.com\/fi\/wp-json\/wp\/v2\/posts\/113838","targetHints":{"allow":["GET"]}}],"collection":[{"href":"https:\/\/www.europesays.com\/fi\/wp-json\/wp\/v2\/posts"}],"about":[{"href":"https:\/\/www.europesays.com\/fi\/wp-json\/wp\/v2\/types\/post"}],"author":[{"embeddable":true,"href":"https:\/\/www.europesays.com\/fi\/wp-json\/wp\/v2\/users\/2"}],"replies":[{"embeddable":true,"href":"https:\/\/www.europesays.com\/fi\/wp-json\/wp\/v2\/comments?post=113838"}],"version-history":[{"count":0,"href":"https:\/\/www.europesays.com\/fi\/wp-json\/wp\/v2\/posts\/113838\/revisions"}],"wp:featuredmedia":[{"embeddable":true,"href":"https:\/\/www.europesays.com\/fi\/wp-json\/wp\/v2\/media\/113839"}],"wp:attachment":[{"href":"https:\/\/www.europesays.com\/fi\/wp-json\/wp\/v2\/media?parent=113838"}],"wp:term":[{"taxonomy":"category","embeddable":true,"href":"https:\/\/www.europesays.com\/fi\/wp-json\/wp\/v2\/categories?post=113838"},{"taxonomy":"post_tag","embeddable":true,"href":"https:\/\/www.europesays.com\/fi\/wp-json\/wp\/v2\/tags?post=113838"}],"curies":[{"name":"wp","href":"https:\/\/api.w.org\/{rel}","templated":true}]}}