{"id":113846,"date":"2025-12-11T18:55:08","date_gmt":"2025-12-11T18:55:08","guid":{"rendered":"https:\/\/www.europesays.com\/fi\/113846\/"},"modified":"2025-12-11T18:55:08","modified_gmt":"2025-12-11T18:55:08","slug":"yhdysvaltain-senaatti-hylkasi-terveydenhuoltotuet-uutisia-lyhyesti","status":"publish","type":"post","link":"https:\/\/www.europesays.com\/fi\/113846\/","title":{"rendered":"Yhdysvaltain senaatti hylk\u00e4si terveydenhuoltotuet | Uutisia lyhyesti"},"content":{"rendered":"<p class=\"aw-1gybjub aw-5vja16 kEtdKx kmuxyA yle__article__paragraph\">Miljoonien amerikkalaisten terveydenhuollon kustannukset nousevat merkitt\u00e4v\u00e4sti ensi vuonna.<\/p>\n<p class=\"aw-1gybjub aw-1p7kakr kEtdKx cEmitX yle__article__paragraph\">Yhdysvaltain senaatti hylk\u00e4si torstaina lakiesityksen, joka olisi jatkanut terveydenhuollon verohyvityksi\u00e4.<\/p>\n<p class=\"aw-1gybjub aw-1p7kakr kEtdKx cEmitX yle__article__paragraph\">P\u00e4\u00e4t\u00f6s tarkoittaa k\u00e4yt\u00e4nn\u00f6ss\u00e4 sit\u00e4, ett\u00e4 miljoonien amerikkalaisten terveydenhuollon kustannukset nousevat merkitt\u00e4v\u00e4sti ensi vuonna.<\/p>\n<p class=\"aw-1gybjub aw-1p7kakr kEtdKx cEmitX yle__article__paragraph\">Senaattorit torjuivat sek\u00e4 demokraattien esityksen, joka olisi jatkanut niin sanottuja Affordable Care Act -tukia kolmella vuodella, ett\u00e4 republikaanien vaihtoehdon, jossa olisi perustettu uusia terveyss\u00e4\u00e4st\u00f6tilej\u00e4.<\/p>\n<p class=\"aw-1gybjub aw-1p7kakr kEtdKx cEmitX yle__article__paragraph\">Republikaanit ovat v\u00e4itt\u00e4neet, ett\u00e4 Affordable Care Act -suunnitelmat ovat liian kalliita ja vaativat uudistamista, ja siksi he vastustavat niit\u00e4.<\/p>\n<p class=\"aw-1gybjub aw-1p7kakr kEtdKx cEmitX yle__article__paragraph\">Republikaanien ehdottamat terveyss\u00e4\u00e4st\u00f6tilit antaisivat rahaa suoraan kuluttajille vakuutusyhti\u00f6iden sijaan. My\u00f6s presidentti <strong class=\"aw-ak79eh KyCXm yle__article__strong\">Donald Trump<\/strong> on kannattanut t\u00e4t\u00e4 mallia.<\/p>\n<p class=\"aw-1gybjub aw-1p7kakr kEtdKx cEmitX yle__article__paragraph\">Demokraatit torjuivat suunnitelman, sill\u00e4 heid\u00e4n mukaansa s\u00e4\u00e4st\u00f6tilit eiv\u00e4t riitt\u00e4isi kattamaan useimpien kuluttajien kustannuksia.<\/p>\n<p class=\"aw-1gybjub aw-1p7kakr kEtdKx cEmitX yle__article__paragraph\">L\u00e4hteet: AP, Reuters<\/p>\n","protected":false},"excerpt":{"rendered":"Miljoonien amerikkalaisten terveydenhuollon kustannukset nousevat merkitt\u00e4v\u00e4sti ensi vuonna. Yhdysvaltain senaatti hylk\u00e4si torstaina lakiesityksen, joka olisi jatkanut terveydenhuollon verohyvityksi\u00e4.&hellip;\n","protected":false},"author":2,"featured_media":74,"comment_status":"","ping_status":"","sticky":false,"template":"","format":"standard","meta":{"footnotes":""},"categories":[14],"tags":[22,23,26,27,33,31,30,17,24,25,28,29,15,18,21,32,550,19,20,56,16,59,60,61,17685,20943],"class_list":{"0":"post-113846","1":"post","2":"type-post","3":"status-publish","4":"format-standard","5":"has-post-thumbnail","7":"category-ulkomaat","8":"tag-breaking-news","9":"tag-breakingnews","10":"tag-featured-news","11":"tag-featurednews","12":"tag-fi","13":"tag-finland","14":"tag-finnish","15":"tag-headlines","16":"tag-latest-news","17":"tag-latestnews","18":"tag-main-news","19":"tag-mainnews","20":"tag-news","21":"tag-otsikot","22":"tag-paauutiset","23":"tag-suomi","24":"tag-terveydenhuolto","25":"tag-top-stories","26":"tag-topstories","27":"tag-ulkomaat","28":"tag-uutiset","29":"tag-world","30":"tag-world-news","31":"tag-worldnews","32":"tag-yhdysvaltain-senaatti","33":"tag-yhdysvaltain-terveydenhuoltouudistus"},"share_on_mastodon":{"url":"https:\/\/pubeurope.com\/@fi\/115702459575283233","error":""},"_links":{"self":[{"href":"https:\/\/www.europesays.com\/fi\/wp-json\/wp\/v2\/posts\/113846","targetHints":{"allow":["GET"]}}],"collection":[{"href":"https:\/\/www.europesays.com\/fi\/wp-json\/wp\/v2\/posts"}],"about":[{"href":"https:\/\/www.europesays.com\/fi\/wp-json\/wp\/v2\/types\/post"}],"author":[{"embeddable":true,"href":"https:\/\/www.europesays.com\/fi\/wp-json\/wp\/v2\/users\/2"}],"replies":[{"embeddable":true,"href":"https:\/\/www.europesays.com\/fi\/wp-json\/wp\/v2\/comments?post=113846"}],"version-history":[{"count":0,"href":"https:\/\/www.europesays.com\/fi\/wp-json\/wp\/v2\/posts\/113846\/revisions"}],"wp:featuredmedia":[{"embeddable":true,"href":"https:\/\/www.europesays.com\/fi\/wp-json\/wp\/v2\/media\/74"}],"wp:attachment":[{"href":"https:\/\/www.europesays.com\/fi\/wp-json\/wp\/v2\/media?parent=113846"}],"wp:term":[{"taxonomy":"category","embeddable":true,"href":"https:\/\/www.europesays.com\/fi\/wp-json\/wp\/v2\/categories?post=113846"},{"taxonomy":"post_tag","embeddable":true,"href":"https:\/\/www.europesays.com\/fi\/wp-json\/wp\/v2\/tags?post=113846"}],"curies":[{"name":"wp","href":"https:\/\/api.w.org\/{rel}","templated":true}]}}