{"id":113847,"date":"2025-12-11T18:56:10","date_gmt":"2025-12-11T18:56:10","guid":{"rendered":"https:\/\/www.europesays.com\/fi\/113847\/"},"modified":"2025-12-11T18:56:10","modified_gmt":"2025-12-11T18:56:10","slug":"saran-20-ja-pienten-lasten-kauhea-kohtalo-ei-jata-omaisia-rauhaan-ollaan-heratty-oisin-iltalehti","status":"publish","type":"post","link":"https:\/\/www.europesays.com\/fi\/113847\/","title":{"rendered":"Saran, 20, ja pienten lasten kauhea kohtalo ei j\u00e4t\u00e4 omaisia rauhaan \u2013 \u201dOllaan her\u00e4tty \u00f6isin\u201d &#8211; Iltalehti"},"content":{"rendered":"<ol>\n<li><a href=\"https:\/\/news.google.com\/rss\/articles\/CBMie0FVX3lxTE9kWlJVdUxMU3lFRWVta1ZwUnNCSGRMa3U3WXZ0SzVVbk5ncFQ0RlNFOTlBRm5uaThqcENOY0RXZzNpRWRXM1Vvd2RWU0JwbTBoYTlBdzJ0MHFzZmtQWFJUX25HVTBib0d0RFYwdFBzX09jNDNBbW4wUFJTZw?oc=5\" target=\"_blank\" rel=\"nofollow noopener\">Saran, 20, ja pienten lasten kauhea kohtalo ei j\u00e4t\u00e4 omaisia rauhaan \u2013 \u201dOllaan her\u00e4tty \u00f6isin\u201d<\/a>&nbsp;&nbsp;Iltalehti<\/li>\n<li><a href=\"https:\/\/news.google.com\/rss\/articles\/CBMiXEFVX3lxTE5CTjUzYzZRbnBjQVA0RFdQamI1NVBpcWVZTGd6REVLZXdFN2Q3amxieHplZVVkR25yYS0taUktR3VONUw1SjRKeHp5Q1dBa3RiQVNrS2c4cnRKT2hO?oc=5\" target=\"_blank\" rel=\"nofollow noopener\">Savonlinnan palossa kuolleen \u00e4idin yst\u00e4v\u00e4 kyl\u00e4ili hiljattain perheen kotona \u2013 \u201dTuntuu hirve\u00e4lt\u00e4\u201d<\/a>&nbsp;&nbsp;Ilta-Sanomat<\/li>\n<li><a href=\"https:\/\/news.google.com\/rss\/articles\/CBMiWkFVX3lxTE90YWpSRzBrRTVpZ01nX21TRU9WelhBV25VSmZWOXlOZnRXT1lXNXRfMkVsajBUUFdialM1QmxRTmUySVVKZVlQV1RQODhmeHpNWENRZ2NRaWhjdw?oc=5\" target=\"_blank\" rel=\"nofollow noopener\">Savonlinnan tulipalo | Perheens\u00e4 polttamisesta ep\u00e4ilty 22-vuotias mies vangittiin<\/a>&nbsp;&nbsp;HS.fi<\/li>\n<li><a href=\"https:\/\/news.google.com\/rss\/articles\/CBMiQkFVX3lxTFA2ZVkxQ01JWWxaUV9YVUM5VjVrWHY4VTFqU096R1ZkUWxZLXNUSk1BbTVNLVpkTEZONDRQN3NjNjJUdw?oc=5\" target=\"_blank\" rel=\"nofollow noopener\">22-vuotias mies vangittiin ep\u00e4iltyn\u00e4 Savonlinnan perhesurmasta \u2013 peitti kasvonsa oikeudessa<\/a>&nbsp;&nbsp;Yle<\/li>\n<li><a href=\"https:\/\/news.google.com\/rss\/articles\/CBMixAFBVV95cUxORU5pOHlITkx4cnJvR3U5N0tpTDB6N1VaU3djbl9rSEh2aUQ5d1BBX3hWdUd3Tk5qZEFzaHVoRi1VUElKNnV3bEhjbkFzTU92N2lhMjUxcVdUU0lrbEpHd0pMUXhRN25jZU9pUFJTUXdmZExxNXFlSVhLOFRNQzFYNVRETnpoZTBFOXVhZFE1RUJ4YWp6TzBxbWx6TV82azBnc3liZzJpX252OGxjTUNtS0lObG9RR19RRDA3Wnc4eGNUbXdm?oc=5\" target=\"_blank\" rel=\"nofollow noopener\">T\u00e4m\u00e4 Savonlinnan ep\u00e4illyst\u00e4 perhesurmasta tiedet\u00e4\u00e4n \u2013 yksi erityinen ihmetyksen aihe<\/a>&nbsp;&nbsp;mtvuutiset.fi<\/li>\n<\/ol>\n","protected":false},"excerpt":{"rendered":"Saran, 20, ja pienten lasten kauhea kohtalo ei j\u00e4t\u00e4 omaisia rauhaan \u2013 \u201dOllaan her\u00e4tty \u00f6isin\u201d&nbsp;&nbsp;Iltalehti Savonlinnan palossa kuolleen&hellip;\n","protected":false},"author":2,"featured_media":113848,"comment_status":"","ping_status":"","sticky":false,"template":"","format":"standard","meta":{"footnotes":""},"categories":[12],"tags":[35,22,23,26,27,33,31,30,17,101,99,100,24,25,28,29,15,18,21,98,52,32,19,20,16],"class_list":{"0":"post-113847","1":"post","2":"type-post","3":"status-publish","4":"format-standard","5":"has-post-thumbnail","7":"category-suomi","8":"tag-24h","9":"tag-breaking-news","10":"tag-breakingnews","11":"tag-featured-news","12":"tag-featurednews","13":"tag-fi","14":"tag-finland","15":"tag-finnish","16":"tag-headlines","17":"tag-ihmissuhteet","18":"tag-lapset","19":"tag-lapset-ja-nuoret","20":"tag-latest-news","21":"tag-latestnews","22":"tag-main-news","23":"tag-mainnews","24":"tag-news","25":"tag-otsikot","26":"tag-paauutiset","27":"tag-perhe","28":"tag-poliisi","29":"tag-suomi","30":"tag-top-stories","31":"tag-topstories","32":"tag-uutiset"},"share_on_mastodon":{"url":"https:\/\/pubeurope.com\/@fi\/115702463523646730","error":""},"_links":{"self":[{"href":"https:\/\/www.europesays.com\/fi\/wp-json\/wp\/v2\/posts\/113847","targetHints":{"allow":["GET"]}}],"collection":[{"href":"https:\/\/www.europesays.com\/fi\/wp-json\/wp\/v2\/posts"}],"about":[{"href":"https:\/\/www.europesays.com\/fi\/wp-json\/wp\/v2\/types\/post"}],"author":[{"embeddable":true,"href":"https:\/\/www.europesays.com\/fi\/wp-json\/wp\/v2\/users\/2"}],"replies":[{"embeddable":true,"href":"https:\/\/www.europesays.com\/fi\/wp-json\/wp\/v2\/comments?post=113847"}],"version-history":[{"count":0,"href":"https:\/\/www.europesays.com\/fi\/wp-json\/wp\/v2\/posts\/113847\/revisions"}],"wp:featuredmedia":[{"embeddable":true,"href":"https:\/\/www.europesays.com\/fi\/wp-json\/wp\/v2\/media\/113848"}],"wp:attachment":[{"href":"https:\/\/www.europesays.com\/fi\/wp-json\/wp\/v2\/media?parent=113847"}],"wp:term":[{"taxonomy":"category","embeddable":true,"href":"https:\/\/www.europesays.com\/fi\/wp-json\/wp\/v2\/categories?post=113847"},{"taxonomy":"post_tag","embeddable":true,"href":"https:\/\/www.europesays.com\/fi\/wp-json\/wp\/v2\/tags?post=113847"}],"curies":[{"name":"wp","href":"https:\/\/api.w.org\/{rel}","templated":true}]}}