{"id":113849,"date":"2025-12-11T18:57:10","date_gmt":"2025-12-11T18:57:10","guid":{"rendered":"https:\/\/www.europesays.com\/fi\/113849\/"},"modified":"2025-12-11T18:57:10","modified_gmt":"2025-12-11T18:57:10","slug":"suomalaisyhtio-sai-puolustustarvikkeiden-vientiluvan-israeliin-tutkija-kritisoi","status":"publish","type":"post","link":"https:\/\/www.europesays.com\/fi\/113849\/","title":{"rendered":"Suomalaisyhti\u00f6 sai puolustustarvikkeiden vientiluvan Israeliin, tutkija kritisoi"},"content":{"rendered":"<p>Daavidin linko|Lupa liittyy Suomen Israelista ostamaan Daavidin linko -ilmatorjuntaj\u00e4rjestelm\u00e4\u00e4n. Tutkijatohtori Antti Tarvainen pit\u00e4\u00e4 vientiluvan my\u00f6nt\u00e4mist\u00e4 Israeliin kyseenalaisena.<\/p>\n<p class=\"article-body mb-nof-24 px-nof-16\">Valtioneuvosto on my\u00f6nt\u00e4nyt tamperelaiselle teknologiayhti\u00f6 Insta Advance oy:lle puolustustarvikkeiden vientiluvan Israeliin.<\/p>\n<p class=\"article-body mb-nof-24 px-nof-16\">Lupa liittyy Suomen Israelista ostamaan Daavidin linko -ilmatorjuntaj\u00e4rjestelm\u00e4\u00e4n, jossa k\u00e4ytet\u00e4\u00e4n Instan ohjelmistoja.<\/p>\n<p class=\"article-body mb-nof-24 px-nof-16\">Vientiluvan nojalla yhti\u00f6 saa vied\u00e4 johtamispaikkaratkaisuja Daavidin linko -ilmatorjuntaohjusj\u00e4rjestelm\u00e4\u00e4n Israeliin ohjusj\u00e4rjestelm\u00e4n toimittavalle Rafael Advanced Defence Systems Ltd:lle 31.12.2030 menness\u00e4.<\/p>\n<p class=\"article-body mb-nof-24 px-nof-16\">Loppuk\u00e4ytt\u00f6n\u00e4 on integrointi osaksi Puolustusvoimien tilaamaa Daavidin linko -ilmatorjuntaohjusj\u00e4rjestelm\u00e4\u00e4.<\/p>\n<p class=\"article-body mb-nof-24 px-nof-16\">Suomi p\u00e4\u00e4tti ostaa Daavidin linko -ilmatorjuntaohjusj\u00e4rjestelm\u00e4n vuonna 2023. Israel allekirjoitti saman vuoden marraskuussa sopimuksen ohjusj\u00e4rjestelm\u00e4n toimittamisesta Suomeen.<\/p>\n<p class=\"article-body mb-nof-24 px-nof-16\">Israelista teht\u00e4v\u00e4 asehankinta nostatti kriittist\u00e4 keskustelua Suomessa sen j\u00e4lkeen, kun Israel hy\u00f6kk\u00e4si Gazaan vastaiskuna Hamasin terrori-iskulle Israeliin lokakuussa 2023.<\/p>\n<p class=\"article-body mb-nof-24 px-nof-16\">Tampereen yliopiston tutkijatohtori <a class=\"article-personlink\" href=\"https:\/\/www.hs.fi\/haku\/?query=Antti%20Tarvainen\" rel=\"nofollow noopener\" target=\"_blank\">Antti Tarvainen<\/a> ei pid\u00e4 vientiluvan my\u00f6nt\u00e4mist\u00e4 Israeliin itsess\u00e4\u00e4n poikkeuksellisena, sill\u00e4 useat Euroopan maat ovat vieneet Gazan sodan aikana teknologiaintegraatioita Israeliin.<\/p>\n<p class=\"article-body mb-nof-24 px-nof-16\">Samalla maat ovat Tarvaisen mukaan olleet merkitt\u00e4v\u00e4ss\u00e4 roolissa siin\u00e4, mit\u00e4 useat YK:n tahot ja kansainv\u00e4liset j\u00e4rjest\u00f6t pit\u00e4v\u00e4t kansanmurhana.<\/p>\n<p class=\"article-body mb-nof-24 px-nof-16\">\u201dMoraalisesti ja kansainv\u00e4lisen oikeuden kannalta vientiluvan my\u00f6nt\u00e4minen on tietenkin kyseenalaista ja varsin ristiriitaista suhteessa siihen, ett\u00e4 Suomen pit\u00e4isi harjoittaa ihmisoikeusmy\u00f6nteist\u00e4 ulkopolitiikkaa\u201d, Tarvainen sanoo.<\/p>\n<p class=\"article-body mb-nof-24 px-nof-16\">Tarvaisen mukaan vientilupien m\u00e4\u00e4r\u00e4 Israeliin ei puolustustarvikkeiden kohdalla ole ollut erityisen suurta, mutta YK:n yleissopimuksen allekirjoittaneilla mailla, kuten Suomella, on velvollisuus on toimia kansanmurhan est\u00e4miseksi.<\/p>\n<p class=\"article-body mb-nof-24 px-nof-16\">\u201dPalestiina on Israelille globaali laboratorio sotilasteknologian kehitt\u00e4miseen. Kun Suomi k\u00e4y kauppaa Israelin kanssa ja pit\u00e4\u00e4 sen kanssa yll\u00e4 ik\u00e4\u00e4n kuin normaaleja kauppasuhteita, se pyyhkii samalla brutaalia v\u00e4kivaltaa pois n\u00e4kyvist\u00e4\u201d, h\u00e4n sanoo.<\/p>\n","protected":false},"excerpt":{"rendered":"Daavidin linko|Lupa liittyy Suomen Israelista ostamaan Daavidin linko -ilmatorjuntaj\u00e4rjestelm\u00e4\u00e4n. Tutkijatohtori Antti Tarvainen pit\u00e4\u00e4 vientiluvan my\u00f6nt\u00e4mist\u00e4 Israeliin kyseenalaisena. Valtioneuvosto&hellip;\n","protected":false},"author":2,"featured_media":113850,"comment_status":"","ping_status":"","sticky":false,"template":"","format":"standard","meta":{"footnotes":""},"categories":[5],"tags":[22,23,26,27,33,31,30,17,46,24,25,28,29,15,18,21,32,19,20,16],"class_list":{"0":"post-113849","1":"post","2":"type-post","3":"status-publish","4":"format-standard","5":"has-post-thumbnail","7":"category-otsikot","8":"tag-breaking-news","9":"tag-breakingnews","10":"tag-featured-news","11":"tag-featurednews","12":"tag-fi","13":"tag-finland","14":"tag-finnish","15":"tag-headlines","16":"tag-helsingin-sanomat","17":"tag-latest-news","18":"tag-latestnews","19":"tag-main-news","20":"tag-mainnews","21":"tag-news","22":"tag-otsikot","23":"tag-paauutiset","24":"tag-suomi","25":"tag-top-stories","26":"tag-topstories","27":"tag-uutiset"},"share_on_mastodon":{"url":"https:\/\/pubeurope.com\/@fi\/115702467340686958","error":""},"_links":{"self":[{"href":"https:\/\/www.europesays.com\/fi\/wp-json\/wp\/v2\/posts\/113849","targetHints":{"allow":["GET"]}}],"collection":[{"href":"https:\/\/www.europesays.com\/fi\/wp-json\/wp\/v2\/posts"}],"about":[{"href":"https:\/\/www.europesays.com\/fi\/wp-json\/wp\/v2\/types\/post"}],"author":[{"embeddable":true,"href":"https:\/\/www.europesays.com\/fi\/wp-json\/wp\/v2\/users\/2"}],"replies":[{"embeddable":true,"href":"https:\/\/www.europesays.com\/fi\/wp-json\/wp\/v2\/comments?post=113849"}],"version-history":[{"count":0,"href":"https:\/\/www.europesays.com\/fi\/wp-json\/wp\/v2\/posts\/113849\/revisions"}],"wp:featuredmedia":[{"embeddable":true,"href":"https:\/\/www.europesays.com\/fi\/wp-json\/wp\/v2\/media\/113850"}],"wp:attachment":[{"href":"https:\/\/www.europesays.com\/fi\/wp-json\/wp\/v2\/media?parent=113849"}],"wp:term":[{"taxonomy":"category","embeddable":true,"href":"https:\/\/www.europesays.com\/fi\/wp-json\/wp\/v2\/categories?post=113849"},{"taxonomy":"post_tag","embeddable":true,"href":"https:\/\/www.europesays.com\/fi\/wp-json\/wp\/v2\/tags?post=113849"}],"curies":[{"name":"wp","href":"https:\/\/api.w.org\/{rel}","templated":true}]}}