{"id":113857,"date":"2025-12-11T19:13:08","date_gmt":"2025-12-11T19:13:08","guid":{"rendered":"https:\/\/www.europesays.com\/fi\/113857\/"},"modified":"2025-12-11T19:13:08","modified_gmt":"2025-12-11T19:13:08","slug":"viime-vuoden-euroviisujen-voittaja-nemo-luopuu-palkinnostaan-uutissuomalainen","status":"publish","type":"post","link":"https:\/\/www.europesays.com\/fi\/113857\/","title":{"rendered":"Viime vuoden Euroviisujen voittaja Nemo luopuu palkinnostaan | Uutissuomalainen"},"content":{"rendered":"<p>Viime vuoden Euroviisujen voittaja Nemo luopuu palkinnostaan ja palauttaa voittopokaalin Euroopan yleisradiounioni EBU:lle. Sveitsil\u00e4isartisti kertoo asiasta <a href=\"https:\/\/www.instagram.com\/p\/DSIMV83DO4d\/\" rel=\"nofollow noopener\" target=\"_blank\">Instagram-tilill\u00e4\u00e4n<\/a>.<\/p>\n<p>Nemo perustelee p\u00e4\u00e4t\u00f6st\u00e4\u00e4n Israelin osallistumisen aiheuttamalla arvoristiriidalla. H\u00e4n viittaa julkaisussaan YK:n riippumattoman tutkintakomission <a href=\"https:\/\/www.ohchr.org\/en\/press-releases\/2025\/09\/israel-has-committed-genocide-gaza-strip-un-commission-finds\" rel=\"nofollow noopener\" target=\"_blank\">raporttiin<\/a>, jonka mukaan Israel on syyllistynyt kansanmurhaan Gazassa. <\/p>\n<p>\u2013\u2009Vaikka olen \u00e4\u00e4rimm\u00e4isen kiitollinen t\u00e4m\u00e4n kilpailun ymp\u00e4rill\u00e4 olevasta yhteis\u00f6st\u00e4 ja kaikesta, mit\u00e4 t\u00e4m\u00e4 kokemus on minulle opettanut ihmisen\u00e4 ja artistina, en en\u00e4\u00e4 usko, ett\u00e4 t\u00e4m\u00e4 pokaali kuuluu hyllyyni, h\u00e4n kirjoittaa.<\/p>\n<p>Nemon mukaan Euroviisujen arvot yhten\u00e4isyydest\u00e4, inklusiivisuudesta ja kaikkien ihmisten arvokkuudesta ovat ristiriidassa sen kanssa, ett\u00e4 EBU on p\u00e4\u00e4tt\u00e4nyt sallia Israelin osallistumisen kilpailuun.<\/p>\n<p>\u2013\u2009Jos arvoja, joita juhlistamme lavalla, ei elet\u00e4 lavan ulkopuolella, silloin kauneimmatkin laulut menett\u00e4v\u00e4t merkityksens\u00e4.<\/p>\n<p>\u2013\u2009Musiikki yhdist\u00e4\u00e4 meit\u00e4 edelleen. T\u00e4m\u00e4 uskomus ei ole muuttunut, Nemo lis\u00e4\u00e4.<\/p>\n<p>Nemo voitti vuoden 2024 Euroviisut ensimm\u00e4isen\u00e4 muunsukupuolisena artistina kappaleella The Code Ruotsin Malm\u00f6ss\u00e4. H\u00e4n esiintyi Suomessa Helsingin Kulttuuritalolla marraskuussa.<\/p>\n<p>\t\t\t\t&#8221;Jotain on syv\u00e4sti vialla&#8221;<\/p>\n<p>EBU ilmoitti viime viikolla, ett\u00e4 Israel voi osallistua ensi vuoden Euroviisuihin. EBU:n p\u00e4\u00e4t\u00f6ksen j\u00e4lkeen Espanja, Hollanti, Irlanti ja Slovenia ilmoittivat j\u00e4tt\u00e4ytyv\u00e4ns\u00e4 kisasta pois. Keskiviikkona Islanti liittyi viisuboikottiin.<\/p>\n<p>Nemon mukaan laulukilpailua on toistuvasti k\u00e4ytetty pehment\u00e4m\u00e4\u00e4n vakavista v\u00e4\u00e4ryyksist\u00e4 syytetyn maan imagoa ja samaan aikaan aikaan EBU v\u00e4itt\u00e4\u00e4, ett\u00e4 Euroviisut ovat ep\u00e4poliittiset.<\/p>\n<p>\u2013\u2009Kun kokonaiset maat vet\u00e4ytyv\u00e4t kilpailusta t\u00e4m\u00e4n ristiriidan takia, pit\u00e4isi olla selv\u00e4\u00e4, ett\u00e4 jotain on syv\u00e4sti vialla, Nemo kirjoittaa Instagramissa.<\/p>\n<p>Useat maat ja tahot ovat pitk\u00e4\u00e4n vaatineet Israelin sulkemista ulos Euroviisuista maan Gaza-toimien takia.<\/p>\n<p>Yle on kertonut valmistautuvansa osallistumaan kilpailuun, joka j\u00e4rjestet\u00e4\u00e4n toukokuussa It\u00e4vallan p\u00e4\u00e4kaupungissa Wieniss\u00e4.<\/p>\n<p>J\u00e4senmaiden tulee vahvistaa EBU:lle osallistumisensa ensi kev\u00e4\u00e4n Euroviisuihin joulukuun puoleenv\u00e4liin menness\u00e4. Lopullinen lista osallistujamaista on m\u00e4\u00e4r\u00e4 julkistaa ennen joulua. <\/p>\n<p>\t\t\t\t\t\t\t\t<script async src=\"\/\/www.instagram.com\/embed.js\"><\/script><\/p>\n","protected":false},"excerpt":{"rendered":"Viime vuoden Euroviisujen voittaja Nemo luopuu palkinnostaan ja palauttaa voittopokaalin Euroopan yleisradiounioni EBU:lle. Sveitsil\u00e4isartisti kertoo asiasta Instagram-tilill\u00e4\u00e4n. Nemo&hellip;\n","protected":false},"author":2,"featured_media":113858,"comment_status":"","ping_status":"","sticky":false,"template":"","format":"standard","meta":{"footnotes":""},"categories":[132],"tags":[138,137,741,33,31,30,2675,108,763,195,47,32,397,484,109],"class_list":{"0":"post-113857","1":"post","2":"type-post","3":"status-publish","4":"format-standard","5":"has-post-thumbnail","7":"category-musiikki","8":"tag-audio","9":"tag-entertainment","10":"tag-eurovision-laulukilpailut","11":"tag-fi","12":"tag-finland","13":"tag-finnish","14":"tag-instagram","15":"tag-kulttuuri","16":"tag-kulttuuri-ja-viihde","17":"tag-music","18":"tag-musiikki","19":"tag-suomi","20":"tag-taide","21":"tag-taiteellinen-ilmaisu-ja-mediat","22":"tag-viihde"},"share_on_mastodon":{"url":"https:\/\/pubeurope.com\/@fi\/115702530315273084","error":""},"_links":{"self":[{"href":"https:\/\/www.europesays.com\/fi\/wp-json\/wp\/v2\/posts\/113857","targetHints":{"allow":["GET"]}}],"collection":[{"href":"https:\/\/www.europesays.com\/fi\/wp-json\/wp\/v2\/posts"}],"about":[{"href":"https:\/\/www.europesays.com\/fi\/wp-json\/wp\/v2\/types\/post"}],"author":[{"embeddable":true,"href":"https:\/\/www.europesays.com\/fi\/wp-json\/wp\/v2\/users\/2"}],"replies":[{"embeddable":true,"href":"https:\/\/www.europesays.com\/fi\/wp-json\/wp\/v2\/comments?post=113857"}],"version-history":[{"count":0,"href":"https:\/\/www.europesays.com\/fi\/wp-json\/wp\/v2\/posts\/113857\/revisions"}],"wp:featuredmedia":[{"embeddable":true,"href":"https:\/\/www.europesays.com\/fi\/wp-json\/wp\/v2\/media\/113858"}],"wp:attachment":[{"href":"https:\/\/www.europesays.com\/fi\/wp-json\/wp\/v2\/media?parent=113857"}],"wp:term":[{"taxonomy":"category","embeddable":true,"href":"https:\/\/www.europesays.com\/fi\/wp-json\/wp\/v2\/categories?post=113857"},{"taxonomy":"post_tag","embeddable":true,"href":"https:\/\/www.europesays.com\/fi\/wp-json\/wp\/v2\/tags?post=113857"}],"curies":[{"name":"wp","href":"https:\/\/api.w.org\/{rel}","templated":true}]}}